{"id":38073,"date":"2026-07-31T10:00:00","date_gmt":"2026-07-31T08:00:00","guid":{"rendered":"https:\/\/euapp01.newsmemory.com\/lamarseillaise\/news\/?p=38073"},"modified":"2026-07-31T10:27:31","modified_gmt":"2026-07-31T08:27:31","slug":"soprano-aznavour-1000-voix-pour-un-double-hommage","status":"publish","type":"post","link":"https:\/\/euapp01.newsmemory.com\/lamarseillaise\/news\/2026\/07\/31\/soprano-aznavour-1000-voix-pour-un-double-hommage\/","title":{"rendered":"Soprano-Aznavour : 1000 voix pour un double hommage"},"content":{"rendered":"<div class=\"paragraph\">\n<p>Le chant choral est en f\u00eate \u00e0 Al\u00e8s \u00e0 l\u2019occasion du traditionnel festival des Fous chantants qui c\u00e9l\u00e8bre, depuis bient\u00f4t 30 ans, un auteur-compositeur francophone auquel 1\u00a0000\u00a0choristes rendent hommage durant deux concerts dans les ar\u00e8nes.<\/p>\n<p>Apr\u00e8s trois mois de r\u00e9p\u00e9titions, ils sont pr\u00eats. Depuis le 25 juillet, chaque soir, les Fous font monter l\u2019ambiance dans les rues de la capitale c\u00e9venole, entre d\u00e9ambulation pour interpr\u00e9ter en avant-premi\u00e8re quelques extraits des concerts, grand bal folk et projection en plein air des grands moments de l\u2019\u00e9dition 2025 d\u00e9di\u00e9e \u00e0 Zazie.<\/p>\n<p>Le temps fort du festival se d\u00e9roulera vendredi 31 juillet et samedi 1<sup>er<\/sup> ao\u00fbt\u00a0: 1\u00a0000\u00a0choristes, 8 chefs de ch\u0153ur et un orchestre en live prendront place dans les ar\u00e8nes pour un double hommage in\u00e9dit \u00e0 Charles Aznavour et Soprano, qui sera pr\u00e9sent pour interpr\u00e9ter plusieurs de ses plus grands succ\u00e8s.<\/p>\n<p><b>\u00ab<\/b><b>\u00a0<\/b><b>Ce projet favorise la transmission<\/b><b>\u00a0<\/b><b>\u00bb<\/b><\/p>\n<p>Un rappeur marseillais \u00e0 la popularit\u00e9 exceptionnelle et l\u2019un des plus grands interpr\u00e8tes de la chanson fran\u00e7aise, d\u00e9c\u00e9d\u00e9 il y a 8\u00a0ans\u00a0: deux g\u00e9n\u00e9rations, deux univers musicaux pour une rencontre pleine d\u2019audace. <i>\u00ab<\/i><i>\u00a0<\/i><i>C\u2019est un challenge. Le concept ce n\u2019est pas de traiter d\u2019un cot\u00e9 Aznavour, de l\u2019autre Soprano, mais de faire fusionner ces deux r\u00e9pertoires exceptionnels<\/i><i>\u00a0<\/i><i>\u00bb, <\/i>d\u00e9taille Fabrice Schwingrouber, directeur artistique des Fous chantants qui a pris, il y a pr\u00e8s de 10 ans, les rennes de la manifestation cr\u00e9\u00e9e par son p\u00e8re en 1998<i>. \u00ab<\/i><i>\u00a0<\/i><i>On conna\u00eet surtout Soprano comme rappeur, mais c\u2019est avant tou<\/i><i>t un chanteur dot\u00e9 d\u2019une voix ph\u00e9nom\u00e9nale, qui a une grande estime pour le travail d\u2019Aznavour. Je trouvais int\u00e9ressant de rassembler ces deux r\u00e9pertoires tr\u00e8s diff\u00e9rents en apparence<\/i><i>\u00a0<\/i><i>\u00bb<\/i>, poursuit-il. <i>\u00ab<\/i><i>\u00a0<\/i><i>Ce projet favorise la transmission<\/i><i>\u00a0<\/i><i>: il fait d\u00e9couvrir des r\u00e9pertoires classiques aux plus jeunes et des univers plus contemporains aux a\u00een\u00e9s.<\/i><i>\u00a0<\/i>\u00bb<i> <\/i><\/p>\n<p>\u00c0 en juger par l\u2019\u00e9tat des r\u00e9servations (il reste encore quelques places, mais l\u2019essentiel a \u00e9t\u00e9 vendu*), le succ\u00e8s sera au rendez-vous. \u00ab<i>\u00a0<\/i><i>\u00c7a va \u00eatre un des plus beaux shows de l\u2019histoire du festival<\/i><i>\u00a0<\/i>\u00bb, promet Fabrice Schwingrouber, heureux de \u00ab<i>\u00a0<\/i><i>faire un peu bouger l<\/i><i>es choses<\/i><i>\u00a0<\/i>\u00bb<i> <\/i>et \u00ab\u00a0<i>de mettre en avant le chant choral en r\u00e9unissant plusieurs publics<\/i><i>\u00a0<\/i><i>\u00bb<\/i>.<\/p>\n<\/p><\/div>\n<div class=\"paragraph\">\n<p><b><span class=\"mln_small-caps_mln\"><\/span><\/b><\/p>\n<p><i>* Billetterie ouvrira sur <a rel=\"nofollow noopener noreferrer\" href=\"https:\/\/www.fouschantants.org\/\" target=\"_blank\">www.fouschantants.org<\/a>, <\/i><\/p>\n<\/p><\/div>\n","protected":false},"excerpt":{"rendered":"Le chant choral est en f&ecirc;te &agrave; Al&egrave;s &agrave; l&rsquo;occasion du traditionnel festival des Fous chantants qui c&eacute;l&egrave;bre, depuis bient&ocirc;t 30 ans, un auteur-compositeur francophone auquel 1&nbsp;000&nbsp;choristes &#8230;","protected":false},"author":1,"featured_media":38074,"comment_status":"open","ping_status":"open","sticky":false,"template":"","format":"standard","meta":{"footnotes":""},"categories":[32],"tags":[663,4699,326,329,238,284],"news-destination":[],"news-source":[475],"is_homepage":[],"ta_other":[],"class_list":["post-38073","post","type-post","status-publish","format-standard","has-post-thumbnail","hentry","category-culture","tag-ales","tag-arenes","tag-chanson","tag-festival","tag-gard","tag-occitanie","news-source-website"],"_links":{"self":[{"href":"https:\/\/euapp01.newsmemory.com\/lamarseillaise\/news\/wp-json\/wp\/v2\/posts\/38073","targetHints":{"allow":["GET"]}}],"collection":[{"href":"https:\/\/euapp01.newsmemory.com\/lamarseillaise\/news\/wp-json\/wp\/v2\/posts"}],"about":[{"href":"https:\/\/euapp01.newsmemory.com\/lamarseillaise\/news\/wp-json\/wp\/v2\/types\/post"}],"author":[{"embeddable":true,"href":"https:\/\/euapp01.newsmemory.com\/lamarseillaise\/news\/wp-json\/wp\/v2\/users\/1"}],"replies":[{"embeddable":true,"href":"https:\/\/euapp01.newsmemory.com\/lamarseillaise\/news\/wp-json\/wp\/v2\/comments?post=38073"}],"version-history":[{"count":1,"href":"https:\/\/euapp01.newsmemory.com\/lamarseillaise\/news\/wp-json\/wp\/v2\/posts\/38073\/revisions"}],"predecessor-version":[{"id":38075,"href":"https:\/\/euapp01.newsmemory.com\/lamarseillaise\/news\/wp-json\/wp\/v2\/posts\/38073\/revisions\/38075"}],"wp:featuredmedia":[{"embeddable":true,"href":"https:\/\/euapp01.newsmemory.com\/lamarseillaise\/news\/wp-json\/wp\/v2\/media\/38074"}],"wp:attachment":[{"href":"https:\/\/euapp01.newsmemory.com\/lamarseillaise\/news\/wp-json\/wp\/v2\/media?parent=38073"}],"wp:term":[{"taxonomy":"category","embeddable":true,"href":"https:\/\/euapp01.newsmemory.com\/lamarseillaise\/news\/wp-json\/wp\/v2\/categories?post=38073"},{"taxonomy":"post_tag","embeddable":true,"href":"https:\/\/euapp01.newsmemory.com\/lamarseillaise\/news\/wp-json\/wp\/v2\/tags?post=38073"},{"taxonomy":"news-destination","embeddable":true,"href":"https:\/\/euapp01.newsmemory.com\/lamarseillaise\/news\/wp-json\/wp\/v2\/news-destination?post=38073"},{"taxonomy":"news-source","embeddable":true,"href":"https:\/\/euapp01.newsmemory.com\/lamarseillaise\/news\/wp-json\/wp\/v2\/news-source?post=38073"},{"taxonomy":"is_homepage","embeddable":true,"href":"https:\/\/euapp01.newsmemory.com\/lamarseillaise\/news\/wp-json\/wp\/v2\/is_homepage?post=38073"},{"taxonomy":"ta_other","embeddable":true,"href":"https:\/\/euapp01.newsmemory.com\/lamarseillaise\/news\/wp-json\/wp\/v2\/ta_other?post=38073"}],"curies":[{"name":"wp","href":"https:\/\/api.w.org\/{rel}","templated":true}]}}