{"id":38070,"date":"2026-07-31T09:46:00","date_gmt":"2026-07-31T07:46:00","guid":{"rendered":"https:\/\/euapp01.newsmemory.com\/lamarseillaise\/news\/?p=38070"},"modified":"2026-08-06T08:35:52","modified_gmt":"2026-08-06T06:35:52","slug":"securite-civile-letat-ne-peut-plus-jouer-avec-le-feu","status":"publish","type":"post","link":"https:\/\/euapp01.newsmemory.com\/lamarseillaise\/news\/2026\/07\/31\/securite-civile-letat-ne-peut-plus-jouer-avec-le-feu\/","title":{"rendered":"S\u00e9curit\u00e9 civile : l\u2019\u00c9tat ne peut plus jouer avec le feu"},"content":{"rendered":"<div class=\"paragraph\">\n<p>Et si c\u2019\u00e9tait ce signal d\u2019alarme qui d\u00e9clenche enfin le passage \u00e0 l\u2019acte\u00a0? Tandis que les incendies, attis\u00e9s par le r\u00e9chauffement climatique, n\u2019ont jamais autant ravag\u00e9 la France, le Ceser vient de faire une proposition qui pourrait faire du bruit. Dans un courrier adress\u00e9 au pr\u00e9sident de la R\u00e9publique, au Premier ministre et au ministre de l\u2019Int\u00e9rieur, le Conseil \u00e9conomique, social et environnemental r\u00e9gional (Ceser) d\u2019Occitanie r\u00e9clame de toute urgence \u00e0 l\u2019\u00c9tat \u00ab\u00a0<i>la cr\u00e9ation d\u2019une fili\u00e8re d\u2019excellence industrielle fran\u00e7aise pour la s\u00e9curit\u00e9 civile<\/i><i>\u00a0<\/i>\u00bb.<\/p>\n<p>Le pr\u00e9sident Jean-Louis Chauzy fixe m\u00eame une deadline au 31 d\u00e9cembre 2026 afin de ne pas subir chaque \u00e9t\u00e9 la m\u00eame catastrophe qui a d\u00e9j\u00e0 co\u00fbt\u00e9 la vie \u00e0 4 pompiers fran\u00e7ais. \u00ab<i>\u00a0<\/i><i>Il n\u2019y a plus de temps \u00e0 perdre <\/i>(&#8230;)<i> La facture 2026 sera tr\u00e8s lourde. Les pompiers comme la population s\u2019\u00e9puisent. Les vies sont en danger<\/i><i>\u00a0<\/i>\u00bb, \u00e9crit-il. Joint par t\u00e9l\u00e9phone, Jean-Louis Chauzy insiste sur la n\u00e9cessit\u00e9 de<i> <\/i>\u00ab<i>\u00a0<\/i><i>ne pas laisser le souffl\u00e9 retomber. Apr\u00e8s il y a aura la pr\u00e9sidentielle, les l\u00e9gislatives&#8230; il y aura toujours quelque chose<\/i><i>\u00a0<\/i>\u00bb. Selon lui, le mod\u00e8le des Canadairs que les Services d\u2019incendie et de secours (Sdis) louent la plupart du temps est obsol\u00e8te.<i> <\/i>\u00ab<i>\u00a0<\/i><i>On ne peut pas attendre 10<\/i><i>\u00a0<\/i><i>ans pour construire un Canadair et 5<\/i><i>\u00a0<\/i><i>ans pour le r\u00e9parer. On a les moyens de faire nous-m\u00eames.<\/i><i>\u00a0<\/i>\u00bb Son id\u00e9e, c\u2019est de s\u2019appuyer sur le savoir-faire de l\u2019Occitanie (et d\u2019autres r\u00e9gions comme Sud Paca ou Nouvelle-Aquitaine) pour construire ici les avions dont les soldats du feu ont besoin. \u00ab<i>\u00a0<\/i><i>On a le premier p\u00f4le a\u00e9ronautique au monde, des ing\u00e9nieurs et des chercheurs tr\u00e8s comp\u00e9tents<\/i><i>\u00a0<\/i>\u00bb, fait valoir Jean-Louis Chauzy. Son v\u0153u n\u2019est pas vraiment utopique puisque mardi 28 juillet, il a visit\u00e9 la soci\u00e9t\u00e9 \u00ab\u00a0Positive Aviation\u00a0\u00bb \u00e0 Blagnac qui s\u2019appr\u00eate \u00e0 commercialiser en octobre le premier avion Ecopeur amphibie FF72.<\/p>\n<\/p><\/div>\n<div class=\"intext\"> Une flotte a\u00e9rienne fam\u00e9lique et obsol\u00e8te\n              <\/div>\n<div class=\"paragraph\">\n<p>Le pr\u00e9sident du Ceser entend ainsi convaincre l\u2019\u00c9tat, les collectivit\u00e9s, les industriels et les financiers (BPI France, banques&#8230;) d\u2019unir leurs efforts pour \u00ab<i>\u00a0<\/i><i>faire \u00e9merger une fili\u00e8re d\u2019excellence fran\u00e7aise avec une coop\u00e9ration europ\u00e9enne<\/i><i>\u00a0<\/i>\u00bb. Une mani\u00e8re \u00e9galement de renforcer la souverainet\u00e9 du pays et de cr\u00e9er des emplois au moment o\u00f9 plusieurs industries vacillent.<\/p>\n<p>Les feux \u00e0 r\u00e9p\u00e9tition subis depuis plusieurs \u00e9t\u00e9s sont le signal que \u00ab<i>\u00a0<\/i><i>la France doit revoir en profondeur sa strat\u00e9gie de s\u00e9curit\u00e9 civile<\/i><i>\u00a0<\/i>\u00bb. C\u2019est le constat dress\u00e9 par les d\u00e9put\u00e9s Sophie Pantel (PS) et Damien Maudet (LFI), coauteurs d\u2019un rapport parlementaire consacr\u00e9 aux moyens a\u00e9riens de la s\u00e9curit\u00e9 civile. La question des moyens, en premier lieu ceux allou\u00e9s par l\u2019\u00c9tat, responsable de la s\u00e9curit\u00e9, est donc essentielle. Au-del\u00e0, ce document conseille de \u00ab<i>\u00a0<\/i><i>d\u00e9velopper une culture du risque au sein de la population<\/i><i>\u00a0<\/i>\u00bb avec des r\u00e9servistes dans les communes.<\/p>\n<p>Il faut dire que le syst\u00e8me actuel tient beaucoup au volontariat. Et souffre cruellement de moyens d\u00e9pass\u00e9s et insuffisants. \u00ab<i>\u00a0<\/i><i>Nous sommes au bout de ce syst\u00e8me, que ce soit en termes de moyens humains ou mat\u00e9riels<\/i><i>\u00a0<\/i>\u00bb, affirme Mathieu Manetti, secr\u00e9taire d\u00e9partemental du Sdis 30. Mardi 28\u00a0juillet, le syndicat des sapeurs pompiers volontaires de France (SSPVF) a lanc\u00e9 un appel national \u00e0 la mobilisation. Il vise \u00e0 recenser les personnes qui souhaitent \u00ab<i>\u00a0<\/i><i>proposer leurs comp\u00e9tences et leur disponibilit\u00e9 pour contribuer, dans un cadre organis\u00e9 et s\u00e9curis\u00e9, \u00e0 l\u2019effort collectif<\/i><i>\u00a0<\/i>\u00bb.<\/p>\n<\/p><\/div>\n<div class=\"intext\"> \u00ab\u00a0Pour une planification<br \/>\n               <br \/>\u00e0 long terme\u00a0\u00bb\n              <\/div>\n<div class=\"paragraph\">\n<p>Comment de ne pas approuver la d\u00e9marche quand on conna\u00eet le manque de bras. Sans parler de l\u2019\u00e9tat de la flotte a\u00e9rienne fran\u00e7aise : 20 bombardiers d\u2019eau soit un de moins que dans les ann\u00e9es 1980, 12 Canadairs et 8 Dash. Fam\u00e9lique pour un pays de 69\u00a0millions d\u2019habitants o\u00f9 les r\u00e9gions m\u00e9diterran\u00e9ennes comme l\u2019Occitanie sont particuli\u00e8rement expos\u00e9es aux al\u00e9as climatiques. Pour le d\u00e9put\u00e9 LFI de l\u2019H\u00e9rault, Sylvain Carri\u00e8re, le constat est sans appel\u00a0: \u00ab\u00a0<i>Les moyens n\u2019ont pas \u00e9volu\u00e9 au rythme des besoins.<\/i><i>\u00a0<\/i>\u00bb Et ce en raison d\u2019un \u00ab<i>\u00a0<\/i><i>manque d\u2019anticipation<\/i><i>\u00a0<\/i>\u00bb et de \u00ab<i>\u00a0<\/i><i>volont\u00e9 politique<\/i><i>\u00a0<\/i>\u00bb. Emmanuel Macron n\u2019a pas seulement enterr\u00e9 la convention citoyenne sur le climat, il n\u2019a pas livr\u00e9 la flotte (16 Canadairs) promise en 2022. Pour les communistes de B\u00e9ziers,<i> <\/i>\u00ab<i>\u00a0<\/i><i>au-del\u00e0 de l\u2019\u00e9motion, il nous faut aussi comprendre et agir enfin sur la dur\u00e9e. En 2022, 20<\/i><i>\u00a0<\/i><i>000<\/i><i>\u00a0<\/i><i>hectares ont br\u00fbl\u00e9 en Gascogne. Macron avait promis des Canadairs, des coupe-feux, de nouveaux moyens de lutte, une replantation foresti\u00e8re r\u00e9siliente. Rien ou presque n\u2019a \u00e9t\u00e9 fait. Les repr\u00e9sentants des pompiers et la population le d\u00e9noncent<\/i><i>\u00a0<\/i>\u00bb,<i> <\/i>souligne Nicolas Cossange \u00e9lu d\u2019opposition de la commune. Et de pointer la logique de rentabilit\u00e9 de la for\u00eat gasgonne. \u00ab<i>\u00a0<\/i><i>Sur notre territoire, bien que la garrigue soit un \u00e9cosyst\u00e8me diff\u00e9rend, les m\u00eames logiques de rentabilit\u00e9 nous exposent aux risques d\u2019incendies<\/i><i>\u00a0<\/i><i>\u00bb<\/i> pr\u00e9vient-il. Il faut selon lui et son parti, \u00ab<i>\u00a0<\/i><i>sortir de cette logique \u00e9conomique<\/i><i>\u00a0<\/i>\u00bb pour \u00ab<i>\u00a0<\/i><i>aller vers une planification \u00e0 long terme des actions de la collectivit\u00e9 et des particuliers. C\u2019est n\u00e9cessaire pour donner la priorit\u00e9 aux solutions b\u00e9n\u00e9fiques \u00e0 tous face \u00e0 la r\u00e9alisation du profit imm\u00e9diat<\/i><i>\u00a0<\/i>\u00bb. Un changement soci\u00e9tal en fait pour faire face au d\u00e9r\u00e8glement climatique.<\/p>\n<\/p><\/div>\n","protected":false},"excerpt":{"rendered":"Et si c&rsquo;&eacute;tait ce signal d&rsquo;alarme qui d&eacute;clenche enfin le passage &agrave; l&rsquo;acte&nbsp;? Tandis que les incendies, attis&eacute;s par le r&eacute;chauffement climatique, n&rsquo;ont jamais autant ravag&eacute; la &#8230;","protected":false},"author":1,"featured_media":38071,"comment_status":"open","ping_status":"open","sticky":false,"template":"","format":"standard","meta":{"footnotes":""},"categories":[3926,3925,20],"tags":[314,879,4135,575,1673,238,239,1396,108,6197,1188,284,320,873,5879,1613],"news-destination":[3944],"news-source":[475],"is_homepage":[],"ta_other":[],"class_list":["post-38070","post","type-post","status-publish","format-standard","has-post-thumbnail","hentry","category-accueil-merge","category-accueil-third","category-societe","tag-canadair","tag-carole-delga","tag-ceser","tag-emmanuel-macron","tag-feux","tag-gard","tag-herault","tag-incendies","tag-investissement","tag-jean-louis-chauzy","tag-moyens","tag-occitanie","tag-pompiers","tag-region-occitanie","tag-sdis","tag-securite-civile","news-destination-homepage","news-source-website"],"_links":{"self":[{"href":"https:\/\/euapp01.newsmemory.com\/lamarseillaise\/news\/wp-json\/wp\/v2\/posts\/38070","targetHints":{"allow":["GET"]}}],"collection":[{"href":"https:\/\/euapp01.newsmemory.com\/lamarseillaise\/news\/wp-json\/wp\/v2\/posts"}],"about":[{"href":"https:\/\/euapp01.newsmemory.com\/lamarseillaise\/news\/wp-json\/wp\/v2\/types\/post"}],"author":[{"embeddable":true,"href":"https:\/\/euapp01.newsmemory.com\/lamarseillaise\/news\/wp-json\/wp\/v2\/users\/1"}],"replies":[{"embeddable":true,"href":"https:\/\/euapp01.newsmemory.com\/lamarseillaise\/news\/wp-json\/wp\/v2\/comments?post=38070"}],"version-history":[{"count":1,"href":"https:\/\/euapp01.newsmemory.com\/lamarseillaise\/news\/wp-json\/wp\/v2\/posts\/38070\/revisions"}],"predecessor-version":[{"id":38072,"href":"https:\/\/euapp01.newsmemory.com\/lamarseillaise\/news\/wp-json\/wp\/v2\/posts\/38070\/revisions\/38072"}],"wp:featuredmedia":[{"embeddable":true,"href":"https:\/\/euapp01.newsmemory.com\/lamarseillaise\/news\/wp-json\/wp\/v2\/media\/38071"}],"wp:attachment":[{"href":"https:\/\/euapp01.newsmemory.com\/lamarseillaise\/news\/wp-json\/wp\/v2\/media?parent=38070"}],"wp:term":[{"taxonomy":"category","embeddable":true,"href":"https:\/\/euapp01.newsmemory.com\/lamarseillaise\/news\/wp-json\/wp\/v2\/categories?post=38070"},{"taxonomy":"post_tag","embeddable":true,"href":"https:\/\/euapp01.newsmemory.com\/lamarseillaise\/news\/wp-json\/wp\/v2\/tags?post=38070"},{"taxonomy":"news-destination","embeddable":true,"href":"https:\/\/euapp01.newsmemory.com\/lamarseillaise\/news\/wp-json\/wp\/v2\/news-destination?post=38070"},{"taxonomy":"news-source","embeddable":true,"href":"https:\/\/euapp01.newsmemory.com\/lamarseillaise\/news\/wp-json\/wp\/v2\/news-source?post=38070"},{"taxonomy":"is_homepage","embeddable":true,"href":"https:\/\/euapp01.newsmemory.com\/lamarseillaise\/news\/wp-json\/wp\/v2\/is_homepage?post=38070"},{"taxonomy":"ta_other","embeddable":true,"href":"https:\/\/euapp01.newsmemory.com\/lamarseillaise\/news\/wp-json\/wp\/v2\/ta_other?post=38070"}],"curies":[{"name":"wp","href":"https:\/\/api.w.org\/{rel}","templated":true}]}}