{"id":38067,"date":"2026-07-31T09:54:00","date_gmt":"2026-07-31T07:54:00","guid":{"rendered":"https:\/\/euapp01.newsmemory.com\/lamarseillaise\/news\/?p=38067"},"modified":"2026-08-06T09:28:01","modified_gmt":"2026-08-06T07:28:01","slug":"entretien-colonel-sebastien-paletti-le-sdis-30-est-organise-pour-faire-face-aux-risques","status":"publish","type":"post","link":"https:\/\/euapp01.newsmemory.com\/lamarseillaise\/news\/2026\/07\/31\/entretien-colonel-sebastien-paletti-le-sdis-30-est-organise-pour-faire-face-aux-risques\/","title":{"rendered":"[Entretien] colonel S\u00e9bastien Paletti : \u00ab&nbsp;Le Sdis 30 est organis\u00e9 pour faire face aux risques&nbsp;\u00bb"},"content":{"rendered":"<div class=\"paragraph\">\n<p>Le d\u00e9partement du Gard est particuli\u00e8rement expos\u00e9 aux risques de feux de for\u00eat. Le colonel S\u00e9bastien Paletti revient sur la situation actuelle et les \u00e9volutions \u00e0 pr\u00e9voir pour faire face \u00e0 la situation.<\/p>\n<p><b>La Marseillaise<\/b><b>\u00a0<\/b><b>:<\/b> <b>Vous \u00eates n\u00e9 dans le Gard et vous y avez d\u00e9j\u00e0 effectu\u00e9 une partie importante de votre carri\u00e8re. Que repr\u00e9sente pour vous ce retour \u00e0 la t\u00eate du Sdis 30<\/b><b>\u00a0<\/b><b>? <\/b><\/p>\n<p>S\u00e9bastien Paletti\u00a0: C\u2019est beaucoup d\u2019honneur, beaucoup de sens et beaucoup de plaisir puisque, comme vous le dites, je suis gardois de naissance et d\u2019origine. J\u2019avais commenc\u00e9 dans un premier temps mon parcours professionnel dans le Rh\u00f4ne et j\u2019ai eu l\u2019opportunit\u00e9 en 2002 de revenir dans le d\u00e9partement du Gard au sein duquel j\u2019ai servi pendant 16\u00a0ans. C\u2019est un territoire que je connais. Pendant 8 ans, j\u2019ai \u00e9t\u00e9 amen\u00e9 \u00e0 occuper d\u2019autres fonctions\u00a0: j\u2019ai \u00e9t\u00e9 directeur adjoint du Sdis de Haute-Savoie et j\u2019ai occup\u00e9 deux fonctions au sein du minist\u00e8re de l\u2019Int\u00e9rieur, une de chef de bureau au sein d\u2019un des services de la direction g\u00e9n\u00e9rale de la s\u00e9curit\u00e9 civile et puis derni\u00e8rement conseiller s\u00e9curit\u00e9 civile du minist\u00e8re de l\u2019Int\u00e9rieur. Le fait de devenir directeur d\u00e9partement de Sdis \u00e9tait un r\u00eave et le faire dans le d\u00e9partement qui m\u2019est sans doute le plus cher, c\u2019est tr\u00e8s fort en termes d\u2019engagement et de responsabilit\u00e9.<\/p>\n<p><b>Vous revenez dans un d\u00e9partement particuli\u00e8rement expos\u00e9 aux risques naturels, notamment les incendies de for\u00eat. Quel diagnostic vous faites aujourd\u2019hui de la situation du Gard face \u00e0 ces nouveaux risques<\/b><b>\u00a0<\/b><b>? <\/b><\/p>\n<p>S.P.\u00a0: Le d\u00e9partement du Gard est un des d\u00e9partements de la fa\u00e7ade m\u00e9diterran\u00e9enne les plus expos\u00e9s aux risques feux de for\u00eat. Le d\u00e9partement a construit un partenariat interservices depuis de nombreuses ann\u00e9es, pilot\u00e9 par le pr\u00e9fet du Gard, en lien avec le d\u00e9partement, la direction d\u00e9partementale des territoires et de la mer, l\u2019ONF, la gendarmerie nationale. Ces partenaires travaillent de concert avec les collectivit\u00e9s locales, en particulier les maires ruraux, pour continuer \u00e0 pr\u00e9parer le territoire \u00e0 l\u2019\u00e9volution du risque, \u00e0 travers la d\u00e9fense de la for\u00eat contre l\u2019incendie, l\u2019adaptation des massifs. J\u2019ai constat\u00e9 que ce partenariat \u00e9tait fort et nous permettait de se pr\u00e9parer au mieux \u00e0 l\u2019\u00e9volution du risque. Concernant le Sdis en tant que tel, il a au cours des derni\u00e8res ann\u00e9es, du fait des investissements, de la gouvernance et de l\u2019appui du d\u00e9partement du Gard, significativement renforcer ses moyens en investissant, en louant deux h\u00e9licopt\u00e8res bombardiers d\u2019eau et en renfor\u00e7ant les effectifs de permanence d\u00e9di\u00e9s \u00e0 la lutte contre les feux de for\u00eat l\u2019\u00e9t\u00e9. Donc le Sdis 30 est organis\u00e9 pour faire face, avec beaucoup d\u2019humilit\u00e9, \u00e0 ce risque-l\u00e0 et va devoir continuer \u00e0 s\u2019adapter.<\/p>\n<p><b>Les sapeurs-pompiers alertent r\u00e9guli\u00e8rement sur la tension entre l\u2019augmentation des interventions et les moyens disponibles. Vous pensez qu\u2019aujourd\u2019hui le Sdis 30 dispose des ressources n\u00e9cessaires pour r\u00e9pondre aux besoins du territoire<\/b><b>\u00a0<\/b><b>? <\/b><\/p>\n<p>S.P.\u00a0: Aujourd\u2019hui le Sdis r\u00e9pond aux besoins du territoire et a su s\u2019adapter, mais il va devoir continuer \u00e0 s\u2019adapter. Le Sdis c\u2019est 2\u00a0700\u00a0sapeurs-pompiers dont 730 pompiers professionnels et un peu plus de 2\u00a0000\u00a0volontaires qui sont mobilis\u00e9s au quotidien. En mati\u00e8re de feux de for\u00eat, il est important de noter que depuis le d\u00e9but de l\u2019\u00e9t\u00e9, nous avons lutt\u00e9 contre plus de 500 feux de v\u00e9g\u00e9tation, ce qui correspond \u00e0 environ une dizaine de feux de v\u00e9g\u00e9tation par jour et ces feux ont d\u00e9truit \u00e0 cette date 836 hectares de v\u00e9g\u00e9tation. Nous avons d\u00fb faire face, en raison de risques importants, \u00e0 plusieurs jours o\u00f9 nous avons lutt\u00e9 contre plus de 30 feux de v\u00e9g\u00e9tation. Une des forces de la strat\u00e9gie nationale de lutte contre les feux de for\u00eat est fond\u00e9e sur l\u2019attaque des feux naissants, plus de 90% des feux de v\u00e9g\u00e9tation contre lesquels nous luttons parcourent moins d\u2019un hectare et sont trait\u00e9s avec un nombre minimum de moyens, parce que nous pr\u00e9-positionnons des moyens au plus pr\u00e8s du risque, nous avons des h\u00e9licopt\u00e8res bombardiers d\u2019eau qui sont engag\u00e9s au plus t\u00f4t. Tout \u00e7a correspond \u00e0 la mise en \u0153uvre de la strat\u00e9gie nationale qui, malgr\u00e9 le contexte de la saison feux de for\u00eat que nous vivons, le niveau de risque et la s\u00e9cheresse historique, porte ses fruits et doit \u00eatre consolid\u00e9e.<\/p>\n<p><b>Au vu de l\u2019\u00e9volution des feux de for\u00eat, de leur fr\u00e9quence et de leur ardeur, pensez-vous que le Gard va devoir adapter ce mod\u00e8le de lutte contre les incendies<\/b><b>\u00a0<\/b><b>? <\/b><\/p>\n<p>S.P.\u00a0: Je pense que notre mod\u00e8le de lutte contre les feux de for\u00eat, qui est donc fond\u00e9 sur l\u2019attaque du feu naissant, la solidarit\u00e9 interd\u00e9partementale, la compl\u00e9mentarit\u00e9 entre les moyens a\u00e9riens, les moyens terrestres, la compl\u00e9mentarit\u00e9 entre les moyens nationaux et les moyens locaux, a fait sens et est un mod\u00e8le qui fonctionne bien. Au-del\u00e0 des moyens, la vraie question, c\u2019est l\u2019am\u00e9nagement du territoire\u00a0: nous devons am\u00e9nager nos territoires et les rendre plus r\u00e9silients aux risques de for\u00eat \u00e0 travers des politiques de d\u00e9fense de la for\u00eat contre l\u2019incendie, \u00e0 travers des moyens pr\u00e9ventifs qui viseront \u00e0 mieux prot\u00e9ger le territoire, \u00e0 mieux prot\u00e9ger les citoyens et \u00e0 faciliter l\u2019action des secours. C\u2019est \u00e7a le vrai enjeu des prochaines ann\u00e9es.<\/p>\n<p><b>Le volontariat semble \u00eatre une question centrale pour de nombreux Sdis. Comment se porte le Sdis 30 \u00e0 ce niveau-l\u00e0<\/b><b>\u00a0<\/b><b>?<\/b><\/p>\n<p>S.P.\u00a0: Le volontariat est capital pour notre r\u00e9ponse op\u00e9rationnelle, en compl\u00e9mentarit\u00e9 avec nos effectifs sapeurs-pompiers professionnels. Notre objectif est de faire en sorte que les engagements citoyens de nos sapeurs-pompiers volontaires soient le plus \u00e9quilibr\u00e9s possible, pour leur permettre d\u2019\u00eatre engag\u00e9s le plus longtemps possible. Le sujet de la fid\u00e9lisation, c\u2019est le sujet de l\u2019assouplissement, de tout ce qu\u2019on peut mettre en \u0153uvre de fa\u00e7on \u00e0 ce que les pompiers volontaires souhaitent et soient en mesure de s\u2019engager le plus longtemps possible. Toutes nos ressources sont indispensables aujourd\u2019hui. Quand par exemple, sur le feu en Gironde, pr\u00e8s de 3\u00a0000\u00a0pompiers sont engag\u00e9s, cette capacit\u00e9 \u00e0 mobiliser les ressources est li\u00e9e \u00e0 une compl\u00e9mentarit\u00e9 entre les professionnels et les volontaires. On travaille donc avec les entreprises et avec les collectivit\u00e9s pour faciliter les conventions, pour faciliter la mise \u00e0 disposition. Ici comme ailleurs, nous avons besoin de nos pompiers volontaires pour r\u00e9pondre aux attentes de la population.<\/p>\n<\/p><\/div>\n","protected":false},"excerpt":{"rendered":"Le d&eacute;partement du Gard est particuli&egrave;rement expos&eacute; aux risques de feux de for&ecirc;t. Le colonel S&eacute;bastien Paletti revient sur la situation actuelle et les &eacute;volutions &agrave; pr&eacute;voir pour faire face &#8230;","protected":false},"author":1,"featured_media":38068,"comment_status":"open","ping_status":"open","sticky":false,"template":"","format":"standard","meta":{"footnotes":""},"categories":[3926,3925,20],"tags":[343,4015,238,1396,284,320,1911,1674,5879,137],"news-destination":[3944],"news-source":[475],"is_homepage":[],"ta_other":[],"class_list":["post-38067","post","type-post","status-publish","format-standard","has-post-thumbnail","hentry","category-accueil-merge","category-accueil-third","category-societe","tag-entretien","tag-feux-de-foret","tag-gard","tag-incendies","tag-occitanie","tag-pompiers","tag-risques","tag-sapeurs-pompiers","tag-sdis","tag-territoire","news-destination-homepage","news-source-website"],"_links":{"self":[{"href":"https:\/\/euapp01.newsmemory.com\/lamarseillaise\/news\/wp-json\/wp\/v2\/posts\/38067","targetHints":{"allow":["GET"]}}],"collection":[{"href":"https:\/\/euapp01.newsmemory.com\/lamarseillaise\/news\/wp-json\/wp\/v2\/posts"}],"about":[{"href":"https:\/\/euapp01.newsmemory.com\/lamarseillaise\/news\/wp-json\/wp\/v2\/types\/post"}],"author":[{"embeddable":true,"href":"https:\/\/euapp01.newsmemory.com\/lamarseillaise\/news\/wp-json\/wp\/v2\/users\/1"}],"replies":[{"embeddable":true,"href":"https:\/\/euapp01.newsmemory.com\/lamarseillaise\/news\/wp-json\/wp\/v2\/comments?post=38067"}],"version-history":[{"count":1,"href":"https:\/\/euapp01.newsmemory.com\/lamarseillaise\/news\/wp-json\/wp\/v2\/posts\/38067\/revisions"}],"predecessor-version":[{"id":38069,"href":"https:\/\/euapp01.newsmemory.com\/lamarseillaise\/news\/wp-json\/wp\/v2\/posts\/38067\/revisions\/38069"}],"wp:featuredmedia":[{"embeddable":true,"href":"https:\/\/euapp01.newsmemory.com\/lamarseillaise\/news\/wp-json\/wp\/v2\/media\/38068"}],"wp:attachment":[{"href":"https:\/\/euapp01.newsmemory.com\/lamarseillaise\/news\/wp-json\/wp\/v2\/media?parent=38067"}],"wp:term":[{"taxonomy":"category","embeddable":true,"href":"https:\/\/euapp01.newsmemory.com\/lamarseillaise\/news\/wp-json\/wp\/v2\/categories?post=38067"},{"taxonomy":"post_tag","embeddable":true,"href":"https:\/\/euapp01.newsmemory.com\/lamarseillaise\/news\/wp-json\/wp\/v2\/tags?post=38067"},{"taxonomy":"news-destination","embeddable":true,"href":"https:\/\/euapp01.newsmemory.com\/lamarseillaise\/news\/wp-json\/wp\/v2\/news-destination?post=38067"},{"taxonomy":"news-source","embeddable":true,"href":"https:\/\/euapp01.newsmemory.com\/lamarseillaise\/news\/wp-json\/wp\/v2\/news-source?post=38067"},{"taxonomy":"is_homepage","embeddable":true,"href":"https:\/\/euapp01.newsmemory.com\/lamarseillaise\/news\/wp-json\/wp\/v2\/is_homepage?post=38067"},{"taxonomy":"ta_other","embeddable":true,"href":"https:\/\/euapp01.newsmemory.com\/lamarseillaise\/news\/wp-json\/wp\/v2\/ta_other?post=38067"}],"curies":[{"name":"wp","href":"https:\/\/api.w.org\/{rel}","templated":true}]}}