{"id":38064,"date":"2026-07-31T09:56:00","date_gmt":"2026-07-31T07:56:00","guid":{"rendered":"https:\/\/euapp01.newsmemory.com\/lamarseillaise\/news\/?p=38064"},"modified":"2026-08-06T09:28:01","modified_gmt":"2026-08-06T07:28:01","slug":"le-pcf-setois-celebre-les-90-ans-du-front-populaire","status":"publish","type":"post","link":"https:\/\/euapp01.newsmemory.com\/lamarseillaise\/news\/2026\/07\/31\/le-pcf-setois-celebre-les-90-ans-du-front-populaire\/","title":{"rendered":"Le PCF s\u00e9tois c\u00e9l\u00e8bre les 90 ans du Front populaire"},"content":{"rendered":"<div class=\"paragraph\">\n<p>\u00ab <i>U<\/i><i>n anniversaire qui r\u00e9sonne avec les combats sociaux et d\u00e9mocratiques d\u2019hier comme d\u2019aujourd\u2019hui<\/i>\u00a0\u00bb, soulignent les organisateurs de cette f\u00eate annuelle de la section s\u00e9toise du PCF.<\/p>\n<p>Le d\u00e9bat politique ouvrira la soir\u00e9e autour de l\u2019h\u00e9ritage du Front populaire et de son actualit\u00e9. Parmi les invit\u00e9s figurent Vincent Bouget, maire PCF de N\u00eemes, et Rapha\u00eblle Primet, copr\u00e9sidente du groupe communiste au Conseil de Paris, qui t\u00e9moignera notamment de sa participation \u00e0 la Flottille pour Gaza.<\/p>\n<p>Pour Vincent Bouget, cet anniversaire intervient dans un contexte qui appelle \u00e0 regarder l\u2019Histoire sans c\u00e9der aux raccourcis. \u00ab\u00a0<i>Il faut faire attention avec les comparaisons entre les moments de l\u2019Histoire, parce que forc\u00e9ment tout change. On n\u2019est jamais sur les m\u00eames choses. Pour autant, effectivement, on peut se dire que les ann\u00e9es 30, par un certain nombre d\u2019aspects, notamment les crises qui peuvent exister, les imp\u00e9rialismes \u00e0 l\u2019\u00e9chelle de la plan\u00e8te et la mont\u00e9e de courants d\u2019extr\u00eame droite qui pr\u00f4nent la recherche d\u2019une identit\u00e9 renferm\u00e9e sur elle-m\u00eame, les divisions, une forme d\u2019autoritarisme, qui tournent le dos \u00e0 l\u2019esprit des Lumi\u00e8res, tout \u00e7a fait \u00e9cho \u00e0 la situation qu\u2019on a actuellement. Et sans doute que l\u2019anniversaire du Front populaire, les 90<\/i><i>\u00a0<\/i><i>ans, vient rappeler le danger, mais aussi les opportunit\u00e9s, et ce que le Front populaire a marqu\u00e9 dans la m\u00e9moire collective.<\/i>\u00a0\u00bb<\/p>\n<p>Au-del\u00e0 de son contexte historique, Vincent Bouget souligne l\u2019h\u00e9ritage social laiss\u00e9 par le gouvernement de 1936, des avanc\u00e9es qui, pr\u00e8s d\u2019un si\u00e8cle plus tard, demeurent des r\u00e9f\u00e9rences dans les combats sociaux. \u00ab\u00a0<i>Le fait m\u00eame de poser la reconnaissance des droits syndicaux, la r\u00e9duction du temps de travail, je pense aussi \u00e0 la possibilit\u00e9 pour tous d\u2019avoir un temps hors du travail pour vivre, \u00e7a, ce sont \u00e9videmment des acquis fondamentaux qui marquent une rupture avec ce qui se faisait avant<\/i>.\u00a0\u00bb Des conqu\u00eates qui, selon lui, continuent de structurer notre mod\u00e8le social.<\/p>\n<\/p><\/div>\n<div class=\"intext\"> Une f\u00eate fid\u00e8le<br \/>\n               <br \/>\u00e0 l\u2019esprit populaire\n              <\/div>\n<div class=\"paragraph\">\n<p>La soir\u00e9e entend aussi renouer avec l\u2019esprit des f\u00eates populaires qui jalonnent l\u2019histoire du mouvement communiste. \u00ab\u00a0<i>Je pense que c\u2019est peut-\u00eatre l\u2019esprit du Parti communiste, o\u00f9 il y a \u00e0 la fois des repas partag\u00e9s, du d\u00e9bat politique et de la culture. Oui, c\u2019est g\u00e9n\u00e9ralement ce qu\u2019on aime bien m\u00e9langer. C\u2019est le mod\u00e8le de la F\u00eate de l\u2019Humanit\u00e9 d\u2019ailleurs, \u00e9videmment toutes proportions gard\u00e9es.<\/i>\u00a0\u00bb<\/p>\n<p>Une dimension historique qui, selon Vincent Bouget, d\u00e9passe les seules mesures sociales adopt\u00e9es en 1936. \u00ab\u00a0<i>C\u2019est aussi la consid\u00e9ration qui a \u00e9t\u00e9 donn\u00e9e \u00e0 tous, et notamment aux ouvriers, \u00e0 ceux qui ne l\u2019avaient pas et qui \u00e9taient consid\u00e9r\u00e9s comme des gens avec moins de droits, moins de consid\u00e9ration<\/i><i>\u00a0<\/i>\u00bb, estime-t-il. Une m\u00e9moire qui reste, selon lui, particuli\u00e8rement actuelle alors que les d\u00e9bats sur le travail, les droits sociaux et la place de chacun dans la soci\u00e9t\u00e9 demeurent au c\u0153ur des pr\u00e9occupations.<\/p>\n<p>\u00c0 S\u00e8te, cette c\u00e9l\u00e9bration prendra donc la forme d\u2019un rendez-vous \u00e0 la fois politique et festif, dans la continuit\u00e9 d\u2019une tradition qui dure depuis 57 ans. Des rassemblements qui permettent de faire vivre une certaine conception de la politique, o\u00f9 la r\u00e9flexion collective c\u00f4toie la convivialit\u00e9 et la culture. Une mani\u00e8re \u00e9galement de rappeler, \u00e0 travers l\u2019histoire du Front populaire, que les conqu\u00eates sociales sont le fruit de mobilisations collectives.<\/p>\n<p>Apr\u00e8s le d\u00e9bat, les participants pourront partager un ap\u00e9ro-tapas, une sardinade et une brasucade avant de se retrouver autour d\u2019un bal populaire. La section s\u00e9toise du PCF invite les habitants \u00e0 venir partager \u00ab\u00a0<i>une soir\u00e9e festive, populaire et engag\u00e9e, fid\u00e8le \u00e0 l\u2019esprit de fraternit\u00e9 qui anime cette f\u00eate depuis cinquante-sept ans<\/i>\u00a0\u00bb.<\/p>\n<\/p><\/div>\n","protected":false},"excerpt":{"rendered":"&laquo; Un anniversaire qui r&eacute;sonne avec les combats sociaux et d&eacute;mocratiques d&rsquo;hier comme d&rsquo;aujourd&rsquo;hui&nbsp;&raquo;, soulignent les organisateurs de cette f&ecirc;te annuelle de la section s&eacute;toise du PCF. Le &#8230;","protected":false},"author":1,"featured_media":38065,"comment_status":"open","ping_status":"open","sticky":false,"template":"","format":"standard","meta":{"footnotes":""},"categories":[3926,3925,330],"tags":[294,35,3111,239,284,250,191,429,2418],"news-destination":[3944],"news-source":[475],"is_homepage":[],"ta_other":[],"class_list":["post-38064","post","type-post","status-publish","format-standard","has-post-thumbnail","hentry","category-accueil-merge","category-accueil-third","category-politique","tag-294","tag-culture","tag-front-populaire","tag-herault","tag-occitanie","tag-pcf","tag-politique","tag-sete","tag-vincent-bouget","news-destination-homepage","news-source-website"],"_links":{"self":[{"href":"https:\/\/euapp01.newsmemory.com\/lamarseillaise\/news\/wp-json\/wp\/v2\/posts\/38064","targetHints":{"allow":["GET"]}}],"collection":[{"href":"https:\/\/euapp01.newsmemory.com\/lamarseillaise\/news\/wp-json\/wp\/v2\/posts"}],"about":[{"href":"https:\/\/euapp01.newsmemory.com\/lamarseillaise\/news\/wp-json\/wp\/v2\/types\/post"}],"author":[{"embeddable":true,"href":"https:\/\/euapp01.newsmemory.com\/lamarseillaise\/news\/wp-json\/wp\/v2\/users\/1"}],"replies":[{"embeddable":true,"href":"https:\/\/euapp01.newsmemory.com\/lamarseillaise\/news\/wp-json\/wp\/v2\/comments?post=38064"}],"version-history":[{"count":1,"href":"https:\/\/euapp01.newsmemory.com\/lamarseillaise\/news\/wp-json\/wp\/v2\/posts\/38064\/revisions"}],"predecessor-version":[{"id":38066,"href":"https:\/\/euapp01.newsmemory.com\/lamarseillaise\/news\/wp-json\/wp\/v2\/posts\/38064\/revisions\/38066"}],"wp:featuredmedia":[{"embeddable":true,"href":"https:\/\/euapp01.newsmemory.com\/lamarseillaise\/news\/wp-json\/wp\/v2\/media\/38065"}],"wp:attachment":[{"href":"https:\/\/euapp01.newsmemory.com\/lamarseillaise\/news\/wp-json\/wp\/v2\/media?parent=38064"}],"wp:term":[{"taxonomy":"category","embeddable":true,"href":"https:\/\/euapp01.newsmemory.com\/lamarseillaise\/news\/wp-json\/wp\/v2\/categories?post=38064"},{"taxonomy":"post_tag","embeddable":true,"href":"https:\/\/euapp01.newsmemory.com\/lamarseillaise\/news\/wp-json\/wp\/v2\/tags?post=38064"},{"taxonomy":"news-destination","embeddable":true,"href":"https:\/\/euapp01.newsmemory.com\/lamarseillaise\/news\/wp-json\/wp\/v2\/news-destination?post=38064"},{"taxonomy":"news-source","embeddable":true,"href":"https:\/\/euapp01.newsmemory.com\/lamarseillaise\/news\/wp-json\/wp\/v2\/news-source?post=38064"},{"taxonomy":"is_homepage","embeddable":true,"href":"https:\/\/euapp01.newsmemory.com\/lamarseillaise\/news\/wp-json\/wp\/v2\/is_homepage?post=38064"},{"taxonomy":"ta_other","embeddable":true,"href":"https:\/\/euapp01.newsmemory.com\/lamarseillaise\/news\/wp-json\/wp\/v2\/ta_other?post=38064"}],"curies":[{"name":"wp","href":"https:\/\/api.w.org\/{rel}","templated":true}]}}