{"id":38058,"date":"2026-07-31T09:44:00","date_gmt":"2026-07-31T07:44:00","guid":{"rendered":"https:\/\/euapp01.newsmemory.com\/lamarseillaise\/news\/?p=38058"},"modified":"2026-07-31T10:11:05","modified_gmt":"2026-07-31T08:11:05","slug":"cest-lete-salon-du-livre-a-riez","status":"publish","type":"post","link":"https:\/\/euapp01.newsmemory.com\/lamarseillaise\/news\/2026\/07\/31\/cest-lete-salon-du-livre-a-riez\/","title":{"rendered":"[C\u2019est l\u2019\u00e9t\u00e9] Salon du livre \u00e0 Riez"},"content":{"rendered":"<div class=\"paragraph\">\n<p>Pendant trois jours concerts litt\u00e9raires, d\u00e9dicaces d\u2019auteurs et d\u00e9bats animeront la ville. Premier rendez-vous donn\u00e9 ce vendredi \u00e0 la salle des f\u00eates pour une projection de film.<\/p>\n<\/p><\/div>\n<div class=\"paragraph\">\n<p><i>D\u00e8s 18h30. Gratuit<\/i><\/p>\n<\/p><\/div>\n","protected":false},"excerpt":{"rendered":"Pendant trois jours concerts litt&eacute;raires, d&eacute;dicaces d&rsquo;auteurs et d&eacute;bats animeront la ville. Premier rendez-vous donn&eacute; ce vendredi &agrave; la salle des f&ecirc;tes pour une projection de film.D&egrave;s 18h30. &#8230;","protected":false},"author":1,"featured_media":38059,"comment_status":"open","ping_status":"open","sticky":false,"template":"","format":"standard","meta":{"footnotes":""},"categories":[32],"tags":[4768,4467,6085,181,57,58,754,1305,1244,1247],"news-destination":[],"news-source":[475],"is_homepage":[],"ta_other":[],"class_list":["post-38058","post","type-post","status-publish","format-standard","has-post-thumbnail","hentry","category-culture","tag-alpes","tag-alpes-de-haute-provence","tag-cest-lete","tag-centre-ville","tag-enfants","tag-famille","tag-familles","tag-film","tag-livres","tag-salon-du-livre","news-source-website"],"_links":{"self":[{"href":"https:\/\/euapp01.newsmemory.com\/lamarseillaise\/news\/wp-json\/wp\/v2\/posts\/38058","targetHints":{"allow":["GET"]}}],"collection":[{"href":"https:\/\/euapp01.newsmemory.com\/lamarseillaise\/news\/wp-json\/wp\/v2\/posts"}],"about":[{"href":"https:\/\/euapp01.newsmemory.com\/lamarseillaise\/news\/wp-json\/wp\/v2\/types\/post"}],"author":[{"embeddable":true,"href":"https:\/\/euapp01.newsmemory.com\/lamarseillaise\/news\/wp-json\/wp\/v2\/users\/1"}],"replies":[{"embeddable":true,"href":"https:\/\/euapp01.newsmemory.com\/lamarseillaise\/news\/wp-json\/wp\/v2\/comments?post=38058"}],"version-history":[{"count":1,"href":"https:\/\/euapp01.newsmemory.com\/lamarseillaise\/news\/wp-json\/wp\/v2\/posts\/38058\/revisions"}],"predecessor-version":[{"id":38060,"href":"https:\/\/euapp01.newsmemory.com\/lamarseillaise\/news\/wp-json\/wp\/v2\/posts\/38058\/revisions\/38060"}],"wp:featuredmedia":[{"embeddable":true,"href":"https:\/\/euapp01.newsmemory.com\/lamarseillaise\/news\/wp-json\/wp\/v2\/media\/38059"}],"wp:attachment":[{"href":"https:\/\/euapp01.newsmemory.com\/lamarseillaise\/news\/wp-json\/wp\/v2\/media?parent=38058"}],"wp:term":[{"taxonomy":"category","embeddable":true,"href":"https:\/\/euapp01.newsmemory.com\/lamarseillaise\/news\/wp-json\/wp\/v2\/categories?post=38058"},{"taxonomy":"post_tag","embeddable":true,"href":"https:\/\/euapp01.newsmemory.com\/lamarseillaise\/news\/wp-json\/wp\/v2\/tags?post=38058"},{"taxonomy":"news-destination","embeddable":true,"href":"https:\/\/euapp01.newsmemory.com\/lamarseillaise\/news\/wp-json\/wp\/v2\/news-destination?post=38058"},{"taxonomy":"news-source","embeddable":true,"href":"https:\/\/euapp01.newsmemory.com\/lamarseillaise\/news\/wp-json\/wp\/v2\/news-source?post=38058"},{"taxonomy":"is_homepage","embeddable":true,"href":"https:\/\/euapp01.newsmemory.com\/lamarseillaise\/news\/wp-json\/wp\/v2\/is_homepage?post=38058"},{"taxonomy":"ta_other","embeddable":true,"href":"https:\/\/euapp01.newsmemory.com\/lamarseillaise\/news\/wp-json\/wp\/v2\/ta_other?post=38058"}],"curies":[{"name":"wp","href":"https:\/\/api.w.org\/{rel}","templated":true}]}}