{"id":38055,"date":"2026-07-31T09:45:00","date_gmt":"2026-07-31T07:45:00","guid":{"rendered":"https:\/\/euapp01.newsmemory.com\/lamarseillaise\/news\/?p=38055"},"modified":"2026-07-31T10:11:04","modified_gmt":"2026-07-31T08:11:04","slug":"cest-lete-fiestin-port-a-la-ciotat","status":"publish","type":"post","link":"https:\/\/euapp01.newsmemory.com\/lamarseillaise\/news\/2026\/07\/31\/cest-lete-fiestin-port-a-la-ciotat\/","title":{"rendered":"[C\u2019est l\u2019\u00e9t\u00e9] Fiest\u2019In port \u00e0 La Ciotat"},"content":{"rendered":"<div class=\"paragraph\">\n<p>Pour sa 7<sup>e<\/sup> \u00e9dition, le festival propose trois soir\u00e9es<br \/>de concerts enti\u00e8rement gratuits d\u00e8s ce vendredi et jusqu\u2019\u00e0 dimanche, avec une programmation qui voyage des rythmes br\u00e9siliens \u00e0 la soul am\u00e9ricaine, de la chanson fran\u00e7aise aux classiques de la pop internationale.<\/p>\n<\/p><\/div>\n<div class=\"paragraph\">\n<p><i>\u00c0 partir de 21h30. <\/i><\/p>\n<p><i>Gratuit dans la limite des places disponibles.<\/i><\/p>\n<p><i>Sans r\u00e9servation<\/i><\/p>\n<\/p><\/div>\n","protected":false},"excerpt":{"rendered":"Pour sa 7e &eacute;dition, le festival propose trois soir&eacute;esde concerts enti&egrave;rement gratuits d&egrave;s ce vendredi et jusqu&rsquo;&agrave; dimanche, avec une programmation qui voyage des rythmes br&eacute;siliens &agrave; la soul &#8230;","protected":false},"author":1,"featured_media":38056,"comment_status":"open","ping_status":"open","sticky":false,"template":"","format":"standard","meta":{"footnotes":""},"categories":[32],"tags":[10,6085,327,400,329,1083,743,85,325,1251,1224,2230,935],"news-destination":[],"news-source":[475],"is_homepage":[],"ta_other":[],"class_list":["post-38055","post","type-post","status-publish","format-standard","has-post-thumbnail","hentry","category-culture","tag-bouches-du-rhone","tag-cest-lete","tag-chanson-francaise","tag-concerts","tag-festival","tag-gratuit","tag-la-ciotat","tag-mer","tag-musique","tag-pop","tag-port","tag-scene","tag-vieux-port","news-source-website"],"_links":{"self":[{"href":"https:\/\/euapp01.newsmemory.com\/lamarseillaise\/news\/wp-json\/wp\/v2\/posts\/38055","targetHints":{"allow":["GET"]}}],"collection":[{"href":"https:\/\/euapp01.newsmemory.com\/lamarseillaise\/news\/wp-json\/wp\/v2\/posts"}],"about":[{"href":"https:\/\/euapp01.newsmemory.com\/lamarseillaise\/news\/wp-json\/wp\/v2\/types\/post"}],"author":[{"embeddable":true,"href":"https:\/\/euapp01.newsmemory.com\/lamarseillaise\/news\/wp-json\/wp\/v2\/users\/1"}],"replies":[{"embeddable":true,"href":"https:\/\/euapp01.newsmemory.com\/lamarseillaise\/news\/wp-json\/wp\/v2\/comments?post=38055"}],"version-history":[{"count":1,"href":"https:\/\/euapp01.newsmemory.com\/lamarseillaise\/news\/wp-json\/wp\/v2\/posts\/38055\/revisions"}],"predecessor-version":[{"id":38057,"href":"https:\/\/euapp01.newsmemory.com\/lamarseillaise\/news\/wp-json\/wp\/v2\/posts\/38055\/revisions\/38057"}],"wp:featuredmedia":[{"embeddable":true,"href":"https:\/\/euapp01.newsmemory.com\/lamarseillaise\/news\/wp-json\/wp\/v2\/media\/38056"}],"wp:attachment":[{"href":"https:\/\/euapp01.newsmemory.com\/lamarseillaise\/news\/wp-json\/wp\/v2\/media?parent=38055"}],"wp:term":[{"taxonomy":"category","embeddable":true,"href":"https:\/\/euapp01.newsmemory.com\/lamarseillaise\/news\/wp-json\/wp\/v2\/categories?post=38055"},{"taxonomy":"post_tag","embeddable":true,"href":"https:\/\/euapp01.newsmemory.com\/lamarseillaise\/news\/wp-json\/wp\/v2\/tags?post=38055"},{"taxonomy":"news-destination","embeddable":true,"href":"https:\/\/euapp01.newsmemory.com\/lamarseillaise\/news\/wp-json\/wp\/v2\/news-destination?post=38055"},{"taxonomy":"news-source","embeddable":true,"href":"https:\/\/euapp01.newsmemory.com\/lamarseillaise\/news\/wp-json\/wp\/v2\/news-source?post=38055"},{"taxonomy":"is_homepage","embeddable":true,"href":"https:\/\/euapp01.newsmemory.com\/lamarseillaise\/news\/wp-json\/wp\/v2\/is_homepage?post=38055"},{"taxonomy":"ta_other","embeddable":true,"href":"https:\/\/euapp01.newsmemory.com\/lamarseillaise\/news\/wp-json\/wp\/v2\/ta_other?post=38055"}],"curies":[{"name":"wp","href":"https:\/\/api.w.org\/{rel}","templated":true}]}}