{"id":38046,"date":"2026-07-31T09:42:00","date_gmt":"2026-07-31T07:42:00","guid":{"rendered":"https:\/\/euapp01.newsmemory.com\/lamarseillaise\/news\/?p=38046"},"modified":"2026-07-31T10:03:33","modified_gmt":"2026-07-31T08:03:33","slug":"cest-lete-fete-de-la-saint-pierre-a-saint-raphael","status":"publish","type":"post","link":"https:\/\/euapp01.newsmemory.com\/lamarseillaise\/news\/2026\/07\/31\/cest-lete-fete-de-la-saint-pierre-a-saint-raphael\/","title":{"rendered":"[C\u2019est l\u2019\u00e9t\u00e9] F\u00eate de la Saint-Pierre \u00e0 Saint-Rapha\u00ebl"},"content":{"rendered":"<div class=\"paragraph\">\n<p>Des animations au Vieux-Port, \u00e0 l\u2019esplanade Delayen et dans le centre ancien vous attendent avec des initiations \u00e0 la p\u00eache, \u00e0 la danse et \u00e0 la langue proven\u00e7ale, ateliers cr\u00e9atifs, concerts, village proven\u00e7al, soupe au pistou g\u00e9ante, joutes nautiques et feu d\u2019artifice.<\/p>\n<p><i>\u00c0 partir de 8h. Gratuit.<\/i><\/p>\n<\/p><\/div>\n","protected":false},"excerpt":{"rendered":"Des animations au Vieux-Port, &agrave; l&rsquo;esplanade Delayen et dans le centre ancien vous attendent avec des initiations &agrave; la p&ecirc;che, &agrave; la danse et &agrave; la langue proven&ccedil;ale, ateliers cr&eacute;atifs, concerts, &#8230;","protected":false},"author":1,"featured_media":38047,"comment_status":"open","ping_status":"open","sticky":false,"template":"","format":"standard","meta":{"footnotes":""},"categories":[20],"tags":[1277,130,6085,1250,466,6080,1879,6196,1856,85,156,3967,3420,605,31,935,720],"news-destination":[],"news-source":[475],"is_homepage":[],"ta_other":[],"class_list":["post-38046","post","type-post","status-publish","format-standard","has-post-thumbnail","hentry","category-societe","tag-animations","tag-ateliers","tag-cest-lete","tag-danse","tag-fete","tag-feux-dartifice","tag-gastronomie","tag-langue-provencale","tag-maritime","tag-mer","tag-patrimoine-culturel","tag-peche","tag-provencal","tag-saint-raphael","tag-var","tag-vieux-port","tag-ville","news-source-website"],"_links":{"self":[{"href":"https:\/\/euapp01.newsmemory.com\/lamarseillaise\/news\/wp-json\/wp\/v2\/posts\/38046","targetHints":{"allow":["GET"]}}],"collection":[{"href":"https:\/\/euapp01.newsmemory.com\/lamarseillaise\/news\/wp-json\/wp\/v2\/posts"}],"about":[{"href":"https:\/\/euapp01.newsmemory.com\/lamarseillaise\/news\/wp-json\/wp\/v2\/types\/post"}],"author":[{"embeddable":true,"href":"https:\/\/euapp01.newsmemory.com\/lamarseillaise\/news\/wp-json\/wp\/v2\/users\/1"}],"replies":[{"embeddable":true,"href":"https:\/\/euapp01.newsmemory.com\/lamarseillaise\/news\/wp-json\/wp\/v2\/comments?post=38046"}],"version-history":[{"count":1,"href":"https:\/\/euapp01.newsmemory.com\/lamarseillaise\/news\/wp-json\/wp\/v2\/posts\/38046\/revisions"}],"predecessor-version":[{"id":38048,"href":"https:\/\/euapp01.newsmemory.com\/lamarseillaise\/news\/wp-json\/wp\/v2\/posts\/38046\/revisions\/38048"}],"wp:featuredmedia":[{"embeddable":true,"href":"https:\/\/euapp01.newsmemory.com\/lamarseillaise\/news\/wp-json\/wp\/v2\/media\/38047"}],"wp:attachment":[{"href":"https:\/\/euapp01.newsmemory.com\/lamarseillaise\/news\/wp-json\/wp\/v2\/media?parent=38046"}],"wp:term":[{"taxonomy":"category","embeddable":true,"href":"https:\/\/euapp01.newsmemory.com\/lamarseillaise\/news\/wp-json\/wp\/v2\/categories?post=38046"},{"taxonomy":"post_tag","embeddable":true,"href":"https:\/\/euapp01.newsmemory.com\/lamarseillaise\/news\/wp-json\/wp\/v2\/tags?post=38046"},{"taxonomy":"news-destination","embeddable":true,"href":"https:\/\/euapp01.newsmemory.com\/lamarseillaise\/news\/wp-json\/wp\/v2\/news-destination?post=38046"},{"taxonomy":"news-source","embeddable":true,"href":"https:\/\/euapp01.newsmemory.com\/lamarseillaise\/news\/wp-json\/wp\/v2\/news-source?post=38046"},{"taxonomy":"is_homepage","embeddable":true,"href":"https:\/\/euapp01.newsmemory.com\/lamarseillaise\/news\/wp-json\/wp\/v2\/is_homepage?post=38046"},{"taxonomy":"ta_other","embeddable":true,"href":"https:\/\/euapp01.newsmemory.com\/lamarseillaise\/news\/wp-json\/wp\/v2\/ta_other?post=38046"}],"curies":[{"name":"wp","href":"https:\/\/api.w.org\/{rel}","templated":true}]}}