{"id":38043,"date":"2026-07-31T09:06:00","date_gmt":"2026-07-31T07:06:00","guid":{"rendered":"https:\/\/euapp01.newsmemory.com\/lamarseillaise\/news\/?p=38043"},"modified":"2026-07-31T10:03:33","modified_gmt":"2026-07-31T08:03:33","slug":"cest-lete-au-coeur-du-moyen-age-a-la-garde","status":"publish","type":"post","link":"https:\/\/euapp01.newsmemory.com\/lamarseillaise\/news\/2026\/07\/31\/cest-lete-au-coeur-du-moyen-age-a-la-garde\/","title":{"rendered":"[C\u2019est l\u2019\u00e9t\u00e9] Au c\u0153ur du Moyen-\u00c2ge \u00e0 La Garde"},"content":{"rendered":"<div class=\"paragraph\">\n<p>Elles sont le point d\u2019orgue des festivit\u00e9s estivales \u00e0 La Garde. Les Nocturnes M\u00e9di\u00e9vales sont de retour pour trois jours en immersion au c\u0153ur du Moyen-\u00c2ge \u00e0 vivre en famille ou entre amis.<\/p>\n<\/p><\/div>\n<div class=\"intext\"> En immersion \u00e0 l\u2019\u00e9poque m\u00e9di\u00e9vale\n              <\/div>\n<div class=\"paragraph\">\n<p>Une parenth\u00e8se festive et conviviale o\u00f9 le centre-ville se transforme en village m\u00e9di\u00e9val anim\u00e9 et o\u00f9 d\u00e9fil\u00e9s de cavaliers, campements d\u2019antan, artisans, musiciens, jongleurs et spectacles de rue offrent un v\u00e9ritable voyage hors du temps pour en apprendre davantage sur les modes de vie et coutumes de cette p\u00e9riode historique.<\/p>\n<p>Entre march\u00e9 m\u00e9di\u00e9val, d\u00e9monstrations artisanales, animations pour enfants, sc\u00e8nes vivantes et spectacles de feu, cet \u00e9v\u00e9nement propose une exp\u00e9rience riche en d\u00e9couvertes et en surprises.<\/p>\n<\/p><\/div>\n<div class=\"paragraph\">\n<p><i><\/i><\/p>\n<p><i>De vendredi \u00e0 dimanche \u00e0 partir de 19h et jusqu\u2019\u00e0 minuit. Entr\u00e9e libre.<\/i><\/p>\n<\/p><\/div>\n","protected":false},"excerpt":{"rendered":"Elles sont le point d&rsquo;orgue des festivit&eacute;s estivales &agrave; La Garde. Les Nocturnes M&eacute;di&eacute;vales sont de retour pour trois jours en immersion au c&oelig;ur du Moyen-&Acirc;ge &agrave; vivre en famille ou entre amis.Une &#8230;","protected":false},"author":1,"featured_media":38044,"comment_status":"open","ping_status":"open","sticky":false,"template":"","format":"standard","meta":{"footnotes":""},"categories":[20],"tags":[6085,1341,57,754,1138,1083,106,350,1134,4290,188,1137,347,31],"news-destination":[],"news-source":[475],"is_homepage":[],"ta_other":[],"class_list":["post-38043","post","type-post","status-publish","format-standard","has-post-thumbnail","hentry","category-societe","tag-cest-lete","tag-convivialite","tag-enfants","tag-familles","tag-festivites","tag-gratuit","tag-habitants","tag-la-garde","tag-marche","tag-medieval","tag-spectacle-vivant","tag-spectacles","tag-tourisme","tag-var","news-source-website"],"_links":{"self":[{"href":"https:\/\/euapp01.newsmemory.com\/lamarseillaise\/news\/wp-json\/wp\/v2\/posts\/38043","targetHints":{"allow":["GET"]}}],"collection":[{"href":"https:\/\/euapp01.newsmemory.com\/lamarseillaise\/news\/wp-json\/wp\/v2\/posts"}],"about":[{"href":"https:\/\/euapp01.newsmemory.com\/lamarseillaise\/news\/wp-json\/wp\/v2\/types\/post"}],"author":[{"embeddable":true,"href":"https:\/\/euapp01.newsmemory.com\/lamarseillaise\/news\/wp-json\/wp\/v2\/users\/1"}],"replies":[{"embeddable":true,"href":"https:\/\/euapp01.newsmemory.com\/lamarseillaise\/news\/wp-json\/wp\/v2\/comments?post=38043"}],"version-history":[{"count":1,"href":"https:\/\/euapp01.newsmemory.com\/lamarseillaise\/news\/wp-json\/wp\/v2\/posts\/38043\/revisions"}],"predecessor-version":[{"id":38045,"href":"https:\/\/euapp01.newsmemory.com\/lamarseillaise\/news\/wp-json\/wp\/v2\/posts\/38043\/revisions\/38045"}],"wp:featuredmedia":[{"embeddable":true,"href":"https:\/\/euapp01.newsmemory.com\/lamarseillaise\/news\/wp-json\/wp\/v2\/media\/38044"}],"wp:attachment":[{"href":"https:\/\/euapp01.newsmemory.com\/lamarseillaise\/news\/wp-json\/wp\/v2\/media?parent=38043"}],"wp:term":[{"taxonomy":"category","embeddable":true,"href":"https:\/\/euapp01.newsmemory.com\/lamarseillaise\/news\/wp-json\/wp\/v2\/categories?post=38043"},{"taxonomy":"post_tag","embeddable":true,"href":"https:\/\/euapp01.newsmemory.com\/lamarseillaise\/news\/wp-json\/wp\/v2\/tags?post=38043"},{"taxonomy":"news-destination","embeddable":true,"href":"https:\/\/euapp01.newsmemory.com\/lamarseillaise\/news\/wp-json\/wp\/v2\/news-destination?post=38043"},{"taxonomy":"news-source","embeddable":true,"href":"https:\/\/euapp01.newsmemory.com\/lamarseillaise\/news\/wp-json\/wp\/v2\/news-source?post=38043"},{"taxonomy":"is_homepage","embeddable":true,"href":"https:\/\/euapp01.newsmemory.com\/lamarseillaise\/news\/wp-json\/wp\/v2\/is_homepage?post=38043"},{"taxonomy":"ta_other","embeddable":true,"href":"https:\/\/euapp01.newsmemory.com\/lamarseillaise\/news\/wp-json\/wp\/v2\/ta_other?post=38043"}],"curies":[{"name":"wp","href":"https:\/\/api.w.org\/{rel}","templated":true}]}}