{"id":38040,"date":"2026-07-31T09:13:00","date_gmt":"2026-07-31T07:13:00","guid":{"rendered":"https:\/\/euapp01.newsmemory.com\/lamarseillaise\/news\/?p=38040"},"modified":"2026-07-31T10:03:33","modified_gmt":"2026-07-31T08:03:33","slug":"cest-lete-rando-baignade-a-saint-mandrier","status":"publish","type":"post","link":"https:\/\/euapp01.newsmemory.com\/lamarseillaise\/news\/2026\/07\/31\/cest-lete-rando-baignade-a-saint-mandrier\/","title":{"rendered":"[C\u2019est l\u2019\u00e9t\u00e9] Rando baignade \u00e0 Saint-Mandrier"},"content":{"rendered":"<div class=\"paragraph\">\n<p>Au d\u00e9part des Sablettes, il suffit de longer, \u00e0 travers la pin\u00e8de, le littoral en direction de la presqu\u2019\u00eele pour tomber sur une premi\u00e8re plage, celle de Sainte-Asile. Ralliez ensuite le boulevard du m\u00eame nom, d\u2019o\u00f9 vous pourrez emprunter le sentier du littoral et admirer la M\u00e9diterran\u00e9e depuis les falaises jusqu\u2019\u00e0 la plage de Cavalas (o\u00f9 d\u00e9bute l\u2019emprise militaire), non sans avoir au pr\u00e9alable profit\u00e9 d\u2019un bon bain dans la calanque de Mar\u00e9gau et sur la plage de la Coudouli\u00e8re. Au retour, deux options : rebrousser chemin, ou passer par les terres via le port, pour, pourquoi pas, boire un verre et manger une glace bien m\u00e9rit\u00e9e !<\/p>\n<\/p><\/div>\n","protected":false},"excerpt":{"rendered":"Au d&eacute;part des Sablettes, il suffit de longer, &agrave; travers la pin&egrave;de, le littoral en direction de la presqu&rsquo;&icirc;le pour tomber sur une premi&egrave;re plage, celle de Sainte-Asile. Ralliez ensuite le boulevard du &#8230;","protected":false},"author":1,"featured_media":38041,"comment_status":"open","ping_status":"open","sticky":false,"template":"","format":"standard","meta":{"footnotes":""},"categories":[20],"tags":[67,4349,6085,398,109,128,3694,1393,3938,31],"news-destination":[],"news-source":[475],"is_homepage":[],"ta_other":[],"class_list":["post-38040","post","type-post","status-publish","format-standard","has-post-thumbnail","hentry","category-societe","tag-baignade","tag-bain","tag-cest-lete","tag-la-seyne-sur-mer","tag-littoral","tag-mediterranee","tag-plage","tag-randonnee","tag-saint-mandrier-sur-mer","tag-var","news-source-website"],"_links":{"self":[{"href":"https:\/\/euapp01.newsmemory.com\/lamarseillaise\/news\/wp-json\/wp\/v2\/posts\/38040","targetHints":{"allow":["GET"]}}],"collection":[{"href":"https:\/\/euapp01.newsmemory.com\/lamarseillaise\/news\/wp-json\/wp\/v2\/posts"}],"about":[{"href":"https:\/\/euapp01.newsmemory.com\/lamarseillaise\/news\/wp-json\/wp\/v2\/types\/post"}],"author":[{"embeddable":true,"href":"https:\/\/euapp01.newsmemory.com\/lamarseillaise\/news\/wp-json\/wp\/v2\/users\/1"}],"replies":[{"embeddable":true,"href":"https:\/\/euapp01.newsmemory.com\/lamarseillaise\/news\/wp-json\/wp\/v2\/comments?post=38040"}],"version-history":[{"count":1,"href":"https:\/\/euapp01.newsmemory.com\/lamarseillaise\/news\/wp-json\/wp\/v2\/posts\/38040\/revisions"}],"predecessor-version":[{"id":38042,"href":"https:\/\/euapp01.newsmemory.com\/lamarseillaise\/news\/wp-json\/wp\/v2\/posts\/38040\/revisions\/38042"}],"wp:featuredmedia":[{"embeddable":true,"href":"https:\/\/euapp01.newsmemory.com\/lamarseillaise\/news\/wp-json\/wp\/v2\/media\/38041"}],"wp:attachment":[{"href":"https:\/\/euapp01.newsmemory.com\/lamarseillaise\/news\/wp-json\/wp\/v2\/media?parent=38040"}],"wp:term":[{"taxonomy":"category","embeddable":true,"href":"https:\/\/euapp01.newsmemory.com\/lamarseillaise\/news\/wp-json\/wp\/v2\/categories?post=38040"},{"taxonomy":"post_tag","embeddable":true,"href":"https:\/\/euapp01.newsmemory.com\/lamarseillaise\/news\/wp-json\/wp\/v2\/tags?post=38040"},{"taxonomy":"news-destination","embeddable":true,"href":"https:\/\/euapp01.newsmemory.com\/lamarseillaise\/news\/wp-json\/wp\/v2\/news-destination?post=38040"},{"taxonomy":"news-source","embeddable":true,"href":"https:\/\/euapp01.newsmemory.com\/lamarseillaise\/news\/wp-json\/wp\/v2\/news-source?post=38040"},{"taxonomy":"is_homepage","embeddable":true,"href":"https:\/\/euapp01.newsmemory.com\/lamarseillaise\/news\/wp-json\/wp\/v2\/is_homepage?post=38040"},{"taxonomy":"ta_other","embeddable":true,"href":"https:\/\/euapp01.newsmemory.com\/lamarseillaise\/news\/wp-json\/wp\/v2\/ta_other?post=38040"}],"curies":[{"name":"wp","href":"https:\/\/api.w.org\/{rel}","templated":true}]}}