{"id":38031,"date":"2026-07-31T08:54:00","date_gmt":"2026-07-31T06:54:00","guid":{"rendered":"https:\/\/euapp01.newsmemory.com\/lamarseillaise\/news\/?p=38031"},"modified":"2026-07-31T10:03:33","modified_gmt":"2026-07-31T08:03:33","slug":"a-aix-un-appel-aux-dons-pour-loger-les-demandeurs-dasile","status":"publish","type":"post","link":"https:\/\/euapp01.newsmemory.com\/lamarseillaise\/news\/2026\/07\/31\/a-aix-un-appel-aux-dons-pour-loger-les-demandeurs-dasile\/","title":{"rendered":"\u00c0 Aix, un appel aux dons pour loger les demandeurs d\u2019asile"},"content":{"rendered":"<div class=\"paragraph\">\n<p>Avant d\u2019expliquer les raisons de cette initiative, le collectif Agir, dont le si\u00e8ge est bas\u00e9 avenue de l\u2019Europe \u00e0 Aix-en-Provence, rappelle ses fondamentaux\u00a0:<i> <\/i>\u00ab\u00a0<i>On existe depuis plus de 10<\/i><i>\u00a0<\/i><i>ans. Le collectif a \u00e9t\u00e9 cr\u00e9\u00e9 apr\u00e8s la d\u00e9cision de Fran\u00e7ois Hollande d\u2019accueillir 25<\/i><i>\u00a0<\/i><i>000<\/i><i>\u00a0<\/i><i>Syriens fuyant la guerre. La question s\u2019est alors pos\u00e9e<\/i><i>\u00a0<\/i><i>: o\u00f9 allons-nous les loger<\/i><i>\u00a0<\/i><i>?<\/i><i>\u00a0<\/i>\u00bb, retrace Fabien Poilleux, tr\u00e9sorier du collectif Agir.<\/p>\n<p>Depuis, ce regroupement d\u2019associations, pass\u00e9 de plus de 30\u00a0membres \u00e0 25, prend en charge les demandeurs d\u2019asile<i> <\/i>\u00ab\u00a0<i>de A \u00e0 Z<\/i>\u00a0\u00bb. Notamment sur les questions de logement. Dans cette optique, le collectif, associ\u00e9 \u00e0 la Fondation des Petites Pierres, plateforme de financement participatif \u00e0 destination des associations, lance un appel aux dons. L\u2019objectif est de r\u00e9unir 15 000 euros, gr\u00e2ce \u00e0 la participation du collectif et \u00e0 celle de la Fondation des Petites Pierres, afin de financer la location de logements<i>.<\/i><\/p>\n<p>\u00ab\u00a0<i>On a de moins en moins d\u2019h\u00e9bergeurs solidaires, mais pour accueillir des demandeurs d\u2019asile qui frappent \u00e0 la porte, on est oblig\u00e9s de prendre des baux locatifs,<\/i> explique Fabien Poilleux. <i>Les Petites Pierres donnent une moiti\u00e9, si on arrive \u00e0 r\u00e9colter l\u2019autre dans un certain d\u00e9lai. On a deux mois pour r\u00e9unir 7<\/i><i>\u00a0<\/i><i>500<\/i><i>\u00a0<\/i><i>euros. On a d\u00e9j\u00e0 fait la moiti\u00e9 du chemin en 15<\/i><i>\u00a0<\/i><i>jours, mais on souhaite informer le public de l\u2019existence de cette initiative.<\/i><i>\u00a0<\/i>\u00bb<\/p>\n<p>La cagnotte a \u00e9t\u00e9 lanc\u00e9e cette ann\u00e9e \u00ab\u00a0<i>de fa\u00e7on \u00e0 pouvoir reprendre deux baux locatifs pour au moins un an<\/i>\u00a0\u00bb<i>,<\/i> note le collectif. Les donateurs imposables peuvent b\u00e9n\u00e9ficier d\u2019une r\u00e9duction d\u2019imp\u00f4t correspondant \u00e0 75% du montant vers\u00e9.<a rel=\"nofollow\" href=\"https:\/\/www.lespetitespierres.org\/projet\/loger-des-demandeurs-dasile-la-rue-aix-en-provence-2\/\"> <\/a>Pour faire un don, rendez-vous sur le site de la Fondation des Petites Pierres, rubrique \u00ab\u00a0Projets\u00a0\u00bb, ou directement sur celui du collectif Agir.<\/p>\n<\/p><\/div>\n","protected":false},"excerpt":{"rendered":"Avant d&rsquo;expliquer les raisons de cette initiative, le collectif Agir, dont le si&egrave;ge est bas&eacute; avenue de l&rsquo;Europe &agrave; Aix-en-Provence, rappelle ses fondamentaux&nbsp;: &laquo;&nbsp;On existe depuis plus de 10&nbsp;ans. &#8230;","protected":false},"author":1,"featured_media":38032,"comment_status":"open","ping_status":"open","sticky":false,"template":"","format":"standard","meta":{"footnotes":""},"categories":[20],"tags":[556,138,10,102,4206,375,3589,596,260],"news-destination":[],"news-source":[475],"is_homepage":[],"ta_other":[],"class_list":["post-38031","post","type-post","status-publish","format-standard","has-post-thumbnail","hentry","category-societe","tag-aix-en-provence","tag-associations","tag-bouches-du-rhone","tag-collectif","tag-demandeurs-dasile","tag-dons","tag-financement-participatif","tag-logement","tag-solidarite","news-source-website"],"_links":{"self":[{"href":"https:\/\/euapp01.newsmemory.com\/lamarseillaise\/news\/wp-json\/wp\/v2\/posts\/38031","targetHints":{"allow":["GET"]}}],"collection":[{"href":"https:\/\/euapp01.newsmemory.com\/lamarseillaise\/news\/wp-json\/wp\/v2\/posts"}],"about":[{"href":"https:\/\/euapp01.newsmemory.com\/lamarseillaise\/news\/wp-json\/wp\/v2\/types\/post"}],"author":[{"embeddable":true,"href":"https:\/\/euapp01.newsmemory.com\/lamarseillaise\/news\/wp-json\/wp\/v2\/users\/1"}],"replies":[{"embeddable":true,"href":"https:\/\/euapp01.newsmemory.com\/lamarseillaise\/news\/wp-json\/wp\/v2\/comments?post=38031"}],"version-history":[{"count":1,"href":"https:\/\/euapp01.newsmemory.com\/lamarseillaise\/news\/wp-json\/wp\/v2\/posts\/38031\/revisions"}],"predecessor-version":[{"id":38033,"href":"https:\/\/euapp01.newsmemory.com\/lamarseillaise\/news\/wp-json\/wp\/v2\/posts\/38031\/revisions\/38033"}],"wp:featuredmedia":[{"embeddable":true,"href":"https:\/\/euapp01.newsmemory.com\/lamarseillaise\/news\/wp-json\/wp\/v2\/media\/38032"}],"wp:attachment":[{"href":"https:\/\/euapp01.newsmemory.com\/lamarseillaise\/news\/wp-json\/wp\/v2\/media?parent=38031"}],"wp:term":[{"taxonomy":"category","embeddable":true,"href":"https:\/\/euapp01.newsmemory.com\/lamarseillaise\/news\/wp-json\/wp\/v2\/categories?post=38031"},{"taxonomy":"post_tag","embeddable":true,"href":"https:\/\/euapp01.newsmemory.com\/lamarseillaise\/news\/wp-json\/wp\/v2\/tags?post=38031"},{"taxonomy":"news-destination","embeddable":true,"href":"https:\/\/euapp01.newsmemory.com\/lamarseillaise\/news\/wp-json\/wp\/v2\/news-destination?post=38031"},{"taxonomy":"news-source","embeddable":true,"href":"https:\/\/euapp01.newsmemory.com\/lamarseillaise\/news\/wp-json\/wp\/v2\/news-source?post=38031"},{"taxonomy":"is_homepage","embeddable":true,"href":"https:\/\/euapp01.newsmemory.com\/lamarseillaise\/news\/wp-json\/wp\/v2\/is_homepage?post=38031"},{"taxonomy":"ta_other","embeddable":true,"href":"https:\/\/euapp01.newsmemory.com\/lamarseillaise\/news\/wp-json\/wp\/v2\/ta_other?post=38031"}],"curies":[{"name":"wp","href":"https:\/\/api.w.org\/{rel}","templated":true}]}}