{"id":38028,"date":"2026-07-31T08:47:00","date_gmt":"2026-07-31T06:47:00","guid":{"rendered":"https:\/\/euapp01.newsmemory.com\/lamarseillaise\/news\/?p=38028"},"modified":"2026-07-31T10:03:33","modified_gmt":"2026-07-31T08:03:33","slug":"a-martigues-un-cahier-de-vacances-dedie-au-climat-et-a-la-justice-sociale","status":"publish","type":"post","link":"https:\/\/euapp01.newsmemory.com\/lamarseillaise\/news\/2026\/07\/31\/a-martigues-un-cahier-de-vacances-dedie-au-climat-et-a-la-justice-sociale\/","title":{"rendered":"\u00c0 Martigues, un cahier de vacances d\u00e9di\u00e9 au climat et \u00e0 la justice sociale"},"content":{"rendered":"<div class=\"paragraph\">\n<p>Les vacances aussi sont politiques. Mercredi soir, les communistes de Martigues sont all\u00e9s \u00e0 la rencontre des passants sur le march\u00e9 nocturne de Jonqui\u00e8res, ainsi qu\u2019\u00e0 la plage de Ferri\u00e8res, pour distribuer leur cahier d\u2019\u00e9t\u00e9 \u00ab\u00a0<i>revendicatif<\/i><i>\u00a0<\/i>\u00bb, comme le pr\u00e9cise Laetitia Sabatier, secr\u00e9taire de la section de Martigues du PCF.<\/p>\n<p>\u00ab\u00a0<i>C\u2019est un tract sous forme ludique avec des mots crois\u00e9s, des quiz, qui parlent de nos priorit\u00e9s<\/i>\u00a0\u00bb, pr\u00e9sente la responsable aux plagistes, accompagn\u00e9e de la conseill\u00e8re municipale (PCF) M\u00e9laine Del Baldo. \u00c0 l\u2019int\u00e9rieur, cinq questions portent sur la r\u00e9duction des \u00e9missions mondiales de CO2, de la submersion du d\u00e9partement \u00e0 horizon 2100 ou de l\u2019augmentation du nombre de jours au-dessus de 35\u00b0.<\/p>\n<\/p><\/div>\n<div class=\"intext\"> \u00ab\u00a0Il faut taxer les riches pour redistribuer\u00a0\u00bb\n              <\/div>\n<div class=\"paragraph\">\n<p>Les priorit\u00e9s dont parlait la secr\u00e9taire de section sont d\u2019\u00ab\u00a0<i>\u00e9lectrifier les usages avec un mix \u00e9nerg\u00e9tique entre les \u00e9nergies renouvelables et le nucl\u00e9aire<\/i><i>\u00a0<\/i>\u00bb, \u00ab\u00a0<i>v\u00e9g\u00e9taliser massivement pour limiter les effets du r\u00e9chauffement climatique<\/i>\u00a0\u00bb ou encore \u00ab\u00a0<i>l\u2019am\u00e9lioration et la gratuit\u00e9 du transport public du quotidien et la relance du fret ferroviaire<\/i>\u00a0\u00bb, expos\u00e9es dans le cahier d\u2019\u00e9t\u00e9 distribu\u00e9.<\/p>\n<p>Au centre de cette id\u00e9e\u00a0: \u00ab\u00a0<i>Lier la justice sociale avec l\u2019enjeu climatique<\/i>\u00a0\u00bb pour Laetitia Sabatier, citant le Plan climat pour la France empreinte 2050 du PCF. \u00ab\u00a0<i>Pr\u00e9lever 10% du patrimoine des 10% les plus ais\u00e9s permet de r\u00e9cup\u00e9rer 5<\/i><i>\u00a0<\/i><i>milliards d\u2019euros par an et rend possible l\u2019investissement<\/i>\u00a0\u00bb n\u00e9cessaire \u00e0 ce plan, lit-on dans le cahier. \u00ab\u00a0<i>Je suis d\u2019accord avec le principe de taxer les milliardaires pour redistribuer \u00e0 l\u2019H\u00f4pital, l\u2019\u00e9cole, la lutte pour le climat<\/i>\u00a0\u00bb, approuve Jafar, qui profite de l\u2019ombre des pins de la plage de Ferri\u00e8res. Samir, son coll\u00e8gue, estime que \u00ab\u00a0<i>le probl\u00e8me, c\u2019est que les entreprises qui r\u00e9novent font n\u2019importe quoi et s\u2019en mettent plein les poches<\/i>\u00a0\u00bb, juge-t-il, en r\u00e9f\u00e9rence aux aides \u00e0 la r\u00e9novation thermique faites pour avoir chaud l\u2019hiver, mais oublient souvent le confort d\u2019\u00e9t\u00e9. La climatisation, dans ce contexte, est envisageable \u00ab\u00a0<i>avec un mix \u00e9nerg\u00e9tique nucl\u00e9aire, g\u00e9othermie, et chaleur de la mer<\/i>\u00a0\u00bbn avance-t-il.<\/p>\n<\/p><\/div>\n","protected":false},"excerpt":{"rendered":"Les vacances aussi sont politiques. Mercredi soir, les communistes de Martigues sont all&eacute;s &agrave; la rencontre des passants sur le march&eacute; nocturne de Jonqui&egrave;res, ainsi qu&rsquo;&agrave; la plage de Ferri&egrave;res, pour &#8230;","protected":false},"author":1,"featured_media":38029,"comment_status":"open","ping_status":"open","sticky":false,"template":"","format":"standard","meta":{"footnotes":""},"categories":[330],"tags":[10,1878,1428,465,547,1480,63,250,6195,627,419,1546,1361],"news-destination":[],"news-source":[475],"is_homepage":[],"ta_other":[],"class_list":["post-38028","post","type-post","status-publish","format-standard","has-post-thumbnail","hentry","category-politique","tag-bouches-du-rhone","tag-capitalisme","tag-climatisation","tag-communistes","tag-energies-renouvelables","tag-justice-sociale","tag-martigues","tag-pcf","tag-plagistes","tag-plan-climat","tag-rechauffement-climatique","tag-renovation-thermique","tag-vacances","news-source-website"],"_links":{"self":[{"href":"https:\/\/euapp01.newsmemory.com\/lamarseillaise\/news\/wp-json\/wp\/v2\/posts\/38028","targetHints":{"allow":["GET"]}}],"collection":[{"href":"https:\/\/euapp01.newsmemory.com\/lamarseillaise\/news\/wp-json\/wp\/v2\/posts"}],"about":[{"href":"https:\/\/euapp01.newsmemory.com\/lamarseillaise\/news\/wp-json\/wp\/v2\/types\/post"}],"author":[{"embeddable":true,"href":"https:\/\/euapp01.newsmemory.com\/lamarseillaise\/news\/wp-json\/wp\/v2\/users\/1"}],"replies":[{"embeddable":true,"href":"https:\/\/euapp01.newsmemory.com\/lamarseillaise\/news\/wp-json\/wp\/v2\/comments?post=38028"}],"version-history":[{"count":1,"href":"https:\/\/euapp01.newsmemory.com\/lamarseillaise\/news\/wp-json\/wp\/v2\/posts\/38028\/revisions"}],"predecessor-version":[{"id":38030,"href":"https:\/\/euapp01.newsmemory.com\/lamarseillaise\/news\/wp-json\/wp\/v2\/posts\/38028\/revisions\/38030"}],"wp:featuredmedia":[{"embeddable":true,"href":"https:\/\/euapp01.newsmemory.com\/lamarseillaise\/news\/wp-json\/wp\/v2\/media\/38029"}],"wp:attachment":[{"href":"https:\/\/euapp01.newsmemory.com\/lamarseillaise\/news\/wp-json\/wp\/v2\/media?parent=38028"}],"wp:term":[{"taxonomy":"category","embeddable":true,"href":"https:\/\/euapp01.newsmemory.com\/lamarseillaise\/news\/wp-json\/wp\/v2\/categories?post=38028"},{"taxonomy":"post_tag","embeddable":true,"href":"https:\/\/euapp01.newsmemory.com\/lamarseillaise\/news\/wp-json\/wp\/v2\/tags?post=38028"},{"taxonomy":"news-destination","embeddable":true,"href":"https:\/\/euapp01.newsmemory.com\/lamarseillaise\/news\/wp-json\/wp\/v2\/news-destination?post=38028"},{"taxonomy":"news-source","embeddable":true,"href":"https:\/\/euapp01.newsmemory.com\/lamarseillaise\/news\/wp-json\/wp\/v2\/news-source?post=38028"},{"taxonomy":"is_homepage","embeddable":true,"href":"https:\/\/euapp01.newsmemory.com\/lamarseillaise\/news\/wp-json\/wp\/v2\/is_homepage?post=38028"},{"taxonomy":"ta_other","embeddable":true,"href":"https:\/\/euapp01.newsmemory.com\/lamarseillaise\/news\/wp-json\/wp\/v2\/ta_other?post=38028"}],"curies":[{"name":"wp","href":"https:\/\/api.w.org\/{rel}","templated":true}]}}