{"id":38025,"date":"2026-07-31T08:46:00","date_gmt":"2026-07-31T06:46:00","guid":{"rendered":"https:\/\/euapp01.newsmemory.com\/lamarseillaise\/news\/?p=38025"},"modified":"2026-08-06T08:09:48","modified_gmt":"2026-08-06T06:09:48","slug":"entretien-dominique-morvan-aix-marseille-universite-cette-saison-des-feux-exceptionnelle-deviendra-la-normalite","status":"publish","type":"post","link":"https:\/\/euapp01.newsmemory.com\/lamarseillaise\/news\/2026\/07\/31\/entretien-dominique-morvan-aix-marseille-universite-cette-saison-des-feux-exceptionnelle-deviendra-la-normalite\/","title":{"rendered":"[Entretien] Dominique Morvan, Aix-Marseille Universit\u00e9 : \u00ab&nbsp;Cette saison des feux exceptionnelle deviendra la normalit\u00e9&nbsp;\u00bb"},"content":{"rendered":"<div class=\"paragraph\">\n<p><b>La Marseillaise :<\/b> <b>Qu\u2019est-ce qui rend cette saison des feux exceptionnelle<\/b><b>\u00a0<\/b><b>? <\/b><\/p>\n<p>Dominique Morvan : Il y a trois conditions qui d\u00e9terminent le comportement du feu\u00a0: la temp\u00e9rature, le niveau d\u2019hygrom\u00e9trie (le taux d\u2019humidit\u00e9 dans l\u2019air) et le vent. Cette ann\u00e9e, on a vu trois canicules avec des temp\u00e9ratures exceptionnelles qui ont consid\u00e9rablement ass\u00e9ch\u00e9 la v\u00e9g\u00e9tation, avec des vents violents. La cons\u00e9quence, c\u2019est que les incendies sont rapidement devenus des m\u00e9gafeux.<\/p>\n<p><b>Quelle est la sp\u00e9cificit\u00e9 des feux en Gironde et dans le Var<\/b><b>\u00a0<\/b><b>?<\/b><\/p>\n<p>D. M. : Il y a une diff\u00e9rence entre ces deux r\u00e9gions. En Gironde, ce sont principalement des champs d\u2019arbres\u00a0: des pins plant\u00e9s par l\u2019homme, le sol est pauvre et ass\u00e9ch\u00e9. Ces arbres sont hautement inflammables\u00a0; avec la mont\u00e9e des temp\u00e9ratures, la r\u00e9gion est tr\u00e8s vuln\u00e9rable aux feux. Pour le Var, c\u2019est une for\u00eat naturelle, mais il y a une urbanisation galopante qui la fragilise. De plus, comme dans les Alpes, l\u2019inaccessibilit\u00e9 de certaines zones peut compliquer l\u2019extinction des incendies.<\/p>\n<p><b>L\u2019incendie de la for\u00eat de Fontainebleau a marqu\u00e9 les esprits. <\/b><b>Comment expliquer cette extension du risque de feu au reste du territoire<\/b><b>\u00a0<\/b><b>?<\/b><\/p>\n<p>D. M. : L\u2019effet du r\u00e9chauffement climatique augmente les temp\u00e9ratures l\u2019\u00e9t\u00e9, mais aussi l\u2019hiver. La coupure hivernale devient trop courte et pas assez froide. Dans une for\u00eat, l\u2019int\u00e9r\u00eat du froid, c\u2019est qu\u2019il tue les insectes\u00a0; aujourd\u2019hui, certains insectes survivent et s\u2019attaquent aux arbres. On y ajoute les s\u00e9cheresses \u00e0 r\u00e9p\u00e9tition et la perte d\u2019eau dans les sols, et cela rend les for\u00eats beaucoup plus vuln\u00e9rables. Par cons\u00e9quent, aujourd\u2019hui, les feux touchent aussi le nord de la France.<\/p>\n<p><b>Comment adapter les territoires, leurs paysages et leurs for\u00eats aux al\u00e9as et aux \u00e9v\u00e9nements climatiques extr\u00eames<\/b><b>\u00a0<\/b><b>?<\/b><\/p>\n<p>D. M. : Il faut r\u00e9int\u00e9grer des cultures respectueuses de l\u2019environnement. Par exemple, r\u00e9introduire le pastoralisme. Les ch\u00e8vres, en broutant, vont naturellement r\u00e9duire la v\u00e9g\u00e9tation et cr\u00e9er des zones de protection sans arbres. Par ailleurs, l\u2019Inrae et l\u2019ONF r\u00e9fl\u00e9chissent \u00e0 introduire des esp\u00e8ces plus r\u00e9sistantes \u00e0 la s\u00e9cheresse. Dans les alentours de Marseille, le ch\u00eane pourrait r\u00e9duire la quantit\u00e9 de pins, arbres hautement inflammables. Il y a \u00e9galement une n\u00e9cessit\u00e9 d\u2019augmenter les postes \u00e0 l\u2019ONF et adapter les effectifs de sapeurs-pompiers aux risques pr\u00e9sents sur tout le territoire.<\/p>\n<p><b>\u00c0 quoi doit-on s\u2019attendre pour les prochaines saisons estivales en mati\u00e8re de risque incendie<\/b><b>\u00a0<\/b><b>?<\/b><\/p>\n<p>D. M. : Cette saison exceptionnelle deviendra la normalit\u00e9, elle va se reproduire. La saison des feux va continuer de s\u2019allonger, elle pourra commencer en mai et finir \u00e0 l\u2019automne et toucher tout le territoire. Dans le pourtour m\u00e9diterran\u00e9en, il faudra s\u2019attendre \u00e9galement \u00e0 des feux en d\u00e9cembre et janvier.<\/p>\n<p><b>Propos recueillis par Gabrielle Cartellier<\/b><\/p>\n<\/p><\/div>\n","protected":false},"excerpt":{"rendered":"La Marseillaise : Qu&rsquo;est-ce qui rend cette saison des feux exceptionnelle&nbsp;?","protected":false},"author":1,"featured_media":38026,"comment_status":"open","ping_status":"open","sticky":false,"template":"","format":"standard","meta":{"footnotes":""},"categories":[3926,3925,333,20],"tags":[10,343,319,16,320,419,1395,137],"news-destination":[3944],"news-source":[475],"is_homepage":[],"ta_other":[],"class_list":["post-38025","post","type-post","status-publish","format-standard","has-post-thumbnail","hentry","category-accueil-merge","category-accueil-third","category-environnement","category-societe","tag-bouches-du-rhone","tag-entretien","tag-incendie","tag-marseille","tag-pompiers","tag-rechauffement-climatique","tag-temperatures","tag-territoire","news-destination-homepage","news-source-website"],"_links":{"self":[{"href":"https:\/\/euapp01.newsmemory.com\/lamarseillaise\/news\/wp-json\/wp\/v2\/posts\/38025","targetHints":{"allow":["GET"]}}],"collection":[{"href":"https:\/\/euapp01.newsmemory.com\/lamarseillaise\/news\/wp-json\/wp\/v2\/posts"}],"about":[{"href":"https:\/\/euapp01.newsmemory.com\/lamarseillaise\/news\/wp-json\/wp\/v2\/types\/post"}],"author":[{"embeddable":true,"href":"https:\/\/euapp01.newsmemory.com\/lamarseillaise\/news\/wp-json\/wp\/v2\/users\/1"}],"replies":[{"embeddable":true,"href":"https:\/\/euapp01.newsmemory.com\/lamarseillaise\/news\/wp-json\/wp\/v2\/comments?post=38025"}],"version-history":[{"count":1,"href":"https:\/\/euapp01.newsmemory.com\/lamarseillaise\/news\/wp-json\/wp\/v2\/posts\/38025\/revisions"}],"predecessor-version":[{"id":38027,"href":"https:\/\/euapp01.newsmemory.com\/lamarseillaise\/news\/wp-json\/wp\/v2\/posts\/38025\/revisions\/38027"}],"wp:featuredmedia":[{"embeddable":true,"href":"https:\/\/euapp01.newsmemory.com\/lamarseillaise\/news\/wp-json\/wp\/v2\/media\/38026"}],"wp:attachment":[{"href":"https:\/\/euapp01.newsmemory.com\/lamarseillaise\/news\/wp-json\/wp\/v2\/media?parent=38025"}],"wp:term":[{"taxonomy":"category","embeddable":true,"href":"https:\/\/euapp01.newsmemory.com\/lamarseillaise\/news\/wp-json\/wp\/v2\/categories?post=38025"},{"taxonomy":"post_tag","embeddable":true,"href":"https:\/\/euapp01.newsmemory.com\/lamarseillaise\/news\/wp-json\/wp\/v2\/tags?post=38025"},{"taxonomy":"news-destination","embeddable":true,"href":"https:\/\/euapp01.newsmemory.com\/lamarseillaise\/news\/wp-json\/wp\/v2\/news-destination?post=38025"},{"taxonomy":"news-source","embeddable":true,"href":"https:\/\/euapp01.newsmemory.com\/lamarseillaise\/news\/wp-json\/wp\/v2\/news-source?post=38025"},{"taxonomy":"is_homepage","embeddable":true,"href":"https:\/\/euapp01.newsmemory.com\/lamarseillaise\/news\/wp-json\/wp\/v2\/is_homepage?post=38025"},{"taxonomy":"ta_other","embeddable":true,"href":"https:\/\/euapp01.newsmemory.com\/lamarseillaise\/news\/wp-json\/wp\/v2\/ta_other?post=38025"}],"curies":[{"name":"wp","href":"https:\/\/api.w.org\/{rel}","templated":true}]}}