{"id":38022,"date":"2026-07-31T08:15:00","date_gmt":"2026-07-31T06:15:00","guid":{"rendered":"https:\/\/euapp01.newsmemory.com\/lamarseillaise\/news\/?p=38022"},"modified":"2026-07-31T10:03:33","modified_gmt":"2026-07-31T08:03:33","slug":"le-maire-doraison-hausse-le-ton-contre-la-sncf","status":"publish","type":"post","link":"https:\/\/euapp01.newsmemory.com\/lamarseillaise\/news\/2026\/07\/31\/le-maire-doraison-hausse-le-ton-contre-la-sncf\/","title":{"rendered":"Le maire d\u2019Oraison hausse le ton contre la SNCF"},"content":{"rendered":"<div class=\"paragraph\">\n<p>Cinq ans d\u2019\u00e9tudes et un million d\u2019euros demand\u00e9s par la SNCF pour le projet de voie douce traversant le passage \u00e0 niveau\u00a0: la pilule a du mal \u00e0 passer pour Beno\u00eet Gauvan, le maire (Renaissance) d\u2019Oraison, depuis qu\u2019il a appris cette nouvelle. \u00ab\u00a0<i>Je suis en col\u00e8re, parce que le projet avan\u00e7ait bien et rapidement, et on se retrouve bloqu\u00e9s, scandalis\u00e9s par le co\u00fbt<\/i>, d\u00e9plore-t-il. <i>Acheter un appartement sur les Champs-\u00c9lys\u00e9es nous aurait co\u00fbt\u00e9 moins cher<\/i><i>\u00a0<\/i><i>!<\/i><i>\u00a0<\/i>\u00bb<\/p>\n<p>Le projet, port\u00e9 par le D\u00e9partement et la mairie d\u2019Oraison depuis de nombreuses ann\u00e9es, a pour objectif de relier Oraison \u00e0 la gare de La\u00a0Brillanne en mobilit\u00e9s douces. \u00ab\u00a0<i>Depuis le Covid et la d\u00e9mocratisation du t\u00e9l\u00e9travail, on a beaucoup d\u2019Aixois et de Marseillais qui se sont install\u00e9s \u00e0 Oraison et qui font fr\u00e9quemment des allers-retours<\/i><i>\u00a0<\/i>\u00bb, explique Beno\u00eet Gauvan. Cette voie douce d\u20191,6\u00a0km leur permettrait de rejoindre la gare \u00e0 moindre co\u00fbt environnemental, et en toute s\u00e9curit\u00e9, alors que le trajet est pour l\u2019instant tr\u00e8s dangereux \u00e0 parcourir \u00e0 pied ou \u00e0 v\u00e9lo, selon le maire. \u00ab\u00a0<i>On a besoin de s\u00e9curiser de la sortie d\u2019Oraison jusqu\u2019\u00e0 Intermarch\u00e9, parce qu\u2019on a beaucoup de gens qui y vont \u00e0 pied, et que c\u2019est tr\u00e8s dangereux puisque les gens marchent sur la route pour faire le tour des platanes<\/i><i>\u00a0<\/i>\u00bb, pr\u00e9cise-t-il.<\/p>\n<p>Le projet co\u00fbte tr\u00e8s cher, puisqu\u2019il n\u00e9cessite de d\u00e9placer une partie de la voie routi\u00e8re pour laisser place \u00e0 la voie verte, sur un terrain pentu.<\/p>\n<p>\u00ab\u00a0<i>Il s\u2019agit d\u2019un dossier pour lequel la SNCF est en relation avec le d\u00e9partement, qui a r\u00e9cemment fait l\u2019objet d\u2019une convention de financement<\/i><i>\u00a0<\/i>\u00bb, a indiqu\u00e9 la SNCF, qui ne pouvait fournir plus d\u2019\u00e9l\u00e9ments dans l\u2019imm\u00e9diat.<\/p>\n<\/p><\/div>\n","protected":false},"excerpt":{"rendered":"Cinq ans d&rsquo;&eacute;tudes et un million d&rsquo;euros demand&eacute;s par la SNCF pour le projet de voie douce traversant le passage &agrave; niveau&nbsp;: la pilule a du mal &agrave; passer pour Beno&icirc;t Gauvan, le maire (Renaissance) &#8230;","protected":false},"author":1,"featured_media":38023,"comment_status":"open","ping_status":"open","sticky":false,"template":"","format":"standard","meta":{"footnotes":""},"categories":[330],"tags":[4768,4467,1447,1144,26,1385,1389,4166,1400,1388,51,348,666,807,4075],"news-destination":[],"news-source":[475],"is_homepage":[],"ta_other":[],"class_list":["post-38022","post","type-post","status-publish","format-standard","has-post-thumbnail","hentry","category-politique","tag-alpes","tag-alpes-de-haute-provence","tag-amenagement-du-territoire","tag-cyclisme","tag-environnement","tag-mobilite","tag-mobilites-douces","tag-pieton","tag-routes","tag-sncf","tag-societe","tag-train","tag-transports","tag-velo","tag-voie-verte","news-source-website"],"_links":{"self":[{"href":"https:\/\/euapp01.newsmemory.com\/lamarseillaise\/news\/wp-json\/wp\/v2\/posts\/38022","targetHints":{"allow":["GET"]}}],"collection":[{"href":"https:\/\/euapp01.newsmemory.com\/lamarseillaise\/news\/wp-json\/wp\/v2\/posts"}],"about":[{"href":"https:\/\/euapp01.newsmemory.com\/lamarseillaise\/news\/wp-json\/wp\/v2\/types\/post"}],"author":[{"embeddable":true,"href":"https:\/\/euapp01.newsmemory.com\/lamarseillaise\/news\/wp-json\/wp\/v2\/users\/1"}],"replies":[{"embeddable":true,"href":"https:\/\/euapp01.newsmemory.com\/lamarseillaise\/news\/wp-json\/wp\/v2\/comments?post=38022"}],"version-history":[{"count":1,"href":"https:\/\/euapp01.newsmemory.com\/lamarseillaise\/news\/wp-json\/wp\/v2\/posts\/38022\/revisions"}],"predecessor-version":[{"id":38024,"href":"https:\/\/euapp01.newsmemory.com\/lamarseillaise\/news\/wp-json\/wp\/v2\/posts\/38022\/revisions\/38024"}],"wp:featuredmedia":[{"embeddable":true,"href":"https:\/\/euapp01.newsmemory.com\/lamarseillaise\/news\/wp-json\/wp\/v2\/media\/38023"}],"wp:attachment":[{"href":"https:\/\/euapp01.newsmemory.com\/lamarseillaise\/news\/wp-json\/wp\/v2\/media?parent=38022"}],"wp:term":[{"taxonomy":"category","embeddable":true,"href":"https:\/\/euapp01.newsmemory.com\/lamarseillaise\/news\/wp-json\/wp\/v2\/categories?post=38022"},{"taxonomy":"post_tag","embeddable":true,"href":"https:\/\/euapp01.newsmemory.com\/lamarseillaise\/news\/wp-json\/wp\/v2\/tags?post=38022"},{"taxonomy":"news-destination","embeddable":true,"href":"https:\/\/euapp01.newsmemory.com\/lamarseillaise\/news\/wp-json\/wp\/v2\/news-destination?post=38022"},{"taxonomy":"news-source","embeddable":true,"href":"https:\/\/euapp01.newsmemory.com\/lamarseillaise\/news\/wp-json\/wp\/v2\/news-source?post=38022"},{"taxonomy":"is_homepage","embeddable":true,"href":"https:\/\/euapp01.newsmemory.com\/lamarseillaise\/news\/wp-json\/wp\/v2\/is_homepage?post=38022"},{"taxonomy":"ta_other","embeddable":true,"href":"https:\/\/euapp01.newsmemory.com\/lamarseillaise\/news\/wp-json\/wp\/v2\/ta_other?post=38022"}],"curies":[{"name":"wp","href":"https:\/\/api.w.org\/{rel}","templated":true}]}}