{"id":38019,"date":"2026-07-31T08:41:00","date_gmt":"2026-07-31T06:41:00","guid":{"rendered":"https:\/\/euapp01.newsmemory.com\/lamarseillaise\/news\/?p=38019"},"modified":"2026-08-06T08:09:48","modified_gmt":"2026-08-06T06:09:48","slug":"fibre-excellence-de-lespoir-a-la-liquidation-le-desarroi-des-salaries","status":"publish","type":"post","link":"https:\/\/euapp01.newsmemory.com\/lamarseillaise\/news\/2026\/07\/31\/fibre-excellence-de-lespoir-a-la-liquidation-le-desarroi-des-salaries\/","title":{"rendered":"[Fibre Excellence] De l\u2019espoir \u00e0 la liquidation, le d\u00e9sarroi des salari\u00e9s"},"content":{"rendered":"<div class=\"paragraph\">\n<p>De l\u2019ext\u00e9rieur, la trentaine de salari\u00e9s attabl\u00e9s devant l\u2019usine semble d\u00e9tendue. Entre quelques rires et des discussions anim\u00e9es, l\u2019atmosph\u00e8re para\u00eet presque l\u00e9g\u00e8re. Mais d\u00e8s que la liquidation judiciaire de leur entreprise est \u00e9voqu\u00e9e, les sourires disparaissent.<\/p>\n<p>Seuls quelques-uns acceptent de t\u00e9moigner aupr\u00e8s des m\u00e9dias depuis l\u2019annonce, mercredi, de l\u2019arr\u00eat de l\u2019activit\u00e9. Encore moins acceptent d\u2019\u00eatre photographi\u00e9s, par peur de \u00ab\u00a0<i>se griller<\/i><i>\u00a0<\/i>\u00bb aupr\u00e8s d\u2019un futur employeur. M\u00eame si actions et projets sont \u00e9voqu\u00e9s pour les prochaines semaines et les prochains mois, beaucoup peinent \u00e0 se projeter. \u00ab<i>\u00a0<\/i><i>Tout le monde sera parti<\/i><i>\u00a0<\/i>\u00bb, glisse am\u00e8rement l\u2019un d\u2019eux. Tout en esp\u00e9rant simplement \u00ab\u00a0<i>qu\u2019ils auront de quoi se nourrir pour les six ou douze prochains mois<\/i>\u00a0\u00bb. \u00ab\u00a0<i>On se retrouve pour \u00eatre ensemble, ne pas rester seuls \u00e0 la maison, \u00e0 ruminer<\/i>\u00a0\u00bb, ajoute un autre.<\/p>\n<\/p><\/div>\n<div class=\"intext\"> \u00ab\u00a0\u00c7a nous inqui\u00e8te\u00a0\u00bb\n              <\/div>\n<div class=\"paragraph\">\n<p><a href=\"https:\/\/www.lamarseillaise.fr\/social\/l-usine-fibre-excellence-de-tarascon-bloquee-par-les-syndicats-BC20555994\">Ils sont une trentaine pr\u00e9sents ce jeudi en fin de matin\u00e9e<\/a>. Selon eux, une soixantaine de personnes passent chaque jour sur le site au gr\u00e9 des all\u00e9es et venues. Une grande partie des effectifs ne vient donc pas. \u00ab\u00a0<i>Certains sont en famille. Mais ceux qui sont seuls, \u00e7a nous inqui\u00e8te<\/i><i>\u00a0<\/i>\u00bb, l\u00e2che un salari\u00e9 au t-shirt gris frapp\u00e9 du logo Fibre Excellence.<\/p>\n<p>Aim\u00e9, technicien de pilotage depuis plus de 11\u00a0ans dans l\u2019entreprise, a du mal \u00e0 dig\u00e9rer\u00a0: \u00ab\u00a0<i>J\u2019avais des projets, notamment de faire un enfant. Mais un coup d\u2019arr\u00eat comme celui-ci met tout en suspens, parce qu\u2019il n\u2019y a pas d\u2019avenir<\/i>.\u00a0\u00bb D\u00e9j\u00e0 confront\u00e9 au plan de sauvegarde de l\u2019emploi de 2021, il dit ressentir une profonde fatigue apr\u00e8s plusieurs ann\u00e9es d\u2019incertitude et tente d\u00e9sormais de se tourner vers l\u2019avenir\u00a0: \u00ab<i>\u00a0<\/i><i>J\u2019ai des possibilit\u00e9s, mais \u00e0 la base, je suis \u00e9lectrotechnicien. Je dois reprendre du d\u00e9part<\/i>.\u00a0\u00bb<\/p>\n<p>\u00c0 c\u00f4t\u00e9, les discussions entre salari\u00e9s au sujet de leur avenir sont difficiles. La plupart ne font gu\u00e8re confiance \u00e0 la \u00ab\u00a0<i>prestation grands licenciements<\/i>\u00a0\u00bb, annonc\u00e9e par le ministre d\u00e9l\u00e9gu\u00e9 charg\u00e9 de l\u2019Industrie, S\u00e9bastien Martin. \u00ab\u00a0<i>On nous consid\u00e8re comme des machines. Pour moi, il n\u2019y a quasiment aucun accompagnement social ou psychologique<\/i><i>\u00a0<\/i>\u00bb, s\u2019insurge Martine, qui affiche plus de dix ans d\u2019anciennet\u00e9 dans l\u2019entreprise de p\u00e2te \u00e0 papier. Elle en veut \u00e0 son ancienne direction. \u00ab\u00a0<i>Je pense qu\u2019il y a des miroirs qui ont d\u00fb se casser dans les salles de nos dirigeants. Ils n\u2019ont m\u00eame pas eu la d\u00e9cence de d\u00e9missionner, alors qu\u2019ils nous ont envoy\u00e9s dans le mur<\/i><i>\u00a0<\/i>\u00bb, regrette-t-elle.<\/p>\n<\/p><\/div>\n","protected":false},"excerpt":{"rendered":"De l&rsquo;ext&eacute;rieur, la trentaine de salari&eacute;s attabl&eacute;s devant l&rsquo;usine semble d&eacute;tendue. Entre quelques rires et des discussions anim&eacute;es, l&rsquo;atmosph&egrave;re para&icirc;t presque l&eacute;g&egrave;re. &#8230;","protected":false},"author":1,"featured_media":38020,"comment_status":"open","ping_status":"open","sticky":false,"template":"","format":"standard","meta":{"footnotes":""},"categories":[3926,3925,331],"tags":[10,1490,4279,528,2123,1574,4281,1740],"news-destination":[3944],"news-source":[475],"is_homepage":[],"ta_other":[],"class_list":["post-38019","post","type-post","status-publish","format-standard","has-post-thumbnail","hentry","category-accueil-merge","category-accueil-third","category-social","tag-bouches-du-rhone","tag-direction","tag-fibre-excellence","tag-gouvernement","tag-licenciements","tag-liquidation-judiciaire","tag-pate-a-papier","tag-tarascon","news-destination-homepage","news-source-website"],"_links":{"self":[{"href":"https:\/\/euapp01.newsmemory.com\/lamarseillaise\/news\/wp-json\/wp\/v2\/posts\/38019","targetHints":{"allow":["GET"]}}],"collection":[{"href":"https:\/\/euapp01.newsmemory.com\/lamarseillaise\/news\/wp-json\/wp\/v2\/posts"}],"about":[{"href":"https:\/\/euapp01.newsmemory.com\/lamarseillaise\/news\/wp-json\/wp\/v2\/types\/post"}],"author":[{"embeddable":true,"href":"https:\/\/euapp01.newsmemory.com\/lamarseillaise\/news\/wp-json\/wp\/v2\/users\/1"}],"replies":[{"embeddable":true,"href":"https:\/\/euapp01.newsmemory.com\/lamarseillaise\/news\/wp-json\/wp\/v2\/comments?post=38019"}],"version-history":[{"count":1,"href":"https:\/\/euapp01.newsmemory.com\/lamarseillaise\/news\/wp-json\/wp\/v2\/posts\/38019\/revisions"}],"predecessor-version":[{"id":38021,"href":"https:\/\/euapp01.newsmemory.com\/lamarseillaise\/news\/wp-json\/wp\/v2\/posts\/38019\/revisions\/38021"}],"wp:featuredmedia":[{"embeddable":true,"href":"https:\/\/euapp01.newsmemory.com\/lamarseillaise\/news\/wp-json\/wp\/v2\/media\/38020"}],"wp:attachment":[{"href":"https:\/\/euapp01.newsmemory.com\/lamarseillaise\/news\/wp-json\/wp\/v2\/media?parent=38019"}],"wp:term":[{"taxonomy":"category","embeddable":true,"href":"https:\/\/euapp01.newsmemory.com\/lamarseillaise\/news\/wp-json\/wp\/v2\/categories?post=38019"},{"taxonomy":"post_tag","embeddable":true,"href":"https:\/\/euapp01.newsmemory.com\/lamarseillaise\/news\/wp-json\/wp\/v2\/tags?post=38019"},{"taxonomy":"news-destination","embeddable":true,"href":"https:\/\/euapp01.newsmemory.com\/lamarseillaise\/news\/wp-json\/wp\/v2\/news-destination?post=38019"},{"taxonomy":"news-source","embeddable":true,"href":"https:\/\/euapp01.newsmemory.com\/lamarseillaise\/news\/wp-json\/wp\/v2\/news-source?post=38019"},{"taxonomy":"is_homepage","embeddable":true,"href":"https:\/\/euapp01.newsmemory.com\/lamarseillaise\/news\/wp-json\/wp\/v2\/is_homepage?post=38019"},{"taxonomy":"ta_other","embeddable":true,"href":"https:\/\/euapp01.newsmemory.com\/lamarseillaise\/news\/wp-json\/wp\/v2\/ta_other?post=38019"}],"curies":[{"name":"wp","href":"https:\/\/api.w.org\/{rel}","templated":true}]}}