{"id":38016,"date":"2026-07-31T08:07:00","date_gmt":"2026-07-31T06:07:00","guid":{"rendered":"https:\/\/euapp01.newsmemory.com\/lamarseillaise\/news\/?p=38016"},"modified":"2026-08-06T07:56:48","modified_gmt":"2026-08-06T05:56:48","slug":"jaures-une-pensee-libre-assassinee-il-y-a-112-ans","status":"publish","type":"post","link":"https:\/\/euapp01.newsmemory.com\/lamarseillaise\/news\/2026\/07\/31\/jaures-une-pensee-libre-assassinee-il-y-a-112-ans\/","title":{"rendered":"Jaur\u00e8s, une pens\u00e9e libre assassin\u00e9e il y a 112&nbsp;ans"},"content":{"rendered":"<div class=\"paragraph\">\n<p>Le 31\u00a0juillet 1914, Jean Jaur\u00e8s est assassin\u00e9 par un nationaliste. Il est la premi\u00e8re victime de la guerre. Son enterrement, le 4\u00a0ao\u00fbt, co\u00efncide avec le d\u00e9but du conflit.<\/p>\n<p>La pens\u00e9e de Jaur\u00e8s \u00e9tait \u00e9minemment libre, toujours en mouvement, li\u00e9e intimement \u00e0 l\u2019action politique, mais aussi \u00e0 la recherche historique et philosophique.<\/p>\n<p>Alors que les calomnies les plus inf\u00e2mes de la r\u00e9action ont justifi\u00e9 par avance, sinon arm\u00e9, le bras de son assassin, des hommes et femmes politiques de droite et d\u2019extr\u00eame droite aujourd\u2019hui, h\u00e9ritiers de cette r\u00e9action et falsificateurs de l\u2019histoire osent se r\u00e9clamer de Jaur\u00e8s, sans la moindre vergogne.<\/p>\n<\/p><\/div>\n<div class=\"intext\"> Collaborateur<br \/>\n               <br \/>de la D\u00e9p\u00eache\n              <\/div>\n<div class=\"paragraph\">\n<p>N\u00e9 le 3\u00a0septembre 1859, \u00e0 Castres dans le Tarn, ce brillant \u00e9l\u00e8ve du lyc\u00e9e de la ville est re\u00e7u premier \u00e0 l\u2019ENS de la rue d\u2019Ulm, puis troisi\u00e8me \u00e0 l\u2019agr\u00e9gation de philosophie. Il enseigne d\u2019abord au lyc\u00e9e d\u2019Albi, ensuite \u00e0 la Facult\u00e9 de Toulouse. \u00c9lu d\u00e9put\u00e9 en 1885, il fait partie des r\u00e9publicains qui soutiennent la politique des gouvernants de l\u2019\u00e9poque, notamment celle de Jules Ferry.<\/p>\n<p>Docteur \u00e8s lettres en 1892, il continue son activit\u00e9 politique \u00e9voluant dans la mouvance radicale-socialiste. Il est aussi un collaborateur r\u00e9gulier de <i>La<\/i><i>\u00a0<\/i><i>D\u00e9p\u00eache de Toulouse<\/i> future <i>D\u00e9p\u00eache du Midi<\/i>.<\/p>\n<p>Aussi conseiller municipal de Toulouse, puis rapidement maire adjoint \u00e0 l\u2019instruction publique. Il \u00e9crit dans <i>La<\/i><i>\u00a0<\/i><i>D\u00e9p\u00eache<\/i> le 4\u00a0juin 1892 dans le contexte de l\u2019affaire Dreyfus, \u00ab\u00a0<i>c\u2019est qu\u2019au fond, il n\u2019y a qu\u2019une seule race, l\u2019humanit\u00e9<\/i>\u00a0\u00bb. Ses mots r\u00e9sonnent dans la France de 2026.<\/p>\n<p>Les gr\u00e8ves des mineurs de Carmaux de\u00a01892 \u00e0\u00a01895 vont le voir s\u2019engager r\u00e9solument de leur c\u00f4t\u00e9. Il comprend alors que le prol\u00e9tariat comme classe a en mains la cl\u00e9 du devenir de l\u2019humanit\u00e9\u00a0; il est la force sociale fondamentale capable de briser le syst\u00e8me de la propri\u00e9t\u00e9 priv\u00e9e des moyens de production, le syst\u00e8me capitaliste. La classe ouvri\u00e8re est la seule classe qui n\u2019a aucun int\u00e9r\u00eat distinct de celui de la soci\u00e9t\u00e9 globale, en cons\u00e9quence, elle est la classe porteuse de l\u2019avenir.<\/p>\n<p>Libre penseur et fort de sa vaste culture il conna\u00eet l\u2019histoire et le r\u00f4le jou\u00e9 par l\u2019\u00c9glise au travers des si\u00e8cles. C\u2019est dans ce contexte qu\u2019il a lutt\u00e9 contre l\u2019obscurantisme, d\u00e9fendu l\u2019\u00e9mancipation et \u0153uvr\u00e9 pour l\u2019\u00e9laboration et le vote de la loi de s\u00e9paration entre les \u00c9glises et l\u2019\u00c9tat.<\/p>\n<\/p><\/div>\n<div class=\"intext\"> Fondateur de l\u2019Humanit\u00e9\n              <\/div>\n<div class=\"paragraph\">\n<p>En 1904, Jean Jaur\u00e8s est l\u2019un des fondateurs du quotidien <i>L\u2019Humanit\u00e9<\/i>. Et le r\u00f4le de ce quotidien est capital dans cette p\u00e9riode. Le journal est de toutes les luttes. Il d\u00e9nonce la catastrophe de Courri\u00e8res et soutient les revendications ouvri\u00e8res, tente d\u2019arracher la France au \u00ab\u00a0gu\u00eapier marocain\u00a0\u00bb et surtout se dresse contre le p\u00e9ril de la guerre. Le 31\u00a0juillet, dans son ultime \u00e9ditorial, Jaur\u00e8s \u00e9crit\u00a0: \u00ab\u00a0<i>C\u2019est \u00e0 l\u2019intelligence du peuple, c\u2019est \u00e0 sa pens\u00e9e que nous devons aujourd\u2019hui faire appel si nous voulons qu\u2019il puisse rester ma\u00eetre du sol, refouler les paniques, dominer les \u00e9v\u00e9nements et surveiller la marche des hommes et des choses pour \u00e9carter de la race humaine l\u2019horreur de la guerre<\/i>\u00a0\u00bb.<\/p>\n<\/p><\/div>\n<div class=\"intext\"> Jaur\u00e8s, symbole<br \/>\n               <br \/>du pacifisme\n              <\/div>\n<div class=\"paragraph\">\n<p>\u00ab\u00a0<i>Ils ont tu\u00e9 Jaur\u00e8s<\/i>\u00a0\u00bb<\/p>\n<p>Jean Jaur\u00e8s aura lutt\u00e9 contre la guerre les dix derni\u00e8res ann\u00e9es de sa vie. \u00ab\u00a0<i>Le capitalisme porte la guerre comme la nu\u00e9e porte l\u2019orage<\/i>\u00a0\u00bb disait-il. Il s\u2019oppose notamment \u00e0 la loi des Trois ans qui veut augmenter la dur\u00e9e du service militaire de 2\u00a0\u00e0 3\u00a0ans pour pr\u00e9parer l\u2019arm\u00e9e fran\u00e7aise \u00e0 une guerre avec l\u2019Allemagne. Mais elle sera adopt\u00e9e malgr\u00e9 son discours devant 150\u00a0000\u00a0personnes le 25\u00a0mai au Pr\u00e9 Saint-Gervais donnant lieu \u00e0 la c\u00e9l\u00e8bre photo de Maurice-Louis Branger. Le 31\u00a0juillet 1914, Jean Jaur\u00e8s est assassin\u00e9. La mort de la figure embl\u00e9matique du pacifisme a \u00e9t\u00e9 suivi du ralliement de la gauche fran\u00e7aise \u00e0 \u00ab\u00a0l\u2019union sacr\u00e9e\u00a0\u00bb.<\/p>\n<\/p><\/div>\n","protected":false},"excerpt":{"rendered":"Le 31&nbsp;juillet 1914, Jean Jaur&egrave;s est assassin&eacute; par un nationaliste. Il est la premi&egrave;re victime de la guerre. Son enterrement, le 4&nbsp;ao&ucirc;t, co&iuml;ncide avec le d&eacute;but du conflit.La pens&eacute;e de &#8230;","protected":false},"author":1,"featured_media":38017,"comment_status":"open","ping_status":"open","sticky":false,"template":"","format":"standard","meta":{"footnotes":""},"categories":[3926,3925,1854,330],"tags":[2149,2727,618,441,572,876,280,389,3265,6194,5740,920,253,3663,121],"news-destination":[3944],"news-source":[475],"is_homepage":[],"ta_other":[],"class_list":["post-38016","post","type-post","status-publish","format-standard","has-post-thumbnail","hentry","category-accueil-merge","category-accueil-third","category-france","category-politique","tag-anniversaire","tag-assassinat","tag-devoir-de-memoire","tag-extreme-droite","tag-france","tag-greve","tag-histoire","tag-hommage","tag-humanite","tag-jean-jaures","tag-la-depeche-du-midi","tag-memoire","tag-mineurs","tag-mort","tag-paix","news-destination-homepage","news-source-website"],"_links":{"self":[{"href":"https:\/\/euapp01.newsmemory.com\/lamarseillaise\/news\/wp-json\/wp\/v2\/posts\/38016","targetHints":{"allow":["GET"]}}],"collection":[{"href":"https:\/\/euapp01.newsmemory.com\/lamarseillaise\/news\/wp-json\/wp\/v2\/posts"}],"about":[{"href":"https:\/\/euapp01.newsmemory.com\/lamarseillaise\/news\/wp-json\/wp\/v2\/types\/post"}],"author":[{"embeddable":true,"href":"https:\/\/euapp01.newsmemory.com\/lamarseillaise\/news\/wp-json\/wp\/v2\/users\/1"}],"replies":[{"embeddable":true,"href":"https:\/\/euapp01.newsmemory.com\/lamarseillaise\/news\/wp-json\/wp\/v2\/comments?post=38016"}],"version-history":[{"count":1,"href":"https:\/\/euapp01.newsmemory.com\/lamarseillaise\/news\/wp-json\/wp\/v2\/posts\/38016\/revisions"}],"predecessor-version":[{"id":38018,"href":"https:\/\/euapp01.newsmemory.com\/lamarseillaise\/news\/wp-json\/wp\/v2\/posts\/38016\/revisions\/38018"}],"wp:featuredmedia":[{"embeddable":true,"href":"https:\/\/euapp01.newsmemory.com\/lamarseillaise\/news\/wp-json\/wp\/v2\/media\/38017"}],"wp:attachment":[{"href":"https:\/\/euapp01.newsmemory.com\/lamarseillaise\/news\/wp-json\/wp\/v2\/media?parent=38016"}],"wp:term":[{"taxonomy":"category","embeddable":true,"href":"https:\/\/euapp01.newsmemory.com\/lamarseillaise\/news\/wp-json\/wp\/v2\/categories?post=38016"},{"taxonomy":"post_tag","embeddable":true,"href":"https:\/\/euapp01.newsmemory.com\/lamarseillaise\/news\/wp-json\/wp\/v2\/tags?post=38016"},{"taxonomy":"news-destination","embeddable":true,"href":"https:\/\/euapp01.newsmemory.com\/lamarseillaise\/news\/wp-json\/wp\/v2\/news-destination?post=38016"},{"taxonomy":"news-source","embeddable":true,"href":"https:\/\/euapp01.newsmemory.com\/lamarseillaise\/news\/wp-json\/wp\/v2\/news-source?post=38016"},{"taxonomy":"is_homepage","embeddable":true,"href":"https:\/\/euapp01.newsmemory.com\/lamarseillaise\/news\/wp-json\/wp\/v2\/is_homepage?post=38016"},{"taxonomy":"ta_other","embeddable":true,"href":"https:\/\/euapp01.newsmemory.com\/lamarseillaise\/news\/wp-json\/wp\/v2\/ta_other?post=38016"}],"curies":[{"name":"wp","href":"https:\/\/api.w.org\/{rel}","templated":true}]}}