{"id":38013,"date":"2026-07-31T08:13:00","date_gmt":"2026-07-31T06:13:00","guid":{"rendered":"https:\/\/euapp01.newsmemory.com\/lamarseillaise\/news\/?p=38013"},"modified":"2026-07-31T10:11:05","modified_gmt":"2026-07-31T08:11:05","slug":"fos-provence-basket-passe-a-lattaque-sur-le-mercato","status":"publish","type":"post","link":"https:\/\/euapp01.newsmemory.com\/lamarseillaise\/news\/2026\/07\/31\/fos-provence-basket-passe-a-lattaque-sur-le-mercato\/","title":{"rendered":"Fos Provence Basket passe \u00e0 l\u2019attaque sur le mercato"},"content":{"rendered":"<div class=\"paragraph\">\n<p>Nouveau look pour une nouvelle vie. Fos Provence Basket, d\u00e9fait en demi-finale d\u2019accession au mois de juin face \u00e0 Mulhouse, renouvelle ses troupes pour la saison \u00e0 venir. Apr\u00e8s l\u2019annonce du d\u00e9part de l\u2019entra\u00eeneur suisse Emmanuel Schmitt, puis de cadres comme Mounir Bernaoui, Jaraun Burrows et Domnick Bridgewater, sans oublier Willan Marie-Anais, qui a rejoint Abilene Christian dans le championnat universitaire am\u00e9ricain (NCAA), le club proven\u00e7al est pass\u00e9 \u00e0 l\u2019offensive sur le mercato.<\/p>\n<\/p><\/div>\n<div class=\"intext\"> Les petits d\u2019abord\n              <\/div>\n<div class=\"paragraph\">\n<p>Apr\u00e8s avoir conserv\u00e9 Yannis Mendy, Seydou Diallo, Warren Bouraima et Mahrez Karabi, pr\u00eat\u00e9 \u00e0 Lyonso, les BYers ont d\u2019abord officialis\u00e9 la pr\u00e9sence d\u2019Abgu\u00e9 Barakaou sur le banc foss\u00e9en. En provenance du C\u2019Chartres MB, l\u2019ex-meneur de la maison noire et jaune sera assist\u00e9 par son ancien co\u00e9quipier Mamadou Dia. Le nouveau staff technique s\u2019est pench\u00e9 en priorit\u00e9 sur les postes hauts. Apr\u00e8s deux belles saisons du c\u00f4t\u00e9 de Hy\u00e8res-Toulon (en Elite 2), Mathis Keita sera en charge de la m\u00e8ne. Il sera \u00e9paul\u00e9 par le \u00ab\u00a0combo-guard\u00a0\u00bb am\u00e9ricain Raijon Kelly, joueur d\u2019exp\u00e9rience pass\u00e9 par la Suisse, le Portugal et la Lituanie.<\/p>\n<p>Toujours dans le \u00ab\u00a0back-court\u00a0\u00bb, l\u2019arriv\u00e9e de l\u2019arri\u00e8re Maydden N\u2019nah-Ndong, fils de la l\u00e9gende du basket f\u00e9minin fran\u00e7ais G\u00e9raldine Robert, viendra apporter de la polyvalence. La signature de Jacques Eyoum au poste d\u2019ailier procure \u00e0 Fos-sur-Mer un profil plus d\u00e9fensif. L\u2019institution proven\u00e7ale est d\u00e9sormais focalis\u00e9e sur les postes bas, o\u00f9 Melvyn Da Silva, pass\u00e9 par le P\u00f4le Espoirs d\u2019Aix-en-Provence, est d\u00e9j\u00e0 tomb\u00e9 dans les filets des BYers.<\/p>\n<\/p><\/div>\n","protected":false},"excerpt":{"rendered":"Nouveau look pour une nouvelle vie. Fos Provence Basket, d&eacute;fait en demi-finale d&rsquo;accession au mois de juin face &agrave; Mulhouse, renouvelle ses troupes pour la saison &agrave; venir. Apr&egrave;s l&rsquo;annonce du d&eacute;part de &#8230;","protected":false},"author":1,"featured_media":38014,"comment_status":"open","ping_status":"open","sticky":false,"template":"","format":"standard","meta":{"footnotes":""},"categories":[7],"tags":[2987,10,482,1152,895],"news-destination":[],"news-source":[475],"is_homepage":[],"ta_other":[],"class_list":["post-38013","post","type-post","status-publish","format-standard","has-post-thumbnail","hentry","category-sports","tag-basket-ball","tag-bouches-du-rhone","tag-fos-sur-mer","tag-mercato","tag-provence","news-source-website"],"_links":{"self":[{"href":"https:\/\/euapp01.newsmemory.com\/lamarseillaise\/news\/wp-json\/wp\/v2\/posts\/38013","targetHints":{"allow":["GET"]}}],"collection":[{"href":"https:\/\/euapp01.newsmemory.com\/lamarseillaise\/news\/wp-json\/wp\/v2\/posts"}],"about":[{"href":"https:\/\/euapp01.newsmemory.com\/lamarseillaise\/news\/wp-json\/wp\/v2\/types\/post"}],"author":[{"embeddable":true,"href":"https:\/\/euapp01.newsmemory.com\/lamarseillaise\/news\/wp-json\/wp\/v2\/users\/1"}],"replies":[{"embeddable":true,"href":"https:\/\/euapp01.newsmemory.com\/lamarseillaise\/news\/wp-json\/wp\/v2\/comments?post=38013"}],"version-history":[{"count":1,"href":"https:\/\/euapp01.newsmemory.com\/lamarseillaise\/news\/wp-json\/wp\/v2\/posts\/38013\/revisions"}],"predecessor-version":[{"id":38015,"href":"https:\/\/euapp01.newsmemory.com\/lamarseillaise\/news\/wp-json\/wp\/v2\/posts\/38013\/revisions\/38015"}],"wp:featuredmedia":[{"embeddable":true,"href":"https:\/\/euapp01.newsmemory.com\/lamarseillaise\/news\/wp-json\/wp\/v2\/media\/38014"}],"wp:attachment":[{"href":"https:\/\/euapp01.newsmemory.com\/lamarseillaise\/news\/wp-json\/wp\/v2\/media?parent=38013"}],"wp:term":[{"taxonomy":"category","embeddable":true,"href":"https:\/\/euapp01.newsmemory.com\/lamarseillaise\/news\/wp-json\/wp\/v2\/categories?post=38013"},{"taxonomy":"post_tag","embeddable":true,"href":"https:\/\/euapp01.newsmemory.com\/lamarseillaise\/news\/wp-json\/wp\/v2\/tags?post=38013"},{"taxonomy":"news-destination","embeddable":true,"href":"https:\/\/euapp01.newsmemory.com\/lamarseillaise\/news\/wp-json\/wp\/v2\/news-destination?post=38013"},{"taxonomy":"news-source","embeddable":true,"href":"https:\/\/euapp01.newsmemory.com\/lamarseillaise\/news\/wp-json\/wp\/v2\/news-source?post=38013"},{"taxonomy":"is_homepage","embeddable":true,"href":"https:\/\/euapp01.newsmemory.com\/lamarseillaise\/news\/wp-json\/wp\/v2\/is_homepage?post=38013"},{"taxonomy":"ta_other","embeddable":true,"href":"https:\/\/euapp01.newsmemory.com\/lamarseillaise\/news\/wp-json\/wp\/v2\/ta_other?post=38013"}],"curies":[{"name":"wp","href":"https:\/\/api.w.org\/{rel}","templated":true}]}}