{"id":38010,"date":"2026-07-31T08:15:00","date_gmt":"2026-07-31T06:15:00","guid":{"rendered":"https:\/\/euapp01.newsmemory.com\/lamarseillaise\/news\/?p=38010"},"modified":"2026-07-31T10:03:33","modified_gmt":"2026-07-31T08:03:33","slug":"bertille-cousson-va-plonger-dans-le-grand-bain-avec-les-bleus","status":"publish","type":"post","link":"https:\/\/euapp01.newsmemory.com\/lamarseillaise\/news\/2026\/07\/31\/bertille-cousson-va-plonger-dans-le-grand-bain-avec-les-bleus\/","title":{"rendered":"Bertille Cousson va plonger dans le grand bain avec les Bleus"},"content":{"rendered":"<div class=\"paragraph\">\n<p>Un mois apr\u00e8s son sacre national, elle n\u2019en revient toujours pas d\u2019\u00eatre devenue la cinqui\u00e8me meilleure performeuse fran\u00e7aise sur 200m dos. Bertille Cousson, 23\u00a0ans, a marqu\u00e9 les esprits des derniers championnats de France organis\u00e9s \u00e0 Saint-Etienne. Gr\u00e2ce \u00e0 sa victoire jug\u00e9e \u00ab<i>\u00a0<\/i><i>h\u00e9ro\u00efque<\/i><i>\u00a0<\/i>\u00bb, acquise avec un chrono de 2\u00a0minutes, 8\u00a0secondes et 67\u00a0centi\u00e8mes, meilleure performance europ\u00e9enne de la saison au passage, la pensionnaire du Cercle des nageurs de Marseille a valid\u00e9 sa qualification pour les championnats d\u2019Europe. \u00ab<i>\u00a0<\/i><i>Je ne m\u2019y attendais pas du tout<\/i><i>\u00a0<\/i>\u00bb, confie celle qui s\u2019appr\u00eate \u00e0 vivre sa premi\u00e8re s\u00e9lection avec l\u2019\u00e9quipe de France. La jeune Picarde, n\u00e9e \u00e0 Compi\u00e8gne, a toutefois \u00e9t\u00e9 d\u00e9j\u00e0 convoqu\u00e9e avec les Bleus dans les cat\u00e9gories juniors et U23. Elle a notamment \u00e9t\u00e9 championne de France benjamine \u00e0 l\u2019\u00e2ge de 13\u00a0ans, en battant le record de France du 200m quatre nages de Camille Muffat au m\u00eame \u00e2ge. Mais Bertille n\u2019avait jamais r\u00e9ussi \u00ab<i>\u00a0<\/i><i>\u00e0 franchir le cap de l\u2019\u00e9quipe de France A<\/i><i>\u00a0<\/i>\u00bb. \u00ab<i>\u00a0<\/i><i>Je suis arriv\u00e9e en septembre dernier au Cercle des nageurs de Marseille. Et souvent, on dit qu\u2019il nous faut un an pour s\u2019adapter. Honn\u00eatement, j\u2019avais l\u2019impression que c\u2019\u00e9tait le cas parce que les perfs \u00e9taient un peu loin de mes meilleurs temps de base<\/i><i>\u00a0<\/i>\u00bb, explique-t-elle. Un constat qui ne l\u2019a pourtant jamais fait douter de ses capacit\u00e9s. \u00ab<i>\u00a0<\/i><i>Mon corps a chang\u00e9, j\u2019avais beaucoup chang\u00e9 de choses dans la mani\u00e8re de vivre. Donc, je savais qu\u2019il fallait que mon corps assume un petit peu tout ce qu\u2019on a fait<\/i><i>\u00a0<\/i>\u00bb, poursuit l\u2019\u00e9tudiante qui vient de terminer sa licence de physique chimie \u00e0 l\u2019universit\u00e9 Aix-Marseille<i>.<\/i><\/p>\n<\/p><\/div>\n<div class=\"intext\"> Le d\u00e9clic marseillais\n              <\/div>\n<div class=\"paragraph\">\n<p>Son transfert dans le club phare phoc\u00e9en lui a permis de progresser sur de nombreux points, sous la supervision de l\u2019entra\u00eeneur salonais Franck Esposito, qu\u2019elle retrouvera dans la Capitale. \u00ab<i>\u00a0<\/i><i>J\u2019ai beaucoup travaill\u00e9 sur ma nutrition. On a \u00e9galement mis l\u2019accent sur la musculation, mais il y a aussi eu un important travail mental. J\u2019ai gagn\u00e9 en force dans l\u2019eau et \u00e9norm\u00e9ment progress\u00e9 sur les parties nag\u00e9es, qui constituent l\u2019une des grandes forces du Cercle des nageurs de Marseille<\/i><i>\u00a0<\/i>\u00bb, d\u00e9taille Cousson. Elle estime qu\u2019elle avait<i> <\/i>\u00ab<i>\u00a0<\/i><i>l\u2019impression de conna\u00eetre le haut niveau<\/i><i>\u00a0<\/i>\u00bb, mais que son arriv\u00e9e dans la cit\u00e9 phoc\u00e9enne lui a permis de comprendre \u00ab<i>\u00a0<\/i><i>ce qu\u2019est le professionnalisme<\/i><i>\u00a0<\/i>\u00bb. Dans le bassin qui a accueilli les Jeux olympiques deux ans plus t\u00f4t, elle aura \u00e0 c\u0153ur d\u2019\u00eatre \u00e0 la hauteur.<i> <\/i>\u00ab<i>\u00a0<\/i><i>C\u2019est la premi\u00e8re fois o\u00f9 je vais plus \u00eatre l\u2019outsider, mais celle un peu la t\u00eate \u00e0 abattre. Donc, il faut que j\u2019assume pleinement cette place<\/i><i>\u00a0<\/i>\u00bb, souligne Bertille, sans \u00eatre gagn\u00e9e par le stress pour autant. \u00ab<i>\u00a0<\/i><i>Je sais que je peux faire de grandes choses, mais le but, \u00e7a sera de passer le plus de paliers possible. Je n\u2019ai pas envie de br\u00fbler les \u00e9tapes en me voyant d\u00e9j\u00e0 en finale<\/i><i>\u00a0<\/i>\u00bb, pr\u00e9vient celle qui a rejoint Vichy, jeudi, pour une semaine de pr\u00e9paration collective avec l\u2019\u00e9quipe de France. Place aux choses s\u00e9rieuses.<\/p>\n<\/p><\/div>\n<div class=\"paragraph\">\n<p><b>Top d\u00e9part<\/b><\/p>\n<p>Deux ans apr\u00e8s les Jeux, Paris s\u2019appr\u00eate \u00e0 retrouver ses airs olympiques \u00e0 l\u2019occasion des Championnats d\u2019Europe de natation, qui s\u2019ouvrent ce vendredi pour deux semaines de comp\u00e9tition. Les premi\u00e8res \u00e9preuves mettront \u00e0 l\u2019honneur la natation artistique, avant le plongeon et les \u00e9preuves en eau libre, qui retrouveront la Seine comme \u00e9crin. Les h\u00e9ros des Jeux olympiques de Paris 2024, L\u00e9on Marchand en t\u00eate, accompagn\u00e9s de Maxime Grousset et Yohann Ndoye-Brouard, entreront en sc\u00e8ne \u00e0 partir du 10 ao\u00fbt au Centre aquatique olympique (CAO) de Saint-Denis.<\/p>\n<\/p><\/div>\n","protected":false},"excerpt":{"rendered":"Un mois apr&egrave;s son sacre national, elle n&rsquo;en revient toujours pas d&rsquo;&ecirc;tre devenue la cinqui&egrave;me meilleure performeuse fran&ccedil;aise sur 200m dos. Bertille Cousson, 23&nbsp;ans, a marqu&eacute; les esprits des derniers &#8230;","protected":false},"author":1,"featured_media":38011,"comment_status":"open","ping_status":"open","sticky":false,"template":"","format":"standard","meta":{"footnotes":""},"categories":[7],"tags":[10,1833,1162,598,16,1752,571],"news-destination":[],"news-source":[475],"is_homepage":[],"ta_other":[],"class_list":["post-38010","post","type-post","status-publish","format-standard","has-post-thumbnail","hentry","category-sports","tag-bouches-du-rhone","tag-cercle-des-nageurs","tag-championnats","tag-europe","tag-marseille","tag-natation","tag-paris","news-source-website"],"_links":{"self":[{"href":"https:\/\/euapp01.newsmemory.com\/lamarseillaise\/news\/wp-json\/wp\/v2\/posts\/38010","targetHints":{"allow":["GET"]}}],"collection":[{"href":"https:\/\/euapp01.newsmemory.com\/lamarseillaise\/news\/wp-json\/wp\/v2\/posts"}],"about":[{"href":"https:\/\/euapp01.newsmemory.com\/lamarseillaise\/news\/wp-json\/wp\/v2\/types\/post"}],"author":[{"embeddable":true,"href":"https:\/\/euapp01.newsmemory.com\/lamarseillaise\/news\/wp-json\/wp\/v2\/users\/1"}],"replies":[{"embeddable":true,"href":"https:\/\/euapp01.newsmemory.com\/lamarseillaise\/news\/wp-json\/wp\/v2\/comments?post=38010"}],"version-history":[{"count":1,"href":"https:\/\/euapp01.newsmemory.com\/lamarseillaise\/news\/wp-json\/wp\/v2\/posts\/38010\/revisions"}],"predecessor-version":[{"id":38012,"href":"https:\/\/euapp01.newsmemory.com\/lamarseillaise\/news\/wp-json\/wp\/v2\/posts\/38010\/revisions\/38012"}],"wp:featuredmedia":[{"embeddable":true,"href":"https:\/\/euapp01.newsmemory.com\/lamarseillaise\/news\/wp-json\/wp\/v2\/media\/38011"}],"wp:attachment":[{"href":"https:\/\/euapp01.newsmemory.com\/lamarseillaise\/news\/wp-json\/wp\/v2\/media?parent=38010"}],"wp:term":[{"taxonomy":"category","embeddable":true,"href":"https:\/\/euapp01.newsmemory.com\/lamarseillaise\/news\/wp-json\/wp\/v2\/categories?post=38010"},{"taxonomy":"post_tag","embeddable":true,"href":"https:\/\/euapp01.newsmemory.com\/lamarseillaise\/news\/wp-json\/wp\/v2\/tags?post=38010"},{"taxonomy":"news-destination","embeddable":true,"href":"https:\/\/euapp01.newsmemory.com\/lamarseillaise\/news\/wp-json\/wp\/v2\/news-destination?post=38010"},{"taxonomy":"news-source","embeddable":true,"href":"https:\/\/euapp01.newsmemory.com\/lamarseillaise\/news\/wp-json\/wp\/v2\/news-source?post=38010"},{"taxonomy":"is_homepage","embeddable":true,"href":"https:\/\/euapp01.newsmemory.com\/lamarseillaise\/news\/wp-json\/wp\/v2\/is_homepage?post=38010"},{"taxonomy":"ta_other","embeddable":true,"href":"https:\/\/euapp01.newsmemory.com\/lamarseillaise\/news\/wp-json\/wp\/v2\/ta_other?post=38010"}],"curies":[{"name":"wp","href":"https:\/\/api.w.org\/{rel}","templated":true}]}}