{"id":38007,"date":"2026-07-31T10:27:00","date_gmt":"2026-07-31T08:27:00","guid":{"rendered":"https:\/\/euapp01.newsmemory.com\/lamarseillaise\/news\/?p=38007"},"modified":"2026-07-31T12:04:20","modified_gmt":"2026-07-31T10:04:20","slug":"la-metropole-en-soutien-a-lird","status":"publish","type":"post","link":"https:\/\/euapp01.newsmemory.com\/lamarseillaise\/news\/2026\/07\/31\/la-metropole-en-soutien-a-lird\/","title":{"rendered":"La M\u00e9tropole en soutien \u00e0 l\u2019IRD"},"content":{"rendered":"<div class=\"paragraph\">\n<p>C\u2019est par un courrier adress\u00e9 \u00e0 Philippe Baptiste, ministre de l&#8217;Enseignement sup\u00e9rieur, de la Recherche et de l&#8217;Espace et \u00e0 Jean-No\u00ebl Barrot, ministre de l&#8217;Europe et des Affaires \u00e9trang\u00e8res qui est d\u2019ailleurs attendu \u00e0 Aix-en-Provence et Marseille ce vendredi 31\u00a0juillet, que Nicolas Isnard, pr\u00e9sident de la M\u00e9tropole Aix-Marseille Provence a plaid\u00e9 en faveur du maintien des \u00ab\u00a0<i>missions et fonctions de l&#8217;IRD sur Marseille<\/i>\u00a0\u00bb.<\/p>\n<p>Le gouvernement envisage en effet une fusion entre l&#8217;Institut de Recherche pour le D\u00e9veloppement (IRD), dont le si\u00e8ge est \u00e0 Marseille, et le Centre National de la Recherche Scientifique (CNRS), bas\u00e9 \u00e0 Paris. L\u2019option inqui\u00e8te chercheurs, agents et syndicats de ce fleuron (voir nos <a href=\"https:\/\/www.lamarseillaise.fr\/societe\/l-ird-fleuron-de-la-recherche-cible-de-l-etat-JF20525286\">\u00e9ditions du 23<\/a> et <a href=\"https:\/\/www.lamarseillaise.fr\/social\/des-modalites-de-fusion-incertaines-pour-l-ird-DD20547765\">du 29\u00a0<\/a><a href=\"https:\/\/www.lamarseillaise.fr\/social\/des-modalites-de-fusion-incertaines-pour-l-ird-DD20547765\">juillet<\/a>).<\/p>\n<p>Une inqui\u00e9tude partag\u00e9e par la M\u00e9tropole qui rappelle notamment que le travail de l\u2019IRD \u00ab\u00a0<i>trouve sa logique dans une relation scientifique entretenue depuis les ann\u00e9es 1980 avec des laboratoires marseillais, mais aussi dans la volont\u00e9 du gouvernement de faire de Marseille son hub vers les pays de la M\u00e9diterran\u00e9e et de l\u2019Afrique<\/i><i>\u00a0<\/i>\u00bb.<\/p>\n<p>Aussi le pr\u00e9sident de la M\u00e9tropole demande-t-il explicitement au gouvernement \u00ab\u00a0<i>d&#8217;infl\u00e9chir sa copie, afin que ce rapprochement ne se fasse pas au d\u00e9triment du travail des \u00e9quipes de l&#8217;IRD, qui ont besoin de la proximit\u00e9 avec leurs partenaires marseillais, ni de ses objectifs qui s&#8217;inscrivent dans l&#8217;accompagnement au d\u00e9veloppement des pays du Sud, notamment ceux de la M\u00e9diterran\u00e9e et de l&#8217;Afrique, dont la M\u00e9tropole est le hub naturel pour la France et l&#8217;Europe<\/i>\u00a0\u00bb.<\/p>\n<\/p><\/div>\n","protected":false},"excerpt":{"rendered":"C&rsquo;est par un courrier adress&eacute; &agrave; Philippe Baptiste, ministre de l&#8217;Enseignement sup&eacute;rieur, de la Recherche et de l&#8217;Espace et &agrave; Jean-No&euml;l Barrot, ministre de l&#8217;Europe et des Affaires &eacute;trang&egrave;res qui &#8230;","protected":false},"author":1,"featured_media":38008,"comment_status":"open","ping_status":"open","sticky":false,"template":"","format":"standard","meta":{"footnotes":""},"categories":[20],"tags":[1464,10,2482,4612,1693,16,671,416,1058,393],"news-destination":[],"news-source":[475],"is_homepage":[],"ta_other":[],"class_list":["post-38007","post","type-post","status-publish","format-standard","has-post-thumbnail","hentry","category-societe","tag-afrique","tag-bouches-du-rhone","tag-cnrs","tag-enseignement-superieur","tag-ird","tag-marseille","tag-metropole-aix-marseille","tag-recherche-scientifique","tag-science","tag-soutien","news-source-website"],"_links":{"self":[{"href":"https:\/\/euapp01.newsmemory.com\/lamarseillaise\/news\/wp-json\/wp\/v2\/posts\/38007","targetHints":{"allow":["GET"]}}],"collection":[{"href":"https:\/\/euapp01.newsmemory.com\/lamarseillaise\/news\/wp-json\/wp\/v2\/posts"}],"about":[{"href":"https:\/\/euapp01.newsmemory.com\/lamarseillaise\/news\/wp-json\/wp\/v2\/types\/post"}],"author":[{"embeddable":true,"href":"https:\/\/euapp01.newsmemory.com\/lamarseillaise\/news\/wp-json\/wp\/v2\/users\/1"}],"replies":[{"embeddable":true,"href":"https:\/\/euapp01.newsmemory.com\/lamarseillaise\/news\/wp-json\/wp\/v2\/comments?post=38007"}],"version-history":[{"count":2,"href":"https:\/\/euapp01.newsmemory.com\/lamarseillaise\/news\/wp-json\/wp\/v2\/posts\/38007\/revisions"}],"predecessor-version":[{"id":38085,"href":"https:\/\/euapp01.newsmemory.com\/lamarseillaise\/news\/wp-json\/wp\/v2\/posts\/38007\/revisions\/38085"}],"wp:featuredmedia":[{"embeddable":true,"href":"https:\/\/euapp01.newsmemory.com\/lamarseillaise\/news\/wp-json\/wp\/v2\/media\/38008"}],"wp:attachment":[{"href":"https:\/\/euapp01.newsmemory.com\/lamarseillaise\/news\/wp-json\/wp\/v2\/media?parent=38007"}],"wp:term":[{"taxonomy":"category","embeddable":true,"href":"https:\/\/euapp01.newsmemory.com\/lamarseillaise\/news\/wp-json\/wp\/v2\/categories?post=38007"},{"taxonomy":"post_tag","embeddable":true,"href":"https:\/\/euapp01.newsmemory.com\/lamarseillaise\/news\/wp-json\/wp\/v2\/tags?post=38007"},{"taxonomy":"news-destination","embeddable":true,"href":"https:\/\/euapp01.newsmemory.com\/lamarseillaise\/news\/wp-json\/wp\/v2\/news-destination?post=38007"},{"taxonomy":"news-source","embeddable":true,"href":"https:\/\/euapp01.newsmemory.com\/lamarseillaise\/news\/wp-json\/wp\/v2\/news-source?post=38007"},{"taxonomy":"is_homepage","embeddable":true,"href":"https:\/\/euapp01.newsmemory.com\/lamarseillaise\/news\/wp-json\/wp\/v2\/is_homepage?post=38007"},{"taxonomy":"ta_other","embeddable":true,"href":"https:\/\/euapp01.newsmemory.com\/lamarseillaise\/news\/wp-json\/wp\/v2\/ta_other?post=38007"}],"curies":[{"name":"wp","href":"https:\/\/api.w.org\/{rel}","templated":true}]}}