{"id":38004,"date":"2026-07-31T07:50:00","date_gmt":"2026-07-31T05:50:00","guid":{"rendered":"https:\/\/euapp01.newsmemory.com\/lamarseillaise\/news\/?p=38004"},"modified":"2026-08-06T07:43:46","modified_gmt":"2026-08-06T05:43:46","slug":"la-concertation-publique-de-la-sncf-souligne-les-attentes-des-habitants-des-hautes-alpes","status":"publish","type":"post","link":"https:\/\/euapp01.newsmemory.com\/lamarseillaise\/news\/2026\/07\/31\/la-concertation-publique-de-la-sncf-souligne-les-attentes-des-habitants-des-hautes-alpes\/","title":{"rendered":"La concertation publique de la SNCF souligne les attentes des habitants des Hautes-Alpes"},"content":{"rendered":"<div class=\"paragraph\">\n<p>Alors que les chantiers du plan de modernisation ferroviaire des Alpes du sud \u00e0 367\u00a0millions d\u2019euros d\u00e9buteront en 2027, la SNCF avait promis de consulter et d\u2019associer au projet les premiers concern\u00e9s, \u00e0 savoir les habitants des Hautes-Alpes. Et ils ont r\u00e9pondu pr\u00e9sents. La SNCF a publi\u00e9 ce mercredi le bilan de ces consultations men\u00e9es du 13\u00a0avril au 29\u00a0mai\u00a0: 4\u00a0428\u00a0visiteurs uniques se sont rendus sur le site internet et 193\u00a0personnes ont particip\u00e9 aux diff\u00e9rentes r\u00e9unions publiques, pour un total de 462\u00a0contributions recueillies. Parmi les demandes les plus cit\u00e9es, 86 appellent \u00e0 d\u00e9velopper un train du quotidien, 74 \u00e0 augmenter la fr\u00e9quence de passage et mieux adapter les horaires, 66 \u00e0 d\u00e9senclaver le territoire, 32 \u00e0 am\u00e9liorer la fiabilit\u00e9 et r\u00e9duire le temps de trajet, 54 \u00e0 am\u00e9liorer et maintenir les dessertes, et enfin 51 \u00e0 rouvrir des gares. Si le document ne liste pas chaque proposition concr\u00e8te, la consultation dessine une demande claire\u00a0: le retour d\u2019un train pens\u00e9 pour l\u2019usage quotidien de ses habitants.<\/p>\n<\/p><\/div>\n<div class=\"intext\"> Peu d\u2019id\u00e9es nouvelles retenues\n              <\/div>\n<div class=\"paragraph\">\n<p>Est-ce que ces propositions ont \u00e9t\u00e9 entendues et int\u00e9gr\u00e9es dans le projet\u00a0? C\u2019est l\u00e0 que le b\u00e2t blesse. \u00ab\u00a0<i>La concertation a donc confirm\u00e9 l\u2019opportunit\u00e9 du projet pour assurer la sauvegarde et la remise \u00e0 niveau de la ligne des Alpes du Sud<\/i>\u00a0\u00bb, affirme le document. Si la participation \u00e0 la consultation confirme les attentes locales d\u2019une r\u00e9novation du rail, peu de propositions vraiment nouvelles ou innovantes ont \u00e9t\u00e9 retenues. Exit l\u2019\u00e9lectrification de la ligne, jug\u00e9e trop co\u00fbteuse en l\u2019\u00e9tat, idem pour le doublement des voies, quant \u00e0 la r\u00e9ouverture de l\u2019axe Digne-les-Bains &#8211; Saint-Auban, demand\u00e9e localement depuis pr\u00e8s de trois d\u00e9cennies, \u00ab\u00a0<i>l\u2019\u00e9quilibre socio-\u00e9conomique de cette r\u00e9ouverture n\u2019a pas encore \u00e9t\u00e9 d\u00e9montr\u00e9 par les \u00e9tudes r\u00e9alis\u00e9es \u00e0 date<\/i>\u00a0\u00bb<i>, <\/i>selon la SNCF.<\/p>\n<p>Quant \u00e0 la demande de r\u00e9ouverture des gares, l\u2019entreprise \u00ab\u00a0<i>prend acte des demandes locales<\/i>\u00a0\u00bb mais cet objectif \u00ab\u00a0<i>ne fait pas l\u2019objet du programme pr\u00e9vu et des investissements financiers convenus pour le projet<\/i><i>\u00a0<\/i>\u00bb. Enfin, alors que la faible fr\u00e9quence de passage et les tarifs font r\u00e9guli\u00e8rement l\u2019objet de critiques d\u2019usagers, l\u2019entreprise rappelle que ces \u00e9l\u00e9ments rel\u00e8vent de la comp\u00e9tence de la r\u00e9gion Paca pour le TER et de l\u2019\u00c9tat pour le train de nuit.<\/p>\n<\/p><\/div>\n","protected":false},"excerpt":{"rendered":"Alors que les chantiers du plan de modernisation ferroviaire des Alpes du sud &agrave; 367&nbsp;millions d&rsquo;euros d&eacute;buteront en 2027, la SNCF avait promis de consulter et d&rsquo;associer au projet les premiers concern&eacute;s, &agrave; &#8230;","protected":false},"author":1,"featured_media":38005,"comment_status":"open","ping_status":"open","sticky":false,"template":"","format":"standard","meta":{"footnotes":""},"categories":[3926,3925,5237,20],"tags":[4768,1624,146,1900,2190,674,106,4468,3966,4218,3099,80,714,1388,1110,1330,137,348,2396],"news-destination":[3944],"news-source":[475],"is_homepage":[],"ta_other":[],"class_list":["post-38004","post","type-post","status-publish","format-standard","has-post-thumbnail","hentry","category-accueil-merge","category-accueil-third","category-locale","category-societe","tag-alpes","tag-chantiers","tag-concertation","tag-etat","tag-ferroviaire","tag-gares","tag-habitants","tag-hautes-alpes","tag-jean-castex","tag-jo2030","tag-modernisation","tag-paca","tag-region-sud","tag-sncf","tag-tarifs","tag-ter","tag-territoire","tag-train","tag-usagers","news-destination-homepage","news-source-website"],"_links":{"self":[{"href":"https:\/\/euapp01.newsmemory.com\/lamarseillaise\/news\/wp-json\/wp\/v2\/posts\/38004","targetHints":{"allow":["GET"]}}],"collection":[{"href":"https:\/\/euapp01.newsmemory.com\/lamarseillaise\/news\/wp-json\/wp\/v2\/posts"}],"about":[{"href":"https:\/\/euapp01.newsmemory.com\/lamarseillaise\/news\/wp-json\/wp\/v2\/types\/post"}],"author":[{"embeddable":true,"href":"https:\/\/euapp01.newsmemory.com\/lamarseillaise\/news\/wp-json\/wp\/v2\/users\/1"}],"replies":[{"embeddable":true,"href":"https:\/\/euapp01.newsmemory.com\/lamarseillaise\/news\/wp-json\/wp\/v2\/comments?post=38004"}],"version-history":[{"count":1,"href":"https:\/\/euapp01.newsmemory.com\/lamarseillaise\/news\/wp-json\/wp\/v2\/posts\/38004\/revisions"}],"predecessor-version":[{"id":38006,"href":"https:\/\/euapp01.newsmemory.com\/lamarseillaise\/news\/wp-json\/wp\/v2\/posts\/38004\/revisions\/38006"}],"wp:featuredmedia":[{"embeddable":true,"href":"https:\/\/euapp01.newsmemory.com\/lamarseillaise\/news\/wp-json\/wp\/v2\/media\/38005"}],"wp:attachment":[{"href":"https:\/\/euapp01.newsmemory.com\/lamarseillaise\/news\/wp-json\/wp\/v2\/media?parent=38004"}],"wp:term":[{"taxonomy":"category","embeddable":true,"href":"https:\/\/euapp01.newsmemory.com\/lamarseillaise\/news\/wp-json\/wp\/v2\/categories?post=38004"},{"taxonomy":"post_tag","embeddable":true,"href":"https:\/\/euapp01.newsmemory.com\/lamarseillaise\/news\/wp-json\/wp\/v2\/tags?post=38004"},{"taxonomy":"news-destination","embeddable":true,"href":"https:\/\/euapp01.newsmemory.com\/lamarseillaise\/news\/wp-json\/wp\/v2\/news-destination?post=38004"},{"taxonomy":"news-source","embeddable":true,"href":"https:\/\/euapp01.newsmemory.com\/lamarseillaise\/news\/wp-json\/wp\/v2\/news-source?post=38004"},{"taxonomy":"is_homepage","embeddable":true,"href":"https:\/\/euapp01.newsmemory.com\/lamarseillaise\/news\/wp-json\/wp\/v2\/is_homepage?post=38004"},{"taxonomy":"ta_other","embeddable":true,"href":"https:\/\/euapp01.newsmemory.com\/lamarseillaise\/news\/wp-json\/wp\/v2\/ta_other?post=38004"}],"curies":[{"name":"wp","href":"https:\/\/api.w.org\/{rel}","templated":true}]}}