{"id":38001,"date":"2026-07-31T07:51:00","date_gmt":"2026-07-31T05:51:00","guid":{"rendered":"https:\/\/euapp01.newsmemory.com\/lamarseillaise\/news\/?p=38001"},"modified":"2026-08-06T07:43:46","modified_gmt":"2026-08-06T05:43:46","slug":"cest-lete-la-fete-de-la-veraison-sempare-de-chateauneuf-du-pape","status":"publish","type":"post","link":"https:\/\/euapp01.newsmemory.com\/lamarseillaise\/news\/2026\/07\/31\/cest-lete-la-fete-de-la-veraison-sempare-de-chateauneuf-du-pape\/","title":{"rendered":"[C\u2019est l\u2019\u00e9t\u00e9] La f\u00eate de la V\u00e9raison s\u2019empare de Ch\u00e2teauneuf-du-Pape"},"content":{"rendered":"<div class=\"paragraph\">\n<p>Pendant trois jours Ch\u00e2teauneuf-du-Pape se transforme en cit\u00e9 m\u00e9di\u00e9vale avec march\u00e9, d\u00e9monstrations d\u2019armes d\u2019\u00e9poque, combats, animations et d\u00e9fil\u00e9s \u00e0 l\u2019occasion de la 41<sup>e<\/sup> \u00e9dition de la F\u00eate de la V\u00e9raison qui d\u00e9bute ce vendredi \u00e0 partir de 11h.<\/p>\n<\/p><\/div>\n<div class=\"intext\"> Un village entour\u00e9<br \/>\n               <br \/>de vignes\n              <\/div>\n<div class=\"paragraph\">\n<p>C\u2019est une immersion au c\u0153ur du XIV<sup>e<\/sup><sup>\u00a0<\/sup>si\u00e8cle, \u00e0 l\u2019\u00e9poque m\u00eame o\u00f9 le Pape Cl\u00e9ment VI s\u00e9journait dans sa r\u00e9sidence estivale \u00e0 Ch\u00e2teauneuf, ce village perch\u00e9 sur les hauteurs, entour\u00e9 de vignes et baign\u00e9 de soleil.<\/p>\n<p>C\u2019est le pape Jean XXII, deuxi\u00e8me souverain pontife d\u2019Avignon, qui fait b\u00e2tir la forteresse qui domine encore aujourd\u2019hui le paysage. Il encourage aussi la culture de la vigne et la production de vin, faisant de Ch\u00e2teauneuf-du-Pape un terroir d\u2019exception. Ces vins, autrefois appel\u00e9s \u00ab\u00a0Vins du Pape\u00a0\u00bb, jouissent rapidement d\u2019une grande renomm\u00e9e, toujours d\u2019actualit\u00e9 pour ces c\u00e9pages d\u2019exception.<\/p>\n<p>Au programme, c\u2019est un d\u00e9fil\u00e9 du Pape Cl\u00e9ment VI et de sa cour pontificale qui ouvrira les festivit\u00e9s. Concerts, danses et animations pour les enfants viendront ponctuer les journ\u00e9es lors de cette f\u00eate qui m\u00eale traditions, h\u00e9ritages viticoles et arts vivants pour tous les \u00e2ges.<\/p>\n<p>Les ruelles s\u2019animent ainsi au rythme des troubadours, des chevaliers ou encore des cracheurs de feu le tout accompagn\u00e9 de d\u00e9ambulations costum\u00e9es et sc\u00e8nes th\u00e9\u00e2trales plus vraies que nature. D\u2019ailleurs, les visiteurs sont eux aussi invit\u00e9s \u00e0 v\u00eatir leurs plus beaux costumes m\u00e9di\u00e9vaux pour s\u2019impr\u00e9gner de l\u2019ambiance d\u2019\u00e9poque. Pour rappel, Le mot \u00ab\u00a0v\u00e9raison\u00a0\u00bb et la f\u00eate c\u00e9l\u00e9br\u00e9e depuis 1985 d\u00e9signent le moment o\u00f9 le raisin passe du vert au pourpre et commence \u00e0 r\u00e9v\u00e9ler les ar\u00f4mes complexes qui font la renomm\u00e9e des vins du village.<\/p>\n<\/p><\/div>\n<div class=\"paragraph\">\n<p><i>D\u00e8s 11h. \u00c0 partir de 5<\/i><i>\u00a0<\/i><i>euros <\/i><\/p>\n<p><i>et gratuit pour les &#8211;<\/i><i>\u00a0<\/i><i>18<\/i><i>\u00a0<\/i><i>ans.<\/i><\/p>\n<\/p><\/div>\n","protected":false},"excerpt":{"rendered":"Pendant trois jours Ch&acirc;teauneuf-du-Pape se transforme en cit&eacute; m&eacute;di&eacute;vale avec march&eacute;, d&eacute;monstrations d&rsquo;armes d&rsquo;&eacute;poque, combats, animations et d&eacute;fil&eacute;s &agrave; l&rsquo;occasion &#8230;","protected":false},"author":1,"featured_media":38002,"comment_status":"open","ping_status":"open","sticky":false,"template":"","format":"standard","meta":{"footnotes":""},"categories":[3926,3925,32,20],"tags":[1640,6085,1867,466,4290,97,1241,171,1678,1431],"news-destination":[3944],"news-source":[475],"is_homepage":[],"ta_other":[],"class_list":["post-38001","post","type-post","status-publish","format-standard","has-post-thumbnail","hentry","category-accueil-merge","category-accueil-third","category-culture","category-societe","tag-appellation","tag-cest-lete","tag-deambulation","tag-fete","tag-medieval","tag-patrimoine","tag-theatre","tag-vaucluse","tag-vignes","tag-vins","news-destination-homepage","news-source-website"],"_links":{"self":[{"href":"https:\/\/euapp01.newsmemory.com\/lamarseillaise\/news\/wp-json\/wp\/v2\/posts\/38001","targetHints":{"allow":["GET"]}}],"collection":[{"href":"https:\/\/euapp01.newsmemory.com\/lamarseillaise\/news\/wp-json\/wp\/v2\/posts"}],"about":[{"href":"https:\/\/euapp01.newsmemory.com\/lamarseillaise\/news\/wp-json\/wp\/v2\/types\/post"}],"author":[{"embeddable":true,"href":"https:\/\/euapp01.newsmemory.com\/lamarseillaise\/news\/wp-json\/wp\/v2\/users\/1"}],"replies":[{"embeddable":true,"href":"https:\/\/euapp01.newsmemory.com\/lamarseillaise\/news\/wp-json\/wp\/v2\/comments?post=38001"}],"version-history":[{"count":1,"href":"https:\/\/euapp01.newsmemory.com\/lamarseillaise\/news\/wp-json\/wp\/v2\/posts\/38001\/revisions"}],"predecessor-version":[{"id":38003,"href":"https:\/\/euapp01.newsmemory.com\/lamarseillaise\/news\/wp-json\/wp\/v2\/posts\/38001\/revisions\/38003"}],"wp:featuredmedia":[{"embeddable":true,"href":"https:\/\/euapp01.newsmemory.com\/lamarseillaise\/news\/wp-json\/wp\/v2\/media\/38002"}],"wp:attachment":[{"href":"https:\/\/euapp01.newsmemory.com\/lamarseillaise\/news\/wp-json\/wp\/v2\/media?parent=38001"}],"wp:term":[{"taxonomy":"category","embeddable":true,"href":"https:\/\/euapp01.newsmemory.com\/lamarseillaise\/news\/wp-json\/wp\/v2\/categories?post=38001"},{"taxonomy":"post_tag","embeddable":true,"href":"https:\/\/euapp01.newsmemory.com\/lamarseillaise\/news\/wp-json\/wp\/v2\/tags?post=38001"},{"taxonomy":"news-destination","embeddable":true,"href":"https:\/\/euapp01.newsmemory.com\/lamarseillaise\/news\/wp-json\/wp\/v2\/news-destination?post=38001"},{"taxonomy":"news-source","embeddable":true,"href":"https:\/\/euapp01.newsmemory.com\/lamarseillaise\/news\/wp-json\/wp\/v2\/news-source?post=38001"},{"taxonomy":"is_homepage","embeddable":true,"href":"https:\/\/euapp01.newsmemory.com\/lamarseillaise\/news\/wp-json\/wp\/v2\/is_homepage?post=38001"},{"taxonomy":"ta_other","embeddable":true,"href":"https:\/\/euapp01.newsmemory.com\/lamarseillaise\/news\/wp-json\/wp\/v2\/ta_other?post=38001"}],"curies":[{"name":"wp","href":"https:\/\/api.w.org\/{rel}","templated":true}]}}