{"id":37998,"date":"2026-07-31T07:39:00","date_gmt":"2026-07-31T05:39:00","guid":{"rendered":"https:\/\/euapp01.newsmemory.com\/lamarseillaise\/news\/?p=37998"},"modified":"2026-08-06T07:30:41","modified_gmt":"2026-08-06T05:30:41","slug":"a-orange-le-concert-hommage-a-queen-aura-finalement-bien-lieu","status":"publish","type":"post","link":"https:\/\/euapp01.newsmemory.com\/lamarseillaise\/news\/2026\/07\/31\/a-orange-le-concert-hommage-a-queen-aura-finalement-bien-lieu\/","title":{"rendered":"\u00c0 Orange, le concert hommage \u00e0 Queen aura finalement bien lieu"},"content":{"rendered":"<div class=\"paragraph\">\n<p>Le concert hommage au groupe Queen, pr\u00e9vu le vendredi 4\u00a0septembre, au th\u00e9\u00e2tre antique d\u2019Orange, est finalement maintenu. Le tribunal administratif de N\u00eemes devait examiner jeudi le recours d\u00e9pos\u00e9 par le producteur contre l\u2019annulation du concert. Il n\u2019a finalement pas eu \u00e0 se prononcer. David Hardit et le maire (RN) Jean-Dominique Artaud ont trouv\u00e9 un compromis. Le spectacle avait \u00e9t\u00e9 annul\u00e9 par l\u2019\u00e9lu d\u2019extr\u00eame droite, qui invoquait des raisons budg\u00e9taires apr\u00e8s un \u00e9boulement ayant entra\u00een\u00e9 300\u00a0000\u00a0euros de d\u00e9penses pour la commune.<\/p>\n<p>Un protocole doit \u00eatre sign\u00e9 avant d\u2019\u00eatre valid\u00e9, lundi en conseil municipal, puis homologu\u00e9 par le tribunal. Contre l\u2019abandon de son recours, David Hardit consent \u00e0 un important effort financier.<i> <\/i>\u00ab\u00a0<i>Je paye la technique, le repas de tout le monde et la Sacem<\/i>, d\u00e9taille-t-il.<i> Lui ne paye que 20<\/i><i>\u00a0<\/i><i>000<\/i><i>\u00a0<\/i><i>euros contre les 41<\/i><i>\u00a0<\/i><i>000<\/i><i>\u00a0<\/i><i>pr\u00e9vus dans le contrat que j\u2019avais sign\u00e9 avec le maire pr\u00e9c\u00e9dent.<\/i>\u00a0\u00bb<\/p>\n<p>Au total, le producteur devra d\u00e9bourser 40\u00a0000\u00a0euros pour maintenir ce concert. \u00ab\u00a0<i>\u00c7a a fini par se r\u00e9gler parce que je veux absolument que les choristes jouent<\/i>\u00a0\u00bb, pr\u00e9cise-t-il. Tous sont b\u00e9n\u00e9voles et avaient d\u00e9j\u00e0 r\u00e9serv\u00e9 leur transport ou leur h\u00e9bergement. \u00ab\u00a0<i>Ma victoire, c\u2019est d\u2019\u00eatre all\u00e9 jusqu\u2019au bout, m\u00eame au tribunal, pour que mes choristes puissent jouer.<\/i>\u00a0\u00bb<i><\/i><\/p>\n<p><i><\/i><\/p>\n<\/p><\/div>\n<div class=\"intext\"> Une \u00ab\u00a0jurisprudence\u00a0\u00bb\n              <\/div>\n<div class=\"paragraph\">\n<p>Malgr\u00e9 cette issue, David Hardit estime que \u00ab\u00a0<i>la m\u00e9thode du maire est ind\u00e9cente<\/i>\u00a0\u00bb<i> <\/i>et regrette qu\u2019\u00ab\u00a0<i>il ait voulu priver<\/i>\u00a0\u00bb<i> <\/i>le public d\u2019un concert gratuit. Il voit toutefois dans cette victoire un pr\u00e9c\u00e9dent\u00a0: \u00ab\u00a0<i>Le fait que le concert ait lieu fait jurisprudence. Maintenant, je dirai \u00e0 mes coll\u00e8gues producteurs<\/i><i>\u00a0<\/i><i>: \u201cBattez-vous, on peut les faire plier\u201d<\/i>\u00a0\u00bb.<i> <\/i>Une satisfaction qui n\u2019efface pas son amertume\u00a0: \u00ab\u00a0<i>Je ne remettrai plus un pied \u00e0 Orange<\/i>\u00a0\u00bb.<\/p>\n<\/p><\/div>\n","protected":false},"excerpt":{"rendered":"Le concert hommage au groupe Queen, pr&eacute;vu le vendredi 4&nbsp;septembre, au th&eacute;&acirc;tre antique d&rsquo;Orange, est finalement maintenu. Le tribunal administratif de N&icirc;mes devait examiner jeudi le recours d&eacute;pos&eacute; &#8230;","protected":false},"author":1,"featured_media":37999,"comment_status":"open","ping_status":"open","sticky":false,"template":"","format":"standard","meta":{"footnotes":""},"categories":[3926,3925,32,330],"tags":[183,430,34,148,441,1083,389,198,439,529,199,790,171],"news-destination":[3944],"news-source":[475],"is_homepage":[],"ta_other":[],"class_list":["post-37998","post","type-post","status-publish","format-standard","has-post-thumbnail","hentry","category-accueil-merge","category-accueil-third","category-culture","category-politique","tag-benevoles","tag-budget","tag-concert","tag-conseil-municipal","tag-extreme-droite","tag-gratuit","tag-hommage","tag-orange","tag-rn","tag-spectacle","tag-theatre-antique","tag-tribunal-administratif","tag-vaucluse","news-destination-homepage","news-source-website"],"_links":{"self":[{"href":"https:\/\/euapp01.newsmemory.com\/lamarseillaise\/news\/wp-json\/wp\/v2\/posts\/37998","targetHints":{"allow":["GET"]}}],"collection":[{"href":"https:\/\/euapp01.newsmemory.com\/lamarseillaise\/news\/wp-json\/wp\/v2\/posts"}],"about":[{"href":"https:\/\/euapp01.newsmemory.com\/lamarseillaise\/news\/wp-json\/wp\/v2\/types\/post"}],"author":[{"embeddable":true,"href":"https:\/\/euapp01.newsmemory.com\/lamarseillaise\/news\/wp-json\/wp\/v2\/users\/1"}],"replies":[{"embeddable":true,"href":"https:\/\/euapp01.newsmemory.com\/lamarseillaise\/news\/wp-json\/wp\/v2\/comments?post=37998"}],"version-history":[{"count":1,"href":"https:\/\/euapp01.newsmemory.com\/lamarseillaise\/news\/wp-json\/wp\/v2\/posts\/37998\/revisions"}],"predecessor-version":[{"id":38000,"href":"https:\/\/euapp01.newsmemory.com\/lamarseillaise\/news\/wp-json\/wp\/v2\/posts\/37998\/revisions\/38000"}],"wp:featuredmedia":[{"embeddable":true,"href":"https:\/\/euapp01.newsmemory.com\/lamarseillaise\/news\/wp-json\/wp\/v2\/media\/37999"}],"wp:attachment":[{"href":"https:\/\/euapp01.newsmemory.com\/lamarseillaise\/news\/wp-json\/wp\/v2\/media?parent=37998"}],"wp:term":[{"taxonomy":"category","embeddable":true,"href":"https:\/\/euapp01.newsmemory.com\/lamarseillaise\/news\/wp-json\/wp\/v2\/categories?post=37998"},{"taxonomy":"post_tag","embeddable":true,"href":"https:\/\/euapp01.newsmemory.com\/lamarseillaise\/news\/wp-json\/wp\/v2\/tags?post=37998"},{"taxonomy":"news-destination","embeddable":true,"href":"https:\/\/euapp01.newsmemory.com\/lamarseillaise\/news\/wp-json\/wp\/v2\/news-destination?post=37998"},{"taxonomy":"news-source","embeddable":true,"href":"https:\/\/euapp01.newsmemory.com\/lamarseillaise\/news\/wp-json\/wp\/v2\/news-source?post=37998"},{"taxonomy":"is_homepage","embeddable":true,"href":"https:\/\/euapp01.newsmemory.com\/lamarseillaise\/news\/wp-json\/wp\/v2\/is_homepage?post=37998"},{"taxonomy":"ta_other","embeddable":true,"href":"https:\/\/euapp01.newsmemory.com\/lamarseillaise\/news\/wp-json\/wp\/v2\/ta_other?post=37998"}],"curies":[{"name":"wp","href":"https:\/\/api.w.org\/{rel}","templated":true}]}}