{"id":37995,"date":"2026-07-31T07:42:00","date_gmt":"2026-07-31T05:42:00","guid":{"rendered":"https:\/\/euapp01.newsmemory.com\/lamarseillaise\/news\/?p=37995"},"modified":"2026-08-06T07:30:41","modified_gmt":"2026-08-06T05:30:41","slug":"un-hotel-dentreprises-modernise-a-barcelonnette","status":"publish","type":"post","link":"https:\/\/euapp01.newsmemory.com\/lamarseillaise\/news\/2026\/07\/31\/un-hotel-dentreprises-modernise-a-barcelonnette\/","title":{"rendered":"Un h\u00f4tel d\u2019entreprises modernis\u00e9 \u00e0 Barcelonnette"},"content":{"rendered":"<div class=\"paragraph\">\n<p>\u00ab<i>U<\/i><i>ne \u00e9tape importante dans la vie \u00e9conomique de notre territoire<\/i><i>\u00a0<\/i>\u00bb\u00a0: Elisabeth Jacques, pr\u00e9sidente de la communaut\u00e9 de communes Vall\u00e9e de l\u2019Ubaye Serre-Pon\u00e7on, \u00e9tait ravie de pr\u00e9senter, jeudi, la r\u00e9organisation et la modernisation entam\u00e9e en 2022 de l\u2019h\u00f4tel d\u2019entreprises de la vall\u00e9e, situ\u00e9 \u00e0 Barcelonnette. \u00ab\u00a0<i>Cet \u00e9quipement occupe une place particuli\u00e8re dans l\u2019histoire de notre vall\u00e9e. Il est n\u00e9 \u00e0 la suite du d\u00e9part de l\u2019arm\u00e9e, dans le cadre de la redynamisation du site de d\u00e9fense<\/i><i>\u00a0<\/i>\u00bb, a rappel\u00e9 la maire de La\u00a0Condamine-Ch\u00e2telard.<\/p>\n<p>Depuis sa cr\u00e9ation, la gestion de l\u2019h\u00f4tel d\u2019entreprises est assur\u00e9e par la communaut\u00e9 de communes, gr\u00e2ce \u00e0 un bail emphyt\u00e9otique, un contrat de tr\u00e8s longue dur\u00e9e qui donne l\u2019obligation d\u2019am\u00e9liorer les lieux, conclu avec la mairie de Barcelonnette. Son objectif est de \u00ab\u00a0<i>soutenir la cr\u00e9ation et le d\u00e9veloppement d\u2019activit\u00e9s \u00e9conomiques dans la vall\u00e9e, permettre \u00e0 de jeunes entreprises et \u00e0 des professionnels r\u00e9cemment install\u00e9s de b\u00e9n\u00e9ficier de locaux adapt\u00e9s \u00e0 des loyers mod\u00e9r\u00e9s, aujourd\u2019hui fix\u00e9s \u00e0 4<\/i><i>\u00a0<\/i><i>euros HT par m\u00e8tre carr\u00e9, et leur offrir la possibilit\u00e9 de tester leur activit\u00e9 avant une implantation p\u00e9renne sur notre territoire<\/i><i>\u00a0<\/i>\u00bb, a expliqu\u00e9 jeudi Elisabeth Jacques.<\/p>\n<\/p><\/div>\n<div class=\"intext\"> Un accompagnement<br \/>\n               <br \/>vers l\u2019autonomisation\n              <\/div>\n<div class=\"paragraph\">\n<p>Or, cet h\u00f4tel d\u2019entreprises avait besoin d\u2019\u00eatre modernis\u00e9, repens\u00e9 et r\u00e9organis\u00e9 \u00ab\u00a0<i>pour r\u00e9pondre aux nouveaux besoins des entreprises et garantir une gestion plus lisible, plus s\u00e9curis\u00e9e et plus efficace<\/i><i>\u00a0<\/i>\u00bb, selon la pr\u00e9sidente de l\u2019intercommunalit\u00e9. Depuis 2022, une \u00ab\u00a0<i>remise \u00e0 plat compl\u00e8te des conventions et des baux<\/i><i>\u00a0<\/i>\u00bb a \u00e9t\u00e9 op\u00e9r\u00e9e \u00ab\u00a0<i>afin de s\u00e9curiser juridiquement l\u2019occupation des locaux<\/i><i>\u00a0<\/i>\u00bb. Des baux de six ans sont d\u00e9sormais propos\u00e9s pour les occupants historiques, et des conventions d\u2019un an renouvelables, dans la limite de trois ans, pour les nouvelles entreprises accueillies.<\/p>\n<p>\u00ab\u00a0<i>Cette \u00e9volution s\u2019accompagne d\u2019un accompagnement renforc\u00e9 des occupants<\/i>, avance Elisabeth Jacques. <i>D\u00e8s la deuxi\u00e8me ann\u00e9e, nous travaillons avec les entreprises sur leur sortie progressive vers une implantation autonome dans la vall\u00e9e. La troisi\u00e8me ann\u00e9e reste ainsi r\u00e9serv\u00e9e aux situations particuli\u00e8res.<\/i><i>\u00a0<\/i>\u00bb<\/p>\n<p>Avec cette r\u00e9organisation, trois p\u00f4les ont \u00e9t\u00e9 constitu\u00e9s\u00a0: le <i>Carr\u00e9 Pro<\/i>, d\u00e9di\u00e9 aux activit\u00e9s industrielles et techniques\u00a0; le <i>Carr\u00e9 Soin et Bien-\u00eatre<\/i>, regroupant les activit\u00e9s param\u00e9dicales\u00a0; et le p\u00f4le territorial de l\u2019Ubaye, consacr\u00e9 aux activit\u00e9s administratives, tertiaires et de services.<\/p>\n<p>Le secteur de la sant\u00e9 occupe une place importante avec dix\u00a0structures repr\u00e9sentant 16\u00a0emplois sur pr\u00e8s de 295\u00a0m\u00b2. On y retrouve notamment le cabinet v\u00e9t\u00e9rinaire, des infirmiers, kin\u00e9sith\u00e9rapeutes ou encore ost\u00e9opathes. \u00ab\u00a0<i>Ce p\u00f4le r\u00e9pond \u00e0 des besoins essentiels de la population tout en renfor\u00e7ant l\u2019offre de services disponible dans la vall\u00e9e<\/i><i>\u00a0<\/i>\u00bb, a estim\u00e9 Elisabeth Jacques.<\/p>\n<\/p><\/div>\n","protected":false},"excerpt":{"rendered":"&laquo;Une &eacute;tape importante dans la vie &eacute;conomique de notre territoire&nbsp;&raquo;&nbsp;: Elisabeth Jacques, pr&eacute;sidente de la communaut&eacute; de communes Vall&eacute;e de l&rsquo;Ubaye Serre-Pon&ccedil;on, &eacute;tait ravie &#8230;","protected":false},"author":1,"featured_media":37996,"comment_status":"open","ping_status":"open","sticky":false,"template":"","format":"standard","meta":{"footnotes":""},"categories":[3926,3925,338],"tags":[100,4768,4467,118,838,486,4018,1896,2126,178,256,51,137,2450],"news-destination":[3944],"news-source":[475],"is_homepage":[],"ta_other":[],"class_list":["post-37995","post","type-post","status-publish","format-standard","has-post-thumbnail","hentry","category-accueil-merge","category-accueil-third","category-economie","tag-activites","tag-alpes","tag-alpes-de-haute-provence","tag-economie","tag-entrepreneurs","tag-entreprises","tag-hotel","tag-hotels","tag-loyers","tag-population","tag-sante","tag-societe","tag-territoire","tag-tertiaire","news-destination-homepage","news-source-website"],"_links":{"self":[{"href":"https:\/\/euapp01.newsmemory.com\/lamarseillaise\/news\/wp-json\/wp\/v2\/posts\/37995","targetHints":{"allow":["GET"]}}],"collection":[{"href":"https:\/\/euapp01.newsmemory.com\/lamarseillaise\/news\/wp-json\/wp\/v2\/posts"}],"about":[{"href":"https:\/\/euapp01.newsmemory.com\/lamarseillaise\/news\/wp-json\/wp\/v2\/types\/post"}],"author":[{"embeddable":true,"href":"https:\/\/euapp01.newsmemory.com\/lamarseillaise\/news\/wp-json\/wp\/v2\/users\/1"}],"replies":[{"embeddable":true,"href":"https:\/\/euapp01.newsmemory.com\/lamarseillaise\/news\/wp-json\/wp\/v2\/comments?post=37995"}],"version-history":[{"count":1,"href":"https:\/\/euapp01.newsmemory.com\/lamarseillaise\/news\/wp-json\/wp\/v2\/posts\/37995\/revisions"}],"predecessor-version":[{"id":37997,"href":"https:\/\/euapp01.newsmemory.com\/lamarseillaise\/news\/wp-json\/wp\/v2\/posts\/37995\/revisions\/37997"}],"wp:featuredmedia":[{"embeddable":true,"href":"https:\/\/euapp01.newsmemory.com\/lamarseillaise\/news\/wp-json\/wp\/v2\/media\/37996"}],"wp:attachment":[{"href":"https:\/\/euapp01.newsmemory.com\/lamarseillaise\/news\/wp-json\/wp\/v2\/media?parent=37995"}],"wp:term":[{"taxonomy":"category","embeddable":true,"href":"https:\/\/euapp01.newsmemory.com\/lamarseillaise\/news\/wp-json\/wp\/v2\/categories?post=37995"},{"taxonomy":"post_tag","embeddable":true,"href":"https:\/\/euapp01.newsmemory.com\/lamarseillaise\/news\/wp-json\/wp\/v2\/tags?post=37995"},{"taxonomy":"news-destination","embeddable":true,"href":"https:\/\/euapp01.newsmemory.com\/lamarseillaise\/news\/wp-json\/wp\/v2\/news-destination?post=37995"},{"taxonomy":"news-source","embeddable":true,"href":"https:\/\/euapp01.newsmemory.com\/lamarseillaise\/news\/wp-json\/wp\/v2\/news-source?post=37995"},{"taxonomy":"is_homepage","embeddable":true,"href":"https:\/\/euapp01.newsmemory.com\/lamarseillaise\/news\/wp-json\/wp\/v2\/is_homepage?post=37995"},{"taxonomy":"ta_other","embeddable":true,"href":"https:\/\/euapp01.newsmemory.com\/lamarseillaise\/news\/wp-json\/wp\/v2\/ta_other?post=37995"}],"curies":[{"name":"wp","href":"https:\/\/api.w.org\/{rel}","templated":true}]}}