{"id":37992,"date":"2026-07-31T07:31:00","date_gmt":"2026-07-31T05:31:00","guid":{"rendered":"https:\/\/euapp01.newsmemory.com\/lamarseillaise\/news\/?p=37992"},"modified":"2026-08-06T07:30:41","modified_gmt":"2026-08-06T05:30:41","slug":"une-nouvelle-avenue-pour-les-mobilites-douces-a-toulon","status":"publish","type":"post","link":"https:\/\/euapp01.newsmemory.com\/lamarseillaise\/news\/2026\/07\/31\/une-nouvelle-avenue-pour-les-mobilites-douces-a-toulon\/","title":{"rendered":"Une nouvelle avenue pour les mobilit\u00e9s douces \u00e0 Toulon"},"content":{"rendered":"<div class=\"paragraph\">\n<p>V\u00e9g\u00e9talisation, nouvelles places de stationnement et pistes cyclables\u00a0: \u00e0 Toulon, l&#8217;avenue de-Lattre-de-Tassigny se refait une beaut\u00e9. Les travaux engag\u00e9s par la m\u00e9tropole Toulon Provence M\u00e9diterran\u00e9e et la Ville de Toulon ont d\u00e9but\u00e9 au mois de juin. Un chantier d&#8217;envergure, qui s&#8217;\u00e9tend du boulevard Bazeilles jusqu&#8217;au stade Mayol. Objectif\u00a0: transformer \u00ab\u00a0<i>cet axe tr\u00e8s routier en un axe tourn\u00e9 vers les mobilit\u00e9s douces<\/i><i>\u00a0<\/i>\u00bb, explique la mairie sur son site internet. L&#8217;op\u00e9ration devrait co\u00fbter aux collectivit\u00e9s 7\u00a0millions d&#8217;euros.<\/p>\n<p>Pour conjuguer \u00ab\u00a0<i>d\u00e9placements et v\u00e9g\u00e9talisation<\/i><i>\u00a0<\/i>\u00bb, la m\u00e9tropole et la ville veulent planter une centaine d&#8217;arbres\u00a0: jacarandas, ficus australiens ou savonniers, afin de cr\u00e9er des \u00eelots de fra\u00eecheur. Autre point cl\u00e9 de cette transformation, l&#8217;ancienne station-service, au niveau du rond-point Bonaparte, devrait dispara\u00eetre, remplac\u00e9e par un \u00ab\u00a0<i>espace partag\u00e9<\/i>\u00a0\u00bb. Au programme\u00a0: des places de stationnement et un lieu arbor\u00e9.<\/p>\n<p>Si de nombreux travaux sont n\u00e9cessaires pour cela, Jos\u00e9e Massi, maire (DVD) de Toulon et pr\u00e9sidente de la M\u00e9tropole l&#8217;assure\u00a0: \u00ab\u00a0<i>Notre volont\u00e9 est que cette requalification entra\u00eene le moins possible de perturbations sur la circulation<\/i><i>\u00a0<\/i>\u00bb. Les travaux doivent en revanche permettre de d\u00e9limiter les \u00ab\u00a0<i>zones r\u00e9serv\u00e9es \u00e0 la voiture de celles octroy\u00e9es aux pi\u00e9tons<\/i><i>\u00a0<\/i>\u00bb, argumente la mairie.<\/p>\n<\/p><\/div>\n<div class=\"intext\"> Vers les mobilit\u00e9s douces\n              <\/div>\n<div class=\"paragraph\">\n<p>Passant de quatre \u00e0 trois voies, \u00ab\u00a0<i>un abaissement naturel de la vitesse<\/i><i>\u00a0<\/i>\u00bb devrait \u00eatre constat\u00e9, selon Jos\u00e9e Massi, permettant \u00ab\u00a0<i>l&#8217;accueil d&#8217;autres modes de d\u00e9placement, \u00e0 savoir les bus et les v\u00e9los<\/i><i>\u00a0<\/i>\u00bb, pr\u00e9cise-t-elle.<\/p>\n<p>\u00ab\u00a0<i>Longtemps per\u00e7ue comme un simple couloir de transit automobile entre le Mourillon et le port, l&#8217;avenue de-Lattre-de-Tassigny accusait un d\u00e9ficit de continuit\u00e9 pour les pi\u00e9tons et les cyclistes<\/i>\u00a0\u00bb, affirme la mairie, qui souhaite \u00ab\u00a0<i>s\u2019attaquer \u00e0 cette rupture<\/i>\u00a0\u00bb. Une fois la partie sud de l&#8217;avenue termin\u00e9e, ce sera au tour de la partie nord d&#8217;\u00eatre transform\u00e9e, pour une fin des travaux pr\u00e9vus fin 2027.<\/p>\n<\/p><\/div>\n","protected":false},"excerpt":{"rendered":"V&eacute;g&eacute;talisation, nouvelles places de stationnement et pistes cyclables&nbsp;: &agrave; Toulon, l&#8217;avenue de-Lattre-de-Tassigny se refait une beaut&eacute;. Les travaux engag&eacute;s par la m&eacute;tropole Toulon Provence &#8230;","protected":false},"author":1,"featured_media":37993,"comment_status":"open","ping_status":"open","sticky":false,"template":"","format":"standard","meta":{"footnotes":""},"categories":[3926,3925,20],"tags":[2605,1386,670,2845,4046,3182,1389,2015,597,4285,166,31,1547,807,2552,720],"news-destination":[3944],"news-source":[475],"is_homepage":[],"ta_other":[],"class_list":["post-37992","post","type-post","status-publish","format-standard","has-post-thumbnail","hentry","category-accueil-merge","category-accueil-third","category-societe","tag-arbres","tag-bus","tag-deplacements","tag-espace-public","tag-ilots-de-fraicheur","tag-josee-massi","tag-mobilites-douces","tag-pistes-cyclables","tag-toulon","tag-toulon-provence-metropole","tag-travaux","tag-var","tag-vegetalisation","tag-velo","tag-velos","tag-ville","news-destination-homepage","news-source-website"],"_links":{"self":[{"href":"https:\/\/euapp01.newsmemory.com\/lamarseillaise\/news\/wp-json\/wp\/v2\/posts\/37992","targetHints":{"allow":["GET"]}}],"collection":[{"href":"https:\/\/euapp01.newsmemory.com\/lamarseillaise\/news\/wp-json\/wp\/v2\/posts"}],"about":[{"href":"https:\/\/euapp01.newsmemory.com\/lamarseillaise\/news\/wp-json\/wp\/v2\/types\/post"}],"author":[{"embeddable":true,"href":"https:\/\/euapp01.newsmemory.com\/lamarseillaise\/news\/wp-json\/wp\/v2\/users\/1"}],"replies":[{"embeddable":true,"href":"https:\/\/euapp01.newsmemory.com\/lamarseillaise\/news\/wp-json\/wp\/v2\/comments?post=37992"}],"version-history":[{"count":1,"href":"https:\/\/euapp01.newsmemory.com\/lamarseillaise\/news\/wp-json\/wp\/v2\/posts\/37992\/revisions"}],"predecessor-version":[{"id":37994,"href":"https:\/\/euapp01.newsmemory.com\/lamarseillaise\/news\/wp-json\/wp\/v2\/posts\/37992\/revisions\/37994"}],"wp:featuredmedia":[{"embeddable":true,"href":"https:\/\/euapp01.newsmemory.com\/lamarseillaise\/news\/wp-json\/wp\/v2\/media\/37993"}],"wp:attachment":[{"href":"https:\/\/euapp01.newsmemory.com\/lamarseillaise\/news\/wp-json\/wp\/v2\/media?parent=37992"}],"wp:term":[{"taxonomy":"category","embeddable":true,"href":"https:\/\/euapp01.newsmemory.com\/lamarseillaise\/news\/wp-json\/wp\/v2\/categories?post=37992"},{"taxonomy":"post_tag","embeddable":true,"href":"https:\/\/euapp01.newsmemory.com\/lamarseillaise\/news\/wp-json\/wp\/v2\/tags?post=37992"},{"taxonomy":"news-destination","embeddable":true,"href":"https:\/\/euapp01.newsmemory.com\/lamarseillaise\/news\/wp-json\/wp\/v2\/news-destination?post=37992"},{"taxonomy":"news-source","embeddable":true,"href":"https:\/\/euapp01.newsmemory.com\/lamarseillaise\/news\/wp-json\/wp\/v2\/news-source?post=37992"},{"taxonomy":"is_homepage","embeddable":true,"href":"https:\/\/euapp01.newsmemory.com\/lamarseillaise\/news\/wp-json\/wp\/v2\/is_homepage?post=37992"},{"taxonomy":"ta_other","embeddable":true,"href":"https:\/\/euapp01.newsmemory.com\/lamarseillaise\/news\/wp-json\/wp\/v2\/ta_other?post=37992"}],"curies":[{"name":"wp","href":"https:\/\/api.w.org\/{rel}","templated":true}]}}