{"id":37989,"date":"2026-07-31T07:06:00","date_gmt":"2026-07-31T05:06:00","guid":{"rendered":"https:\/\/euapp01.newsmemory.com\/lamarseillaise\/news\/?p=37989"},"modified":"2026-08-03T06:59:54","modified_gmt":"2026-08-03T04:59:54","slug":"le-maroc-celebre-ses-liens-internationaux","status":"publish","type":"post","link":"https:\/\/euapp01.newsmemory.com\/lamarseillaise\/news\/2026\/07\/31\/le-maroc-celebre-ses-liens-internationaux\/","title":{"rendered":"Le Maroc c\u00e9l\u00e8bre ses liens internationaux"},"content":{"rendered":"<div class=\"paragraph\">\n<p>Au-del\u00e0 du traditionnel message d\u2019hospitalit\u00e9 envoy\u00e9 \u00e0 l\u2019occasion de la F\u00eate nationale marocaine, le consul g\u00e9n\u00e9ral Mohammed El Hamouli s\u2019est adress\u00e9 \u00e0 une assistance nombreuse, r\u00e9unie au domaine des calanques pour se f\u00e9liciter de la \u00ab\u00a0<i>relation privil\u00e9gi\u00e9e<\/i>\u00a0\u00bb qu\u2019entretiennent le Maroc et la France.<\/p>\n<p>Un retour au ciel bleu apr\u00e8s des temps orageux qui s\u2019est concr\u00e9tis\u00e9 par la signature d\u2019un \u00ab\u00a0partenariat d\u2019exception renforc\u00e9\u00a0\u00bb. S\u00e9bastien Lecornu, \u00e0 l\u2019occasion de son voyage officiel \u00e0 Rabat mi-juillet a annonc\u00e9 que les deux pays travaillaient \u00e0 l\u2019\u00e9laboration d\u2019un trait\u00e9 bilat\u00e9ral, qui serait \u00ab<i>\u00a0<\/i><i>le premier que la France signera avec un pays hors de l\u2019Union europ\u00e9enne<\/i>\u00a0\u00bb.<\/p>\n<p>Mohammed El Hamouli a rappel\u00e9 que les liens d\u2019amiti\u00e9 se tissaient aussi au plan local avec des jumelages et la r\u00e9cente signature d\u2019un nouvel accord de partenariat entre les maires de Marseille et Casablanca. Sur le plan \u00e9conomique, c\u2019est le Port de Marseille-Fos qui accueillera la liaison \u00e9nerg\u00e9tique avec celui de Nador \u00ab\u00a0<i>pour transporter de l\u2019\u00e9nergie propre<\/i>\u00a0\u00bb entre les deux rives de la M\u00e9diterran\u00e9e, s\u2019est r\u00e9joui le consul g\u00e9n\u00e9ral devant des diplomates du monde entier\u00a0et des \u00e9lus dont Samia Chabani pour la Ville de Marseille, David Galtier pour la R\u00e9gion mais aussi le maire d\u2019Istres et vice-pr\u00e9sident de la M\u00e9tropole, Robin Pr\u00e9tot.<\/p>\n<\/p><\/div>\n","protected":false},"excerpt":{"rendered":"Au-del&agrave; du traditionnel message d&rsquo;hospitalit&eacute; envoy&eacute; &agrave; l&rsquo;occasion de la F&ecirc;te nationale marocaine, le consul g&eacute;n&eacute;ral Mohammed El Hamouli s&rsquo;est adress&eacute; &agrave; une assistance &#8230;","protected":false},"author":1,"featured_media":37990,"comment_status":"open","ping_status":"open","sticky":false,"template":"","format":"standard","meta":{"footnotes":""},"categories":[918,3926,3925,337,330,20],"tags":[10,6193,1999,16],"news-destination":[3944],"news-source":[475],"is_homepage":[],"ta_other":[],"class_list":["post-37989","post","type-post","status-publish","format-standard","has-post-thumbnail","hentry","category-accueil","category-accueil-merge","category-accueil-third","category-international","category-politique","category-societe","tag-bouches-du-rhone","tag-france-maroc","tag-maroc","tag-marseille","news-destination-homepage","news-source-website"],"_links":{"self":[{"href":"https:\/\/euapp01.newsmemory.com\/lamarseillaise\/news\/wp-json\/wp\/v2\/posts\/37989","targetHints":{"allow":["GET"]}}],"collection":[{"href":"https:\/\/euapp01.newsmemory.com\/lamarseillaise\/news\/wp-json\/wp\/v2\/posts"}],"about":[{"href":"https:\/\/euapp01.newsmemory.com\/lamarseillaise\/news\/wp-json\/wp\/v2\/types\/post"}],"author":[{"embeddable":true,"href":"https:\/\/euapp01.newsmemory.com\/lamarseillaise\/news\/wp-json\/wp\/v2\/users\/1"}],"replies":[{"embeddable":true,"href":"https:\/\/euapp01.newsmemory.com\/lamarseillaise\/news\/wp-json\/wp\/v2\/comments?post=37989"}],"version-history":[{"count":1,"href":"https:\/\/euapp01.newsmemory.com\/lamarseillaise\/news\/wp-json\/wp\/v2\/posts\/37989\/revisions"}],"predecessor-version":[{"id":37991,"href":"https:\/\/euapp01.newsmemory.com\/lamarseillaise\/news\/wp-json\/wp\/v2\/posts\/37989\/revisions\/37991"}],"wp:featuredmedia":[{"embeddable":true,"href":"https:\/\/euapp01.newsmemory.com\/lamarseillaise\/news\/wp-json\/wp\/v2\/media\/37990"}],"wp:attachment":[{"href":"https:\/\/euapp01.newsmemory.com\/lamarseillaise\/news\/wp-json\/wp\/v2\/media?parent=37989"}],"wp:term":[{"taxonomy":"category","embeddable":true,"href":"https:\/\/euapp01.newsmemory.com\/lamarseillaise\/news\/wp-json\/wp\/v2\/categories?post=37989"},{"taxonomy":"post_tag","embeddable":true,"href":"https:\/\/euapp01.newsmemory.com\/lamarseillaise\/news\/wp-json\/wp\/v2\/tags?post=37989"},{"taxonomy":"news-destination","embeddable":true,"href":"https:\/\/euapp01.newsmemory.com\/lamarseillaise\/news\/wp-json\/wp\/v2\/news-destination?post=37989"},{"taxonomy":"news-source","embeddable":true,"href":"https:\/\/euapp01.newsmemory.com\/lamarseillaise\/news\/wp-json\/wp\/v2\/news-source?post=37989"},{"taxonomy":"is_homepage","embeddable":true,"href":"https:\/\/euapp01.newsmemory.com\/lamarseillaise\/news\/wp-json\/wp\/v2\/is_homepage?post=37989"},{"taxonomy":"ta_other","embeddable":true,"href":"https:\/\/euapp01.newsmemory.com\/lamarseillaise\/news\/wp-json\/wp\/v2\/ta_other?post=37989"}],"curies":[{"name":"wp","href":"https:\/\/api.w.org\/{rel}","templated":true}]}}