{"id":37986,"date":"2026-07-31T07:18:00","date_gmt":"2026-07-31T05:18:00","guid":{"rendered":"https:\/\/euapp01.newsmemory.com\/lamarseillaise\/news\/?p=37986"},"modified":"2026-08-06T07:17:44","modified_gmt":"2026-08-06T05:17:44","slug":"airbus-livre-une-nouvelle-machine-aux-forces-speciales","status":"publish","type":"post","link":"https:\/\/euapp01.newsmemory.com\/lamarseillaise\/news\/2026\/07\/31\/airbus-livre-une-nouvelle-machine-aux-forces-speciales\/","title":{"rendered":"Airbus livre une nouvelle machine aux Forces sp\u00e9ciales"},"content":{"rendered":"<div class=\"paragraph\">\n<p>Cet h\u00e9licopt\u00e8re promet d\u2019amener les Forces sp\u00e9ciales fran\u00e7aises \u00ab\u00a0<i>partout o\u00f9 elles sont demand\u00e9es<\/i>\u00a0\u00bb, d\u2019apr\u00e8s l\u2019ing\u00e9nieur en chef des \u00e9tudes et techniques de l\u2019armement Nicolas, directeur du programme NH90 \u00e0 la Direction g\u00e9n\u00e9rale de l\u2019armement (DGA). Le premier Airbus NH90 version Forces sp\u00e9ciales a \u00e9t\u00e9 livr\u00e9 par le constructeur marignanais \u00e0 l\u2019Arm\u00e9e de Terre, ce jeudi apr\u00e8s-midi, \u00e0 l\u2019issue d\u2019une c\u00e9r\u00e9monie avec l\u2019Arm\u00e9e et l\u2019agence Nahema de l\u2019Otan, charg\u00e9e du programme NH90.<\/p>\n<p>D\u2019un poids de 11\u00a0tonnes, permettant d\u2019embarquer vingt personnes et jusqu\u2019\u00e0 4\u00a0tonnes de mat\u00e9riel, cet exemplaire destin\u00e9 au 4<sup>e<\/sup>\u00a0r\u00e9giment d\u2019h\u00e9licopt\u00e8res des forces sp\u00e9ciales de Pau-Uzein affiche un rayon d\u2019action de plus de 800\u00a0kilom\u00e8tres, soit un aller-retour Marseille-Lille \u00e0 vol d\u2019oiseau, port\u00e9 \u00e0 1\u00a0600\u00a0kilom\u00e8tres pour un convoyage, soit un aller simple entre Marseille et Ath\u00e8nes.<\/p>\n<p>Le r\u00f4le de cet appareil est de pouvoir \u00ab\u00a0<i>s\u2019ins\u00e9rer de nuit en vol extr\u00eamement bas pour transporter des commandos l\u00e0 o\u00f9 ils ne sont pas les bienvenus<\/i><i>\u00a0<\/i>\u00bb d\u00e9taille le PDG d\u2019Airbus Helicopters Matthieu Louvot, en marge.<\/p>\n<p>L\u2019h\u00e9licopt\u00e8re est con\u00e7u pour \u00eatre rapide et agile, en d\u00e9pit du fait d\u2019\u00eatre le 2<sup>e<\/sup>\u00a0h\u00e9licopt\u00e8re le plus lourd de l\u2019Arm\u00e9e. Son blindage composite n\u2019est pas sa force. \u00ab\u00a0<i>Son avantage est qu\u2019il se pilote facilement<\/i>\u00a0\u00bb, explique Lionel Arlen, l\u2019un des pilotes d\u2019essai d\u2019Airbus.<\/p>\n<\/p><\/div>\n<div class=\"intext\"> \u00ab\u00a0Son avantage est<br \/>\n               <br \/>qu\u2019il se pilote facilement\u00a0\u00bb\n              <\/div>\n<div class=\"paragraph\">\n<p>\u00ab\u00a0<i>Son agilit\u00e9 et sa mobilit\u00e9 se rapprochent d\u2019un plus petit appareil<\/i>\u00a0\u00bb, poursuit le pilote, en plus de sa capacit\u00e9 \u00e0 voler bas o\u00f9 il est donc expos\u00e9 aux armes l\u00e9g\u00e8res comme les kalachnikovs. Dans ce contexte, la rapidit\u00e9 d\u2019ex\u00e9cution permet de r\u00e9duire le temps de r\u00e9action des adversaires. La cam\u00e9ra au nez de l\u2019appareil, qui peut voir jusqu\u2019\u00e0 une dizaine de kilom\u00e8tres, permet un affichage en trois dimensions du terrain survol\u00e9 directement dans le casque du pilote. Autre \u00e9l\u00e9ment distinctif, il s\u2019agit du \u00ab\u00a0<i>seul appareil de s\u00e9rie \u00e0 disposer de commandes \u00e9lectriques qui procurent un confort de pilotage et permettent au pilote de se concentrer sur sa trajectoire<\/i>\u00a0\u00bb, d\u00e9taille l\u2019ing\u00e9nieur en chef Nicolas de la DGA, tout comme d\u2019affiner l\u2019op\u00e9ration du treuil de transport de mat\u00e9riel.<\/p>\n<p>La dur\u00e9e de vie op\u00e9rationnelle de l\u2019appareil est d\u2019\u00ab\u00a0<i>une quarantaine d\u2019ann\u00e9es<\/i>\u00a0\u00bb, d\u2019apr\u00e8s l\u2019ing\u00e9nieur en chef Nicolas, suivant les diff\u00e9rentes am\u00e9liorations possibles. D\u2019ici \u00e0 2029, 17\u00a0autres appareils du m\u00eame type seront livr\u00e9s \u00e0 l\u2019Arm\u00e9e, pour un co\u00fbt unitaire de plusieurs dizaines de millions d\u2019euros, compris dans les deux milliards d\u2019euros d\u00e9di\u00e9s \u00e0 l\u2019ensemble des Forces sp\u00e9ciales fran\u00e7aises dans le cadre de la loi de programmation militaire 2024-2030.<\/p>\n<p>Apr\u00e8s avoir quitt\u00e9 Marignane, l\u2019appareil rejoindra Valence (Dr\u00f4me) pour une p\u00e9riode d\u2019exp\u00e9rimentation. L\u2019objectif est \u00ab\u00a0<i>de pouvoir projeter l\u2019appareil en op\u00e9ration d\u2019ici un an<\/i>\u00a0\u00bb, selon le g\u00e9n\u00e9ral Doutaud, commandant en second de l\u2019Aviation l\u00e9g\u00e8re de l\u2019Arm\u00e9e de Terre.<\/p>\n<\/p><\/div>\n","protected":false},"excerpt":{"rendered":"Cet h&eacute;licopt&egrave;re promet d&rsquo;amener les Forces sp&eacute;ciales fran&ccedil;aises &laquo;&nbsp;partout o&ugrave; elles sont demand&eacute;es&nbsp;&raquo;, d&rsquo;apr&egrave;s l&rsquo;ing&eacute;nieur en chef des &eacute;tudes et &#8230;","protected":false},"author":1,"featured_media":37987,"comment_status":"open","ping_status":"open","sticky":false,"template":"","format":"standard","meta":{"footnotes":""},"categories":[3926,3925,338,330,20],"tags":[1352,1350,1351,10,600,1353,1349],"news-destination":[3944],"news-source":[475],"is_homepage":[],"ta_other":[],"class_list":["post-37986","post","type-post","status-publish","format-standard","has-post-thumbnail","hentry","category-accueil-merge","category-accueil-third","category-economie","category-politique","category-societe","tag-aeronautique","tag-airbus","tag-armee","tag-bouches-du-rhone","tag-defense","tag-helicoptere","tag-marignane","news-destination-homepage","news-source-website"],"_links":{"self":[{"href":"https:\/\/euapp01.newsmemory.com\/lamarseillaise\/news\/wp-json\/wp\/v2\/posts\/37986","targetHints":{"allow":["GET"]}}],"collection":[{"href":"https:\/\/euapp01.newsmemory.com\/lamarseillaise\/news\/wp-json\/wp\/v2\/posts"}],"about":[{"href":"https:\/\/euapp01.newsmemory.com\/lamarseillaise\/news\/wp-json\/wp\/v2\/types\/post"}],"author":[{"embeddable":true,"href":"https:\/\/euapp01.newsmemory.com\/lamarseillaise\/news\/wp-json\/wp\/v2\/users\/1"}],"replies":[{"embeddable":true,"href":"https:\/\/euapp01.newsmemory.com\/lamarseillaise\/news\/wp-json\/wp\/v2\/comments?post=37986"}],"version-history":[{"count":1,"href":"https:\/\/euapp01.newsmemory.com\/lamarseillaise\/news\/wp-json\/wp\/v2\/posts\/37986\/revisions"}],"predecessor-version":[{"id":37988,"href":"https:\/\/euapp01.newsmemory.com\/lamarseillaise\/news\/wp-json\/wp\/v2\/posts\/37986\/revisions\/37988"}],"wp:featuredmedia":[{"embeddable":true,"href":"https:\/\/euapp01.newsmemory.com\/lamarseillaise\/news\/wp-json\/wp\/v2\/media\/37987"}],"wp:attachment":[{"href":"https:\/\/euapp01.newsmemory.com\/lamarseillaise\/news\/wp-json\/wp\/v2\/media?parent=37986"}],"wp:term":[{"taxonomy":"category","embeddable":true,"href":"https:\/\/euapp01.newsmemory.com\/lamarseillaise\/news\/wp-json\/wp\/v2\/categories?post=37986"},{"taxonomy":"post_tag","embeddable":true,"href":"https:\/\/euapp01.newsmemory.com\/lamarseillaise\/news\/wp-json\/wp\/v2\/tags?post=37986"},{"taxonomy":"news-destination","embeddable":true,"href":"https:\/\/euapp01.newsmemory.com\/lamarseillaise\/news\/wp-json\/wp\/v2\/news-destination?post=37986"},{"taxonomy":"news-source","embeddable":true,"href":"https:\/\/euapp01.newsmemory.com\/lamarseillaise\/news\/wp-json\/wp\/v2\/news-source?post=37986"},{"taxonomy":"is_homepage","embeddable":true,"href":"https:\/\/euapp01.newsmemory.com\/lamarseillaise\/news\/wp-json\/wp\/v2\/is_homepage?post=37986"},{"taxonomy":"ta_other","embeddable":true,"href":"https:\/\/euapp01.newsmemory.com\/lamarseillaise\/news\/wp-json\/wp\/v2\/ta_other?post=37986"}],"curies":[{"name":"wp","href":"https:\/\/api.w.org\/{rel}","templated":true}]}}