{"id":37983,"date":"2026-07-31T07:19:00","date_gmt":"2026-07-31T05:19:00","guid":{"rendered":"https:\/\/euapp01.newsmemory.com\/lamarseillaise\/news\/?p=37983"},"modified":"2026-08-06T07:17:44","modified_gmt":"2026-08-06T05:17:44","slug":"brigitte-devesa-et-renaud-muselier-misent-sur-lunite-aux-senatoriales","status":"publish","type":"post","link":"https:\/\/euapp01.newsmemory.com\/lamarseillaise\/news\/2026\/07\/31\/brigitte-devesa-et-renaud-muselier-misent-sur-lunite-aux-senatoriales\/","title":{"rendered":"Brigitte Dev\u00e9sa et Renaud Muselier misent sur l\u2019unit\u00e9 aux s\u00e9natoriales"},"content":{"rendered":"<div class=\"paragraph\">\n<p>Dix jours <a href=\"https:\/\/www.lamarseillaise.fr\/politique\/ciel-charge-pour-l-entree-en-campagne-de-renaud-muselier-NH20503842\">apr\u00e8s la pr\u00e9sentation des quatre premiers membres de la liste en vue des s\u00e9natoriales,<\/a> c\u2019est \u00e0 Aix, autour de la table d\u2019un restaurant sur la Rotonde, que Renaud Muselier, pr\u00e9sident (Ren.) de la R\u00e9gion Sud, introduit la totalit\u00e9 des membres qui la composent. En t\u00eate, Brigitte Dev\u00e9sa, s\u00e9natrice (UDI) sortante aixoise, suivie de Renaud Muselier, de V\u00e9ronique Miquelly, maire (DVD) d\u2019Auriol, et de Michel P\u00e9cout, maire (DVD) de Graveson. Des noms d\u00e9j\u00e0 r\u00e9v\u00e9l\u00e9s dans la presse.<\/p>\n<p>\u00c0 ces premiers candidats s\u2019ajoutent d\u00e9sormais les noms de Catherine Moyemont-Gaildry, Martial Alvarez, Anne Claudius-Petit, Philippe Ardhuin, Sophie Joissains et David Galtier, d\u00e9j\u00e0 engag\u00e9s sur la liste en 2020. Pour Renaud Muselier, il s\u2019agit d\u2019\u00ab\u00a0<i>une liste repr\u00e9sentative du territoire<\/i>\u00a0\u00bb, r\u00e9unissant six maires, une s\u00e9natrice sortante, un pr\u00e9sident de conseil r\u00e9gional, deux conseillers d\u00e9partementaux, quatre conseillers r\u00e9gionaux, six conseillers m\u00e9tropolitains, la pr\u00e9sidente de l\u2019Agence r\u00e9gionale de la biodiversit\u00e9 et de l\u2019environnement, le pr\u00e9sident de 13\u00a0Habitat et un g\u00e9n\u00e9ral de gendarmerie (2S).<\/p>\n<\/p><\/div>\n<div class=\"intext\"> Le choix du \u00ab\u00a0collectif\u00a0\u00bb\n              <\/div>\n<div class=\"paragraph\">\n<p>L\u2019ADN de cette liste, selon lui, est celui d\u2019une \u00e9quipe \u00ab\u00a0<i>forte de son exp\u00e9rience, organis\u00e9e, structur\u00e9e<\/i>\u00a0\u00bb et \u00ab\u00a0<i>loin des aventures personnelles et des ambitions individuelles<\/i>\u00a0\u00bb. Il ajoute\u00a0: \u00ab\u00a0<i>Dans ce combat, qui est un combat politique national, nous sommes une liste qui repr\u00e9sente le pr\u00e9sident G\u00e9rard Larcher et la majorit\u00e9 s\u00e9natoriale<\/i>\u00a0\u00bb.<\/p>\n<p>Outre le soutien revendiqu\u00e9 du pr\u00e9sident du S\u00e9nat, la liste peut compter sur l\u2019appui de Martine Vassal, pr\u00e9sidente (DVD) du D\u00e9partement, et de Nicolas Isnard (LR), premier vice-pr\u00e9sident de la M\u00e9tropole Aix-Marseille-Provence, qui copr\u00e9sident son comit\u00e9 de soutien. Elle b\u00e9n\u00e9ficie \u00e9galement du soutien de Georges Cristiani, maire (DVC) de Mimet et surtout pr\u00e9sident de l\u2019Union des maires des Bouches-du-Rh\u00f4ne.<\/p>\n<p>\u00ab\u00a0<i>J\u2019esp\u00e8re que nous aurons le maximum de s\u00e9nateurs. <\/i><i>Les chiffres nous donnent quatre s\u00e9nateurs, j<\/i><i>\u2019esp\u00e8re qu\u2019on r\u00e9ussira \u00e0 le r\u00e9aliser<\/i><i>\u00a0<\/i>\u00bb, avance la s\u00e9natrice sortante, Brigitte Dev\u00e9sa. Pourtant, cette liste, qui se veut repr\u00e9sentative de l\u2019union de la droite et du centre, s\u2019inscrit d\u00e9sormais dans un paysage o\u00f9 les candidatures se multiplient \u00e0 droite. Derni\u00e8re en date, la<i> <\/i>\u00ab\u00a0<i>liste des maires<\/i>\u00a0\u00bb<i>,<\/i> lanc\u00e9e par Herv\u00e9 Granier, maire (DVD) de Gardanne. Elle s\u2019ajoute aux candidatures des s\u00e9nateurs LR sortants Val\u00e9rie Boyer, un temps pressentie sur la liste avec Renaud Muselier avant de s\u2019en \u00e9loigner, et de St\u00e9phane Le\u00a0Rudulier. \u00ab\u00a0<i>Nous constatons une multiplication des candidatures qui ne peut qu\u2019affaiblir la repr\u00e9sentation d\u2019une famille politique (&#8230;). Notre liste d<\/i><i>\u2019union des droites et du centre incarne la l\u00e9gitimit\u00e9 de nos valeurs (&#8230;). Dans un contexte o\u00f9 chaque voix compte, le rassemblement est une n\u00e9cessit\u00e9. L\u2019int\u00e9r\u00eat g\u00e9n\u00e9ral ne doit pas pr\u00e9valoir sur nos ambitions individuelles<\/i>\u00a0\u00bb<i>,<\/i> tacle Philippe Ardhuin, maire (LR) de Simiane-Collongue. De son c\u00f4t\u00e9, Georges Cristiani, se dit convaincu que \u00ab\u00a0<i>les maires des Bouches-du-Rh\u00f4ne seront conscients qu\u2019\u00e0 un moment, il faut choisir l\u2019efficacit\u00e9<\/i><i>\u00a0<\/i>\u00bb.<\/p>\n<p>La division, estime Renaud Muselier, n\u2019est \u00ab\u00a0<i>pas sp\u00e9cifique \u00e0 notre famille politique<\/i>\u00a0\u00bb<i>.<\/i> En attendant d\u2019\u00e9ventuelles nouvelles candidatures, il esp\u00e8re que \u00ab\u00a0<i>d\u2019ici l\u00e0, ceux qui ont envie de tenter leur propre aventure feront le choix de revenir dans le collectif<\/i><i>\u00a0<\/i>\u00bb.<i> <\/i>Si Brigitte Dev\u00e9sa \u00ab\u00a0<i>ne critique pas la candidature de M.<\/i><i>\u00a0<\/i><i>Granier<\/i><i>\u00a0<\/i>\u00bb<i>,<\/i> elle note que \u00ab\u00a0<i>lorsqu\u2019on divise, ce n\u2019est pas bon. S\u2019il a l\u2019int\u00e9r\u00eat des maires, \u00e0 d\u00e9fendre son territoire, il devrait faire attention<\/i>\u00a0\u00bb<i>.<\/i><i><\/i><\/p>\n<p>Parmi les soutiens pr\u00e9sents figurait aussi Ludovic Perney, pr\u00e9sident de LR 13, qui appelle \u00ab\u00a0<i>l\u2019ensemble des \u00e9lus et grands \u00e9lecteurs LR \u00e0 soutenir cette liste de rassemblement dans l\u2019int\u00e9r\u00eat de notre territoire<\/i>\u00a0\u00bb<i>,<\/i> soutenant que \u00ab\u00a0<i>dans une lecture \u00e0 un seul tour, le rassemblement est la condition de la victoire<\/i>\u00a0\u00bb.<i><\/i><\/p>\n<\/p><\/div>\n","protected":false},"excerpt":{"rendered":"Dix jours apr&egrave;s la pr&eacute;sentation des quatre premiers membres de la liste en vue des s&eacute;natoriales, c&rsquo;est &agrave; Aix, autour de la table d&rsquo;un restaurant sur la Rotonde, que Renaud Muselier, pr&eacute;sident (Ren.) de &#8230;","protected":false},"author":1,"featured_media":37984,"comment_status":"open","ping_status":"open","sticky":false,"template":"","format":"standard","meta":{"footnotes":""},"categories":[3926,3925,330],"tags":[556,10,5495,642,5782,433,707,708,1920,5195],"news-destination":[3944],"news-source":[475],"is_homepage":[],"ta_other":[],"class_list":["post-37983","post","type-post","status-publish","format-standard","has-post-thumbnail","hentry","category-accueil-merge","category-accueil-third","category-politique","tag-aix-en-provence","tag-bouches-du-rhone","tag-brigitte-devesa","tag-droite","tag-election","tag-elections","tag-martine-vassal","tag-renaud-muselier","tag-senat","tag-senatoriales","news-destination-homepage","news-source-website"],"_links":{"self":[{"href":"https:\/\/euapp01.newsmemory.com\/lamarseillaise\/news\/wp-json\/wp\/v2\/posts\/37983","targetHints":{"allow":["GET"]}}],"collection":[{"href":"https:\/\/euapp01.newsmemory.com\/lamarseillaise\/news\/wp-json\/wp\/v2\/posts"}],"about":[{"href":"https:\/\/euapp01.newsmemory.com\/lamarseillaise\/news\/wp-json\/wp\/v2\/types\/post"}],"author":[{"embeddable":true,"href":"https:\/\/euapp01.newsmemory.com\/lamarseillaise\/news\/wp-json\/wp\/v2\/users\/1"}],"replies":[{"embeddable":true,"href":"https:\/\/euapp01.newsmemory.com\/lamarseillaise\/news\/wp-json\/wp\/v2\/comments?post=37983"}],"version-history":[{"count":1,"href":"https:\/\/euapp01.newsmemory.com\/lamarseillaise\/news\/wp-json\/wp\/v2\/posts\/37983\/revisions"}],"predecessor-version":[{"id":37985,"href":"https:\/\/euapp01.newsmemory.com\/lamarseillaise\/news\/wp-json\/wp\/v2\/posts\/37983\/revisions\/37985"}],"wp:featuredmedia":[{"embeddable":true,"href":"https:\/\/euapp01.newsmemory.com\/lamarseillaise\/news\/wp-json\/wp\/v2\/media\/37984"}],"wp:attachment":[{"href":"https:\/\/euapp01.newsmemory.com\/lamarseillaise\/news\/wp-json\/wp\/v2\/media?parent=37983"}],"wp:term":[{"taxonomy":"category","embeddable":true,"href":"https:\/\/euapp01.newsmemory.com\/lamarseillaise\/news\/wp-json\/wp\/v2\/categories?post=37983"},{"taxonomy":"post_tag","embeddable":true,"href":"https:\/\/euapp01.newsmemory.com\/lamarseillaise\/news\/wp-json\/wp\/v2\/tags?post=37983"},{"taxonomy":"news-destination","embeddable":true,"href":"https:\/\/euapp01.newsmemory.com\/lamarseillaise\/news\/wp-json\/wp\/v2\/news-destination?post=37983"},{"taxonomy":"news-source","embeddable":true,"href":"https:\/\/euapp01.newsmemory.com\/lamarseillaise\/news\/wp-json\/wp\/v2\/news-source?post=37983"},{"taxonomy":"is_homepage","embeddable":true,"href":"https:\/\/euapp01.newsmemory.com\/lamarseillaise\/news\/wp-json\/wp\/v2\/is_homepage?post=37983"},{"taxonomy":"ta_other","embeddable":true,"href":"https:\/\/euapp01.newsmemory.com\/lamarseillaise\/news\/wp-json\/wp\/v2\/ta_other?post=37983"}],"curies":[{"name":"wp","href":"https:\/\/api.w.org\/{rel}","templated":true}]}}