{"id":37980,"date":"2026-07-31T07:21:00","date_gmt":"2026-07-31T05:21:00","guid":{"rendered":"https:\/\/euapp01.newsmemory.com\/lamarseillaise\/news\/?p=37980"},"modified":"2026-08-06T07:17:44","modified_gmt":"2026-08-06T05:17:44","slug":"le-festival-de-lete-donne-rendez-vous-dans-les-quartiers-nord","status":"publish","type":"post","link":"https:\/\/euapp01.newsmemory.com\/lamarseillaise\/news\/2026\/07\/31\/le-festival-de-lete-donne-rendez-vous-dans-les-quartiers-nord\/","title":{"rendered":"Le Festival de l\u2019\u00e9t\u00e9 donne rendez-vous dans les quartiers Nord"},"content":{"rendered":"<div class=\"paragraph\">\n<p>\u00ab <i>O<\/i><i>n veut montrer une autre vision des quartiers Nord.<\/i>\u00a0\u00bb C\u2019est le mot d\u2019ordre de cette troisi\u00e8me \u00e9dition du Festival de l\u2019\u00e9t\u00e9, qui d\u00e9barque du 3 au 7\u00a0ao\u00fbt, chaque soir, dans un quartier diff\u00e9rent du 14<sup>e<\/sup>\u00a0arrondissement de Marseille. Organis\u00e9es par le centre social de Sainte-Marthe la Paternelle, un organisme qui d\u00e9pend du Centre de culture ouvri\u00e8re, ces cinq soir\u00e9es rassemblent des concerts, de la danse, mais aussi de la magie et une kyrielle d\u2019animations.<\/p>\n<p>\u00ab\u00a0<i>Si on parle souvent de sortir les personnes des quartiers, l\u2019inverse est \u00e9galement vrai<\/i><i>\u00a0<\/i>\u00bb, explique Anna Canales, coordinatrice enfance et famille du centre social. Celle-ci revendique une volont\u00e9 d\u2019\u00ab\u00a0<i>inverser le flux et faire venir du monde dans le 14<\/i><i><sup>e<\/sup><\/i><i> arrondissement<\/i><i>\u00a0<\/i>\u00bb.<\/p>\n<p>En effet, \u00ab\u00a0<i>ne pas se concentrer sur l\u2019offre culturelle de Marseille \u00e0 son centre-ville<\/i>\u00a0\u00bb est l\u2019enjeu essentiel du festival. Imagin\u00e9 par le directeur du centre social en 2024, qui \u00e9tait alors parti du constat \u00ab\u00a0<i>qu\u2019on n\u2019imaginait jamais un festival dans le 14<\/i><i><sup>e<\/sup><\/i><i>\u00a0<\/i><i>arrondissement<\/i>\u00a0\u00bb, raconte sa coll\u00e8gue Anna Canales.<\/p>\n<p>Pour ce faire, le festival proposera \u00ab\u00a0<i>des animations de base<\/i>\u00a0\u00bb, un programme qui reviendra en boucle sur les cinq jours, comme des stands de nourriture, des ch\u00e2teaux gonflables ou des jeux en bois. La programmation culturelle, quant \u00e0 elle, sera exclusive chaque jour, pour permettre \u00ab<i>\u00a0<\/i><i>aux spectateurs de pouvoir suivre les cinq jours<\/i>\u00a0\u00bb. C\u2019est donc \u00ab\u00a0<i>naturellement qu\u2019est n\u00e9e l\u2019id\u00e9e de combiner les arts afin d\u2019avoir un choix vari\u00e9<\/i>\u00a0\u00bb.<\/p>\n<\/p><\/div>\n<div class=\"intext\"> Des animations vari\u00e9es\n              <\/div>\n<div class=\"paragraph\">\n<p>Le festival d\u00e9butera le 3\u00a0ao\u00fbt \u00e0 la Visitation, avec les Magiciens du Garlaban et ses deux artistes, C\u00e9line et Arthur Tivoli, qui se produisent depuis plus de 20\u00a0ans. \u00c0 la Simiane, le 4\u00a0ao\u00fbt, c\u2019est la danse qui prendra le relais avec les <i>Coquelicots \u00c9ph\u00e9m\u00e8res<\/i>. Une pi\u00e8ce contemporaine qui invite le spectateur \u00e0 cr\u00e9er une nouvelle perception de l\u2019espace urbain, m\u00ealant danse et architecture. Pour les trois derniers soirs, les organisateurs ont mis\u00e9 sur la musique. Mercredi, Santo Cuero est un collectif marseillais d\u00e9di\u00e9 aux musiques traditionnelles de la c\u00f4te cara\u00efbe colombienne qui aura sa place sur sc\u00e8ne. Les \u00e9ditions pr\u00e9c\u00e9dentes ont \u00e9t\u00e9 couronn\u00e9es de succ\u00e8s, avec des \u00ab\u00a0<i>retours tr\u00e8s positifs<\/i>\u00a0\u00bb de la part du public, affirme l\u2019organisatrice. \u00ab\u00a0<i>\u00c0 la Paternelle, par exemple, ce n\u2019\u00e9tait pas que des habitants du quartier<\/i>\u00a0\u00bb, se rappelle-t-elle, nombre de \u00ab\u00a0<i>personnes ext\u00e9rieures sont venues pour le festival<\/i>\u00a0\u00bb, note-t-elle. Avec un seul regret cependant \u00ab\u00a0<i>il y avait encore trop peu de personnes du centre-ville [qui] se d\u00e9placent jusque-l\u00e0<\/i><i>\u00a0<\/i>\u00bb, pr\u00e9cise Anna Canales, en lan\u00e7ant les invitations pour cette nouvelle \u00e9dition.<\/p>\n<\/p><\/div>\n","protected":false},"excerpt":{"rendered":"&laquo; On veut montrer une autre vision des quartiers Nord.&nbsp;&raquo; C&rsquo;est le mot d&rsquo;ordre de cette troisi&egrave;me &eacute;dition du Festival de l&rsquo;&eacute;t&eacute;, qui d&eacute;barque du 3 au 7&nbsp;ao&ucirc;t, chaque soir, &#8230;","protected":false},"author":1,"featured_media":37981,"comment_status":"open","ping_status":"open","sticky":false,"template":"","format":"standard","meta":{"footnotes":""},"categories":[3926,3925,32,20],"tags":[1277,10,501,102,35,336,329,16,2120,997,668,6192],"news-destination":[3944],"news-source":[475],"is_homepage":[],"ta_other":[],"class_list":["post-37980","post","type-post","status-publish","format-standard","has-post-thumbnail","hentry","category-accueil-merge","category-accueil-third","category-culture","category-societe","tag-animations","tag-bouches-du-rhone","tag-centre-social","tag-collectif","tag-culture","tag-ete","tag-festival","tag-marseille","tag-marseille-14e-arrondissement","tag-programmation","tag-quartiers","tag-socio-culturel","news-destination-homepage","news-source-website"],"_links":{"self":[{"href":"https:\/\/euapp01.newsmemory.com\/lamarseillaise\/news\/wp-json\/wp\/v2\/posts\/37980","targetHints":{"allow":["GET"]}}],"collection":[{"href":"https:\/\/euapp01.newsmemory.com\/lamarseillaise\/news\/wp-json\/wp\/v2\/posts"}],"about":[{"href":"https:\/\/euapp01.newsmemory.com\/lamarseillaise\/news\/wp-json\/wp\/v2\/types\/post"}],"author":[{"embeddable":true,"href":"https:\/\/euapp01.newsmemory.com\/lamarseillaise\/news\/wp-json\/wp\/v2\/users\/1"}],"replies":[{"embeddable":true,"href":"https:\/\/euapp01.newsmemory.com\/lamarseillaise\/news\/wp-json\/wp\/v2\/comments?post=37980"}],"version-history":[{"count":1,"href":"https:\/\/euapp01.newsmemory.com\/lamarseillaise\/news\/wp-json\/wp\/v2\/posts\/37980\/revisions"}],"predecessor-version":[{"id":37982,"href":"https:\/\/euapp01.newsmemory.com\/lamarseillaise\/news\/wp-json\/wp\/v2\/posts\/37980\/revisions\/37982"}],"wp:featuredmedia":[{"embeddable":true,"href":"https:\/\/euapp01.newsmemory.com\/lamarseillaise\/news\/wp-json\/wp\/v2\/media\/37981"}],"wp:attachment":[{"href":"https:\/\/euapp01.newsmemory.com\/lamarseillaise\/news\/wp-json\/wp\/v2\/media?parent=37980"}],"wp:term":[{"taxonomy":"category","embeddable":true,"href":"https:\/\/euapp01.newsmemory.com\/lamarseillaise\/news\/wp-json\/wp\/v2\/categories?post=37980"},{"taxonomy":"post_tag","embeddable":true,"href":"https:\/\/euapp01.newsmemory.com\/lamarseillaise\/news\/wp-json\/wp\/v2\/tags?post=37980"},{"taxonomy":"news-destination","embeddable":true,"href":"https:\/\/euapp01.newsmemory.com\/lamarseillaise\/news\/wp-json\/wp\/v2\/news-destination?post=37980"},{"taxonomy":"news-source","embeddable":true,"href":"https:\/\/euapp01.newsmemory.com\/lamarseillaise\/news\/wp-json\/wp\/v2\/news-source?post=37980"},{"taxonomy":"is_homepage","embeddable":true,"href":"https:\/\/euapp01.newsmemory.com\/lamarseillaise\/news\/wp-json\/wp\/v2\/is_homepage?post=37980"},{"taxonomy":"ta_other","embeddable":true,"href":"https:\/\/euapp01.newsmemory.com\/lamarseillaise\/news\/wp-json\/wp\/v2\/ta_other?post=37980"}],"curies":[{"name":"wp","href":"https:\/\/api.w.org\/{rel}","templated":true}]}}