{"id":37974,"date":"2026-07-31T07:08:00","date_gmt":"2026-07-31T05:08:00","guid":{"rendered":"https:\/\/euapp01.newsmemory.com\/lamarseillaise\/news\/?p=37974"},"modified":"2026-08-03T06:59:54","modified_gmt":"2026-08-03T04:59:54","slug":"lusine-fibre-excellence-de-tarascon-bloquee-par-les-syndicats","status":"publish","type":"post","link":"https:\/\/euapp01.newsmemory.com\/lamarseillaise\/news\/2026\/07\/31\/lusine-fibre-excellence-de-tarascon-bloquee-par-les-syndicats\/","title":{"rendered":"L\u2019usine Fibre Excellence de Tarascon bloqu\u00e9e par les syndicats"},"content":{"rendered":"<div class=\"paragraph\">\n<p>Le tas d\u2019imposants rondins de bois, les plots en b\u00e9ton et les pierres dispos\u00e9s devant la sortie du site, ainsi que la tractopelle plac\u00e9e derri\u00e8re les barri\u00e8res de l\u2019usine Fibre Excellence de Tarascon, ne laissent gu\u00e8re de doute\u00a0: au lendemain de la liquidation judiciaire du site, qui laisse sur le carreau 270\u00a0salari\u00e9s, tout ce qui s\u2019y trouve y reste. Pour le moment.<\/p>\n<p>\u00ab\u00a0<i>On part du principe que cette usine, elle a encore des possibilit\u00e9s<\/i>\u00a0\u00bb, r\u00e9sume Jean-Michel Bulinge, d\u00e9l\u00e9gu\u00e9 syndical CGT Fibre Excellence Tarascon, qui regrette \u00e9galement d\u2019avoir appris la d\u00e9cision du tribunal de commerce de Toulouse par l\u2019interm\u00e9diaire d\u2019un journaliste, mercredi. \u00ab\u00a0<i>On bloque l\u2019acc\u00e8s \u00e0 l\u2019usine. Il ne faut surtout pas commencer \u00e0 la d\u00e9manteler et qu\u2019on voit partir le mat\u00e9riel de valeur qui s\u2019y trouve. C\u2019est hors de question<\/i>\u00a0\u00bb, abonde quelques m\u00e8tres plus loin Fr\u00e9d\u00e9ric Sanchez, secr\u00e9taire g\u00e9n\u00e9ral CFDT du site. Un comit\u00e9 social et \u00e9conomique (CSE) est pr\u00e9vu, ce vendredi dans la matin\u00e9e, \u00e0 Tarascon. Des mandataires devraient alors annoncer leur venue sur le site dans les prochains jours. \u00ab\u00a0<i>Mais pour l\u2019instant, il n\u2019y a rien qui rentre, rien qui sort<\/i><i>\u00a0<\/i>\u00bb, rappelle le repr\u00e9sentant de la CGT.<\/p>\n<p>Une banderole avec l\u2019inscription \u00ab<i>\u00a0<\/i>Le voyou de l\u2019\u00c9lys\u00e9e et ses sbires ont encore frapp\u00e9\u00a0\u00bb orne l\u2019entr\u00e9e de l\u2019usine. L\u2019occasion pour les syndicats de charger \u00ab\u00a0<i>les grands discours pour pas grand-chose<\/i>\u00a0\u00bb. \u00ab\u00a0<i>C\u2019est la politique de notre gouvernement<\/i><i>\u00a0<\/i><i>: il parle de r\u00e9industrialisation mais, depuis des mois, on ne fait que compter les entreprises qui perdent. Je n\u2019ai pas vu d\u2019annonce de presse avec de grandes cr\u00e9ations<\/i><i>\u00a0<\/i>\u00bb, poursuit Jean-Michel Bulinge.<\/p>\n<\/p><\/div>\n<div class=\"intext\"> \u00ab\u00a0Le maximum pour<br \/>\n               <br \/>les salari\u00e9s\u00a0\u00bb\n              <\/div>\n<div class=\"paragraph\">\n<p>Malgr\u00e9 la liquidation, les repr\u00e9sentants syndicaux restent actifs. Et pas qu\u2019un peu. Pr\u00e9sents depuis le jeudi 23\u00a0juillet sur place, ils se mobilisent dans un premier temps pour \u00ab\u00a0<i>aller chercher le maximum pour les salari\u00e9s<\/i>\u00a0\u00bb. \u00ab\u00a0<i>Qu\u2019ils partent dans la dignit\u00e9<\/i>\u00a0\u00bb, glisse Jean-Michel Bulinge. Cela passe par le maintien de la mutuelle ou encore l\u2019obtention de primes de reclassement. \u00ab\u00a0<i>Tant qu\u2019on n\u2019aura pas obtenu quelque chose, quoi que ce soit, on ne l\u00e2chera pas. Pour nous, c\u2019est primordial. Les gens m\u00e9ritent quelque chose. Et pas uniquement les miettes que peuvent nous donner les indemnit\u00e9s conventionnelles ou l\u00e9gales. Mais \u00e7a va \u00eatre dur<\/i>\u00a0\u00bb, pr\u00e9vient Fr\u00e9d\u00e9ric Sanchez.<\/p>\n<p>L\u2019organisation est au rendez-vous. Des dizaines de bonbonnes d\u2019eau sont stock\u00e9es sur une installation d\u00e9di\u00e9e tandis que, \u00e0 proximit\u00e9, une cafeti\u00e8re et un micro-onde permettent aux salari\u00e9s de tenir dans la dur\u00e9e. Sans oublier les grillades du midi. Mais cela ne peut pas durer \u00e9ternellement. \u00ab<i>\u00a0<\/i><i>On se d\u00e9brouille entre syndicats ou avec le personnel. Mais au bout d\u2019un moment, \u00e7a va tirer la langue<\/i><i>\u00a0<\/i>\u00bb, confie le secr\u00e9taire CFDT, qui appelle \u00e0 la solidarit\u00e9 de la population tarasconnaise. Implant\u00e9e dans les ann\u00e9es 1950, l\u2019usine fait partie du quotidien des habitants, dont plus d\u2019une centaine y travaillent.<\/p>\n<p>Des discussions sont en cours pour tenter de maintenir une activit\u00e9 sur le site. La CGT assure travailler sur un \u00ab\u00a0<i>projet alternatif<\/i><i>\u00a0<\/i>\u00bb qu\u2019elle pr\u00e9sentera \u00e0 la R\u00e9gion Sud et aux pr\u00e9fectures concern\u00e9es en d\u00e9but de semaine prochaine. L\u2019objectif est \u00ab\u00a0<i>d\u2019essayer de trouver une solution de red\u00e9marrage du site dans les conditions actuelles ou avec un fonctionnement peut-\u00eatre diff\u00e9rent<\/i>\u00a0\u00bb, afin \u00ab\u00a0<i>de sauvegarder les emplois sur le bassin<\/i>\u00a0\u00bb. Une \u00ab<i>\u00a0<\/i><i>bataille jusqu\u2019au bout<\/i>\u00a0\u00bb men\u00e9e aussi en intersyndicale, avec FO. Mais les repr\u00e9sentants n\u2019\u00e9taient pas sur site ce jeudi en fin de matin\u00e9e.<\/p>\n<p>Le ministre d\u00e9l\u00e9gu\u00e9 charg\u00e9 de l\u2019Industrie, S\u00e9bastien Martin, indiquait dans un communiqu\u00e9 publi\u00e9 le mercredi vouloir \u00ab\u00a0<i>pr\u00e9parer l\u2019avenir du site, engager sa reconversion et favoriser l\u2019\u00e9mergence de nouvelles activit\u00e9s<\/i><i>\u00a0<\/i>\u00bb.<\/p>\n<p>Par ailleurs, la menace d\u2019une liquidation judiciaire sur l\u2019usine Fibre Excellence de Saint-Gaudens (Haute-Garonne) subsiste, mais un nouveau d\u00e9lai a \u00e9t\u00e9 consenti, jeudi, par le tribunal de commerce de Toulouse, un industriel \u00e9tant en train de formaliser un plan de reprise. Les offres seront examin\u00e9es le 8\u00a0septembre et la d\u00e9cision communiqu\u00e9e dans les jours suivants.<\/p>\n<\/p><\/div>\n","protected":false},"excerpt":{"rendered":"Le tas d&rsquo;imposants rondins de bois, les plots en b&eacute;ton et les pierres dispos&eacute;s devant la sortie du site, ainsi que la tractopelle plac&eacute;e derri&egrave;re les barri&egrave;res de l&rsquo;usine Fibre Excellence de Tarascon, &#8230;","protected":false},"author":1,"featured_media":37975,"comment_status":"open","ping_status":"open","sticky":false,"template":"","format":"standard","meta":{"footnotes":""},"categories":[918,3926,3925,331],"tags":[3577,10,4279,528,5024,784,6191,1574,4281,191,714,491,364,1740,244],"news-destination":[3944],"news-source":[475],"is_homepage":[],"ta_other":[],"class_list":["post-37974","post","type-post","status-publish","format-standard","has-post-thumbnail","hentry","category-accueil","category-accueil-merge","category-accueil-third","category-social","tag-activites-industrielles","tag-bouches-du-rhone","tag-fibre-excellence","tag-gouvernement","tag-indemnites","tag-intersyndicale","tag-la-tarasque","tag-liquidation-judiciaire","tag-pate-a-papier","tag-politique","tag-region-sud","tag-reindustrialisation","tag-syndicats","tag-tarascon","tag-tribunal-de-commerce","news-destination-homepage","news-source-website"],"_links":{"self":[{"href":"https:\/\/euapp01.newsmemory.com\/lamarseillaise\/news\/wp-json\/wp\/v2\/posts\/37974","targetHints":{"allow":["GET"]}}],"collection":[{"href":"https:\/\/euapp01.newsmemory.com\/lamarseillaise\/news\/wp-json\/wp\/v2\/posts"}],"about":[{"href":"https:\/\/euapp01.newsmemory.com\/lamarseillaise\/news\/wp-json\/wp\/v2\/types\/post"}],"author":[{"embeddable":true,"href":"https:\/\/euapp01.newsmemory.com\/lamarseillaise\/news\/wp-json\/wp\/v2\/users\/1"}],"replies":[{"embeddable":true,"href":"https:\/\/euapp01.newsmemory.com\/lamarseillaise\/news\/wp-json\/wp\/v2\/comments?post=37974"}],"version-history":[{"count":1,"href":"https:\/\/euapp01.newsmemory.com\/lamarseillaise\/news\/wp-json\/wp\/v2\/posts\/37974\/revisions"}],"predecessor-version":[{"id":37976,"href":"https:\/\/euapp01.newsmemory.com\/lamarseillaise\/news\/wp-json\/wp\/v2\/posts\/37974\/revisions\/37976"}],"wp:featuredmedia":[{"embeddable":true,"href":"https:\/\/euapp01.newsmemory.com\/lamarseillaise\/news\/wp-json\/wp\/v2\/media\/37975"}],"wp:attachment":[{"href":"https:\/\/euapp01.newsmemory.com\/lamarseillaise\/news\/wp-json\/wp\/v2\/media?parent=37974"}],"wp:term":[{"taxonomy":"category","embeddable":true,"href":"https:\/\/euapp01.newsmemory.com\/lamarseillaise\/news\/wp-json\/wp\/v2\/categories?post=37974"},{"taxonomy":"post_tag","embeddable":true,"href":"https:\/\/euapp01.newsmemory.com\/lamarseillaise\/news\/wp-json\/wp\/v2\/tags?post=37974"},{"taxonomy":"news-destination","embeddable":true,"href":"https:\/\/euapp01.newsmemory.com\/lamarseillaise\/news\/wp-json\/wp\/v2\/news-destination?post=37974"},{"taxonomy":"news-source","embeddable":true,"href":"https:\/\/euapp01.newsmemory.com\/lamarseillaise\/news\/wp-json\/wp\/v2\/news-source?post=37974"},{"taxonomy":"is_homepage","embeddable":true,"href":"https:\/\/euapp01.newsmemory.com\/lamarseillaise\/news\/wp-json\/wp\/v2\/is_homepage?post=37974"},{"taxonomy":"ta_other","embeddable":true,"href":"https:\/\/euapp01.newsmemory.com\/lamarseillaise\/news\/wp-json\/wp\/v2\/ta_other?post=37974"}],"curies":[{"name":"wp","href":"https:\/\/api.w.org\/{rel}","templated":true}]}}