{"id":37971,"date":"2026-07-31T07:10:00","date_gmt":"2026-07-31T05:10:00","guid":{"rendered":"https:\/\/euapp01.newsmemory.com\/lamarseillaise\/news\/?p=37971"},"modified":"2026-08-03T06:59:54","modified_gmt":"2026-08-03T04:59:54","slug":"entretien-vincent-laforge-medecin-urgentiste-jai-voulu-un-temoignage-concret-au-ras-du-bitume","status":"publish","type":"post","link":"https:\/\/euapp01.newsmemory.com\/lamarseillaise\/news\/2026\/07\/31\/entretien-vincent-laforge-medecin-urgentiste-jai-voulu-un-temoignage-concret-au-ras-du-bitume\/","title":{"rendered":"[Entretien] Vincent Laforge, m\u00e9decin urgentiste : \u00ab&nbsp;J\u2019ai voulu un t\u00e9moignage concret, au ras du bitume&nbsp;\u00bb"},"content":{"rendered":"<div class=\"paragraph\">\n<p>Expert en balistique l\u00e9sionnelle, l\u2019urgentiste a d\u00fb raccrocher pour raisons de sant\u00e9, mais \u00e0 grand renfort d\u2019anecdotes, son livre nous plonge dans un quotidien hors-norme.<\/p>\n<p>La\u00a0Marseillaise\u00a0: <b>Fusillades, accidents, tentatives de suicide, naissances d\u2019urgence&#8230; Vous nous livrez une s\u00e9rie d\u2019histoires au plus pr\u00e8s du r\u00e9el. Pourquoi avoir choisi ce ton<\/b><b>\u00a0<\/b><b>?<\/b><\/p>\n<p>Vincent Laforge\u00a0: [Il sourit] Parce que \u00e7a m\u2019a \u00e9t\u00e9 demand\u00e9 par le responsable de la collection, Jacques Dallest*, pour accrocher le lecteur, mais de toute fa\u00e7on, je l\u2019aurais fait quand m\u00eame. C\u2019est la v\u00e9rit\u00e9, c\u2019est comme \u00e7a que \u00e7a se passe. J\u2019ai voulu \u00eatre concret, au ras du bitume.<\/p>\n<p><b>Ce sont aussi des histoires <br \/>de camaraderie, teint\u00e9es d\u2019humour, dans une ville de Marseille qui vous touche&#8230;<\/b><\/p>\n<p>V.L.\u00a0: Il y a un r\u00f4le tr\u00e8s important des \u00e9quipes, aussi parce que si, en partant d\u2019une intervention, on se met tous \u00e0 pleurer dans les bras des uns et des autres, on ne va pas tenir. On se fait confiance, on a nou\u00e9 des liens d\u2019amiti\u00e9 durables, pour la vie. C\u2019est une fa\u00e7on de se prot\u00e9ger. Il y a des interventions particuli\u00e8rement dramatiques, tristes. Je vous renvoie \u00e0 celle o\u00f9 il y a une d\u00e9fenestr\u00e9e de 16\u00a0ans. La pauvre gamine&#8230; [Il est \u00e9mu] On a fait ce qu\u2019on a pu, mais on n\u2019a rien pu. J\u2019\u00e9tais l\u00e9gitimement en col\u00e8re. Quand je passe rue Paradis j\u2019y pense encore. Quant \u00e0 Marseille, c\u2019est une esp\u00e8ce de sentiment d\u2019affection et de r\u00e9pulsion en m\u00eame temps. Elle a ce c\u00f4t\u00e9 sympa, la mer, et puis, les quartiers Nord, au mois de d\u00e9cembre, \u00e0 2h du matin. Il y a une fois, j\u2019ai eu cinq morts dans la matin\u00e9e, c\u2019est difficile.<\/p>\n<p><b>Vous t\u00e9moignez aussi d\u2019un m\u00e9tier qui a largement \u00e9volu\u00e9, dont vous avez appr\u00e9ci\u00e9 le c\u00f4t\u00e9 artisanal. <\/b><b><span class=\"mln_uppercase_mln\">\u00ea<\/span><\/b><b>tes-vous nostalgique d\u2019une \u00e9poque<\/b><b>\u00a0<\/b><b>?<\/b><\/p>\n<p>V.L.\u00a0: J\u2019ai \u00e9t\u00e9 oblig\u00e9 d\u2019arr\u00eater en raison d\u2019un quadruple pontage. Cela a \u00e9t\u00e9 dur quand mon m\u00e9decin chef m\u2019a dit que je n\u2019avais plus droit au stress, plus de nuit, plus rien. Je parle beaucoup de certains m\u00e9decins de Gonesse, dont j\u2019ai \u00e9t\u00e9 l\u2019\u00e9l\u00e8ve. Je ne voudrais pas porter un regard trop s\u00e9v\u00e8re sur mes jeunes coll\u00e8gues. Ils font ce pour quoi ils ont \u00e9t\u00e9 form\u00e9s. Ils sont beaucoup plus forts que moi, ont tous pass\u00e9 \u00e0 un concours tr\u00e8s difficile que je n\u2019ai pas pass\u00e9. Mais, avant, on faisait avec ce qu\u2019on avait, avec notre exp\u00e9rience et le mat\u00e9riel qui \u00e9tait ce qu\u2019il \u00e9tait. Mais l\u2019interrogatoire du patient, c\u2019est 75% de l\u2019examen clinique. Et puis dans l\u2019artisanat, il y a aussi l\u2019amour du travail bien fait. \u00c0 chaque fois, je me demandais \u00ab\u00a0<i>qu\u2019est-ce que je pourrais faire de plus<\/i><i>\u00a0<\/i><i>?<\/i>\u00a0\u00bb.<\/p>\n<p><b>Vous restez r\u00e9serviste chez les pompiers de Paris. M\u00e9decin urgentiste, c\u2019est pour la vie<\/b><b>\u00a0<\/b><b>?<\/b><\/p>\n<p>V.L.\u00a0: J\u2019ai exerc\u00e9 dans un h\u00f4pital, c\u2019est un monde impitoyable, c\u2019est la m\u00e9decine de terrain qui m\u2019int\u00e9resse. Il y a un c\u00f4t\u00e9 \u00ab\u00a0prima donna\u00a0\u00bb aussi. Il faut \u00eatre honn\u00eate. Quand on arrive sur l\u2019intervention, tous les feux des projecteurs sont sur vous. Mais en m\u00eame temps, vous \u00eates oblig\u00e9 d\u2019\u00eatre dans l\u2019action et d\u2019\u00eatre efficace aussi. C\u2019est particuli\u00e8rement vrai pour des interventions multivictimes. On a vraiment \u00e9t\u00e9 form\u00e9s pour \u00e7a, comme pour la prise d\u2019otage \u00e0 la tour M\u00e9diterran\u00e9e. On apprend \u00e0 ne pas arriver sous le feu. J\u2019en suis au point o\u00f9, aujourd\u2019hui, quand je vais dans un magasin, je me dis la sortie est l\u00e0, l\u2019entr\u00e9e ici, j\u2019organiserais mon poste m\u00e9dical avanc\u00e9 comme \u00e7a&#8230;<\/p>\n<p><b><\/b><\/p>\n<p><b>Ce livre est-il aussi un message aux nouvelles g\u00e9n\u00e9rations de m\u00e9decins<\/b><b>\u00a0<\/b><b>?<\/b><\/p>\n<p>V.L.\u00a0: Je n\u2019ai pas voulu faire un livre de m\u00e9decine o\u00f9 j\u2019explique aux jeunes ce qu\u2019il faut faire, ils trouveront par eux-m\u00eames. Je trouve que c\u2019est odieux, les vieux cons qui veulent pontifier. Non, j\u2019ai \u00e9crit pour ma petite-fille, qui a 2\u00a0ans. C\u2019est \u00e0 elle qu\u2019est d\u00e9di\u00e9 le livre. C\u2019est un legs, une forme de t\u00e9moignage. Car cette transmission, je ne l\u2019ai pas eue. J\u2019ai beaucoup regrett\u00e9 que mon p\u00e8re, en particulier, ne raconte pas sa campagne de Normandie, tout comme mes grands-p\u00e8res, qui ont tous deux particip\u00e9 \u00e0 la Premi\u00e8re Guerre mondiale. Je suis all\u00e9 aux archives, \u00e0 Vincennes, j\u2019ai d\u00e9couvert mon grand-p\u00e8re, que je n\u2019avais pas connu, \u00e9tait m\u00e9decin. J\u2019ai d\u00e9couvert des choses extraordinaires.<\/p>\n<p><b>Pensez-vous \u00e9crire une suite<\/b><b>\u00a0<\/b><b>?<\/b><\/p>\n<p>V.L.\u00a0: Je ne sais pas, pourquoi pas. J\u2019ai encore plein d\u2019histoires. Quand je me prom\u00e8ne dans Marseille, je me souviens\u00a0: l\u00e0 une explosion de gaz, devant l\u2019H\u00f4tel-Dieu un arr\u00eat [cardiaque], un accouchement difficile rue de la R\u00e9publique&#8230; C\u2019est mon premier ouvrage grand public, mais j\u2019en ai \u00e9crit deux plus techniques. L\u2019un intitul\u00e9 <i>La chair et le plomb<\/i> sur les plaies par arme \u00e0 feu depuis Ambroise Par\u00e9, un autre sur la balistique l\u00e9sionnelle. Je donne des cours \u00e0 la fac sur ce sujet en particulier \u00e0 Marseille, Lyon, Montpellier&#8230;<\/p>\n<\/p><\/div>\n<div class=\"paragraph\">\n<p><i>* ex-procureur de la R\u00e9publique <br \/>\u00e0 Marseille<\/i><\/p>\n<p><i>\u00ab<\/i><i>\u00a0<\/i><i>Du sang sur les mains, R\u00e9cits<\/i><i>\u00a0<\/i><i>\u00bb, <br \/>de Vincent Laforge, 244<\/i><i>\u00a0<\/i><i>pages, <br \/>Mareuil \u00c9ditions, 20,99<\/i><i>\u00a0<\/i><i>euros<\/i><\/p>\n<\/p><\/div>\n","protected":false},"excerpt":{"rendered":"Expert en balistique l&eacute;sionnelle, l&rsquo;urgentiste a d&ucirc; raccrocher pour raisons de sant&eacute;, mais &agrave; grand renfort d&rsquo;anecdotes, son livre nous plonge dans un quotidien hors-norme.","protected":false},"author":1,"featured_media":37972,"comment_status":"open","ping_status":"open","sticky":false,"template":"","format":"standard","meta":{"footnotes":""},"categories":[918,3926,3925,20],"tags":[2746,6190,10,343,267,59,1248,2799,4011,16,258,128,178,924,2167,960],"news-destination":[3944],"news-source":[475],"is_homepage":[],"ta_other":[],"class_list":["post-37971","post","type-post","status-publish","format-standard","has-post-thumbnail","hentry","category-accueil","category-accueil-merge","category-accueil-third","category-societe","tag-accidents","tag-arme-a-feu","tag-bouches-du-rhone","tag-entretien","tag-fusillades","tag-jeunes","tag-livre","tag-marins-pompiers","tag-marins-pompiers-de-marseille","tag-marseille","tag-medecine","tag-mediterranee","tag-population","tag-suicide","tag-temoignage","tag-transmission","news-destination-homepage","news-source-website"],"_links":{"self":[{"href":"https:\/\/euapp01.newsmemory.com\/lamarseillaise\/news\/wp-json\/wp\/v2\/posts\/37971","targetHints":{"allow":["GET"]}}],"collection":[{"href":"https:\/\/euapp01.newsmemory.com\/lamarseillaise\/news\/wp-json\/wp\/v2\/posts"}],"about":[{"href":"https:\/\/euapp01.newsmemory.com\/lamarseillaise\/news\/wp-json\/wp\/v2\/types\/post"}],"author":[{"embeddable":true,"href":"https:\/\/euapp01.newsmemory.com\/lamarseillaise\/news\/wp-json\/wp\/v2\/users\/1"}],"replies":[{"embeddable":true,"href":"https:\/\/euapp01.newsmemory.com\/lamarseillaise\/news\/wp-json\/wp\/v2\/comments?post=37971"}],"version-history":[{"count":1,"href":"https:\/\/euapp01.newsmemory.com\/lamarseillaise\/news\/wp-json\/wp\/v2\/posts\/37971\/revisions"}],"predecessor-version":[{"id":37973,"href":"https:\/\/euapp01.newsmemory.com\/lamarseillaise\/news\/wp-json\/wp\/v2\/posts\/37971\/revisions\/37973"}],"wp:featuredmedia":[{"embeddable":true,"href":"https:\/\/euapp01.newsmemory.com\/lamarseillaise\/news\/wp-json\/wp\/v2\/media\/37972"}],"wp:attachment":[{"href":"https:\/\/euapp01.newsmemory.com\/lamarseillaise\/news\/wp-json\/wp\/v2\/media?parent=37971"}],"wp:term":[{"taxonomy":"category","embeddable":true,"href":"https:\/\/euapp01.newsmemory.com\/lamarseillaise\/news\/wp-json\/wp\/v2\/categories?post=37971"},{"taxonomy":"post_tag","embeddable":true,"href":"https:\/\/euapp01.newsmemory.com\/lamarseillaise\/news\/wp-json\/wp\/v2\/tags?post=37971"},{"taxonomy":"news-destination","embeddable":true,"href":"https:\/\/euapp01.newsmemory.com\/lamarseillaise\/news\/wp-json\/wp\/v2\/news-destination?post=37971"},{"taxonomy":"news-source","embeddable":true,"href":"https:\/\/euapp01.newsmemory.com\/lamarseillaise\/news\/wp-json\/wp\/v2\/news-source?post=37971"},{"taxonomy":"is_homepage","embeddable":true,"href":"https:\/\/euapp01.newsmemory.com\/lamarseillaise\/news\/wp-json\/wp\/v2\/is_homepage?post=37971"},{"taxonomy":"ta_other","embeddable":true,"href":"https:\/\/euapp01.newsmemory.com\/lamarseillaise\/news\/wp-json\/wp\/v2\/ta_other?post=37971"}],"curies":[{"name":"wp","href":"https:\/\/api.w.org\/{rel}","templated":true}]}}