{"id":37968,"date":"2026-07-31T07:11:00","date_gmt":"2026-07-31T05:11:00","guid":{"rendered":"https:\/\/euapp01.newsmemory.com\/lamarseillaise\/news\/?p=37968"},"modified":"2026-08-06T07:17:10","modified_gmt":"2026-08-06T05:17:10","slug":"letat-lance-une-mission-sur-lavenir-de-la-metropole-aix-marseille-provence","status":"publish","type":"post","link":"https:\/\/euapp01.newsmemory.com\/lamarseillaise\/news\/2026\/07\/31\/letat-lance-une-mission-sur-lavenir-de-la-metropole-aix-marseille-provence\/","title":{"rendered":"L\u2019\u00c9tat lance une mission sur l\u2019avenir de la M\u00e9tropole Aix-Marseille-Provence"},"content":{"rendered":"<div class=\"paragraph\">\n<p>Une mission \u00ab<i>\u00a0<\/i><i>ind\u00e9pendante<\/i><i>\u00a0<\/i>\u00bb, \u00ab\u00a0<i>d\u2019analyse et de propositions sur la situation et le devenir de la M\u00e9tropole Aix-Marseille-Provence<\/i>\u00a0\u00bb alors qu\u2019elle \u00ab\u00a0<i>traverse une p\u00e9riode difficile et in\u00e9dite depuis sa cr\u00e9ation en 2016<\/i><i>\u00a0<\/i>\u00bb, a \u00e9t\u00e9 lanc\u00e9e par le gouvernement ce 29\u00a0juillet. Confi\u00e9e \u00e0 Dominique Busserau, ancien ministre, et \u00e0 Jean-Fran\u00e7ois Debat, pr\u00e9sident du Comit\u00e9 des finances locales, elle entend \u00ab\u00a0<i>proposer des \u00e9volutions<\/i><i>\u00a0<\/i>\u00bb<i> <\/i>pour<i> <\/i>\u00ab\u00a0<i>renforcer l\u2019efficacit\u00e9 de l\u2019action publique<\/i><i>\u00a0<\/i>\u00bb. Et d\u00e9butera ses travaux fin septembre, histoire de \u00ab\u00a0<i>respecter la s\u00e9quence budg\u00e9taire actuellement engag\u00e9e<\/i>\u00a0\u00bb par la collectivit\u00e9.<\/p>\n<p>Pour ce faire, ils se pencheront sur l\u2019organisation institutionnelle, la \u00ab\u00a0gouvernance\u00a0\u00bb, les comp\u00e9tences, les relations avec les communes qui la composent, les m\u00e9canismes financiers, la lisibilit\u00e9 et l\u2019efficacit\u00e9 de l\u2019action publique.<\/p>\n<\/p><\/div>\n<div class=\"intext\"> Un \u00ab\u00a0cri d\u2019alarme\u00a0\u00bb\n              <\/div>\n<div class=\"paragraph\">\n<p>Si le pr\u00e9sident d\u2019Aix-Marseille-Provence estime que cette mission est \u00ab\u00a0<i>une premi\u00e8re \u00e9tape pour trouver des solutions concr\u00e8tes et durables<\/i>\u00a0\u00bb rappelant que ce territoire de deux millions d\u2019habitants, est \u00ab\u00a0<i>quatre fois plus \u00e9tendu que le Grand Paris et riche d\u2019une diversit\u00e9 g\u00e9ographique unique en France<\/i>\u00a0\u00bb, Nicolas Isnard (LR) persiste \u00e0 demander des moyens pour \u00ab\u00a0<i>assumer nos responsabilit\u00e9s, renforcer l\u2019attractivit\u00e9 et le dynamisme \u00e9conomique de notre m\u00e9tropole et am\u00e9liorer la vie quotidienne de leurs habitants<\/i>\u00a0\u00bb. Un \u00ab<i>\u00a0<\/i><i>cri d\u2019alarme de l\u2019ensemble des m\u00e9tropoles que le gouvernement doit entendre<\/i><i>\u00a0<\/i>\u00bb mart\u00e8le-t-il quand leurs missions sont \u00ab\u00a0<i>de plus en plus importantes, en mati\u00e8re de transports et d\u2019am\u00e9nagement du territoire notamment<\/i>\u00a0\u00bb et que \u00ab\u00a0<i>les diff\u00e9rentes lois de finances n\u2019ont cess\u00e9 d\u2019ass\u00e9cher [les] finances<\/i>\u00a0\u00bb.<\/p>\n<\/p><\/div>\n","protected":false},"excerpt":{"rendered":"Une mission &laquo;&nbsp;ind&eacute;pendante&nbsp;&raquo;, &laquo;&nbsp;d&rsquo;analyse et de propositions sur la situation et le devenir de la M&eacute;tropole Aix-Marseille-Provence&nbsp;&raquo; alors qu&rsquo;elle &laquo;&nbsp;traverse une &#8230;","protected":false},"author":1,"featured_media":37969,"comment_status":"open","ping_status":"open","sticky":false,"template":"","format":"standard","meta":{"footnotes":""},"categories":[3926,3925,330],"tags":[10,430,513,374,913,528,106,665,16,671,669,4449,497,1188,4009,1325,137,666],"news-destination":[3944],"news-source":[475],"is_homepage":[],"ta_other":[],"class_list":["post-37968","post","type-post","status-publish","format-standard","has-post-thumbnail","hentry","category-accueil-merge","category-accueil-third","category-politique","tag-bouches-du-rhone","tag-budget","tag-communes","tag-crise","tag-finances","tag-gouvernement","tag-habitants","tag-lr","tag-marseille","tag-metropole-aix-marseille","tag-metropole-aix-marseille-provence","tag-metropoles","tag-ministre","tag-moyens","tag-nicolas-isnard","tag-solutions","tag-territoire","tag-transports","news-destination-homepage","news-source-website"],"_links":{"self":[{"href":"https:\/\/euapp01.newsmemory.com\/lamarseillaise\/news\/wp-json\/wp\/v2\/posts\/37968","targetHints":{"allow":["GET"]}}],"collection":[{"href":"https:\/\/euapp01.newsmemory.com\/lamarseillaise\/news\/wp-json\/wp\/v2\/posts"}],"about":[{"href":"https:\/\/euapp01.newsmemory.com\/lamarseillaise\/news\/wp-json\/wp\/v2\/types\/post"}],"author":[{"embeddable":true,"href":"https:\/\/euapp01.newsmemory.com\/lamarseillaise\/news\/wp-json\/wp\/v2\/users\/1"}],"replies":[{"embeddable":true,"href":"https:\/\/euapp01.newsmemory.com\/lamarseillaise\/news\/wp-json\/wp\/v2\/comments?post=37968"}],"version-history":[{"count":1,"href":"https:\/\/euapp01.newsmemory.com\/lamarseillaise\/news\/wp-json\/wp\/v2\/posts\/37968\/revisions"}],"predecessor-version":[{"id":37970,"href":"https:\/\/euapp01.newsmemory.com\/lamarseillaise\/news\/wp-json\/wp\/v2\/posts\/37968\/revisions\/37970"}],"wp:featuredmedia":[{"embeddable":true,"href":"https:\/\/euapp01.newsmemory.com\/lamarseillaise\/news\/wp-json\/wp\/v2\/media\/37969"}],"wp:attachment":[{"href":"https:\/\/euapp01.newsmemory.com\/lamarseillaise\/news\/wp-json\/wp\/v2\/media?parent=37968"}],"wp:term":[{"taxonomy":"category","embeddable":true,"href":"https:\/\/euapp01.newsmemory.com\/lamarseillaise\/news\/wp-json\/wp\/v2\/categories?post=37968"},{"taxonomy":"post_tag","embeddable":true,"href":"https:\/\/euapp01.newsmemory.com\/lamarseillaise\/news\/wp-json\/wp\/v2\/tags?post=37968"},{"taxonomy":"news-destination","embeddable":true,"href":"https:\/\/euapp01.newsmemory.com\/lamarseillaise\/news\/wp-json\/wp\/v2\/news-destination?post=37968"},{"taxonomy":"news-source","embeddable":true,"href":"https:\/\/euapp01.newsmemory.com\/lamarseillaise\/news\/wp-json\/wp\/v2\/news-source?post=37968"},{"taxonomy":"is_homepage","embeddable":true,"href":"https:\/\/euapp01.newsmemory.com\/lamarseillaise\/news\/wp-json\/wp\/v2\/is_homepage?post=37968"},{"taxonomy":"ta_other","embeddable":true,"href":"https:\/\/euapp01.newsmemory.com\/lamarseillaise\/news\/wp-json\/wp\/v2\/ta_other?post=37968"}],"curies":[{"name":"wp","href":"https:\/\/api.w.org\/{rel}","templated":true}]}}