{"id":37965,"date":"2026-07-31T06:36:00","date_gmt":"2026-07-31T04:36:00","guid":{"rendered":"https:\/\/euapp01.newsmemory.com\/lamarseillaise\/news\/?p=37965"},"modified":"2026-07-31T10:11:06","modified_gmt":"2026-07-31T08:11:06","slug":"refuser-limpuissance","status":"publish","type":"post","link":"https:\/\/euapp01.newsmemory.com\/lamarseillaise\/news\/2026\/07\/31\/refuser-limpuissance\/","title":{"rendered":"Refuser l\u2019impuissance"},"content":{"rendered":"<div class=\"paragraph\">\n<p>La loi transpartisane pour modifier la politique foresti\u00e8re afin de r\u00e9pondre aux enjeux d\u2019adaptation des for\u00eats au changement climatique, d\u00e9pos\u00e9e le 23\u00a0juillet dernier, permettra un d\u00e9bat fondamental au Parlement. La n\u00e9cessit\u00e9 de prot\u00e9ger les for\u00eats qui att\u00e9nuent le changement climatique, r\u00e9gulent le cycle de l\u2019eau, pr\u00e9viennent l\u2019\u00e9rosion des sols ou fournissent une ressource renouvelable est d\u00e9sormais vraiment sur la table. Une prise de conscience qui s\u2019est faite au prix de morts chez les soldats du feu et de larmes et de traumatisme dans la population.<\/p>\n<p>Le Parti communiste porte lui la proposition d\u2019un grand service public forestier, s\u2019adressant tant \u00e0 la for\u00eat publique qu\u2019\u00e0 la for\u00eat priv\u00e9e. Service public\u00a0: le terme cl\u00e9 est l\u00e2ch\u00e9. Un service public d\u00e9pr\u00e9ci\u00e9 et ringardis\u00e9 par les tenants d\u2019une vision lib\u00e9rale du monde. Le capitalisme a exploit\u00e9 et \u00e9puis\u00e9 la plan\u00e8te, mais pas seulement.<\/p>\n<p><b>Le roi est nu<\/b><\/p>\n<p>Sa logique individuelle, ses recherches de profit toujours plus importantes et toujours \u00e0 plus court terme, ses cl\u00e9s de lecture uniquement comptable ont sap\u00e9 toutes possibilit\u00e9s d\u2019agir collectivement et interdit toute possibilit\u00e9 de planifier et de mener une strat\u00e9gie globale. Les investissements ont \u00e9t\u00e9 consid\u00e9r\u00e9s comme des charges, les fonctionnaires attaqu\u00e9s, les agences publiques montr\u00e9es du doigt&#8230; Mais les incendies l\u2019ont montr\u00e9\u00a0: le roi est nu. La France n\u2019est ni pr\u00e9par\u00e9e, ni apte \u00e0 affronter les d\u00e9fis du bouleversement climatique. Rien n\u2019est jou\u00e9 cependant et la bataille doit \u00eatre men\u00e9e. Les d\u00e9bats pour cette loi transpartisane devront permettre de dire clairement les choses et de regagner du terrain. La pr\u00e9sidentielle suivra durant laquelle il faudra regarder la situation en face et refuser l\u2019impuissance.<\/p>\n<\/p><\/div>\n","protected":false},"excerpt":{"rendered":"La loi transpartisane pour modifier la politique foresti&egrave;re afin de r&eacute;pondre aux enjeux d&rsquo;adaptation des for&ecirc;ts au changement climatique, d&eacute;pos&eacute;e le 23&nbsp;juillet dernier, permettra un d&eacute;bat &#8230;","protected":false},"author":1,"featured_media":37966,"comment_status":"open","ping_status":"open","sticky":false,"template":"","format":"standard","meta":{"footnotes":""},"categories":[332],"tags":[207,1372,418,572,319,16,250,751],"news-destination":[],"news-source":[475],"is_homepage":[],"ta_other":[],"class_list":["post-37965","post","type-post","status-publish","format-standard","has-post-thumbnail","hentry","category-edito","tag-changement-climatique","tag-editoriaux","tag-foret","tag-france","tag-incendie","tag-marseille","tag-pcf","tag-service-public","news-source-website"],"_links":{"self":[{"href":"https:\/\/euapp01.newsmemory.com\/lamarseillaise\/news\/wp-json\/wp\/v2\/posts\/37965","targetHints":{"allow":["GET"]}}],"collection":[{"href":"https:\/\/euapp01.newsmemory.com\/lamarseillaise\/news\/wp-json\/wp\/v2\/posts"}],"about":[{"href":"https:\/\/euapp01.newsmemory.com\/lamarseillaise\/news\/wp-json\/wp\/v2\/types\/post"}],"author":[{"embeddable":true,"href":"https:\/\/euapp01.newsmemory.com\/lamarseillaise\/news\/wp-json\/wp\/v2\/users\/1"}],"replies":[{"embeddable":true,"href":"https:\/\/euapp01.newsmemory.com\/lamarseillaise\/news\/wp-json\/wp\/v2\/comments?post=37965"}],"version-history":[{"count":1,"href":"https:\/\/euapp01.newsmemory.com\/lamarseillaise\/news\/wp-json\/wp\/v2\/posts\/37965\/revisions"}],"predecessor-version":[{"id":37967,"href":"https:\/\/euapp01.newsmemory.com\/lamarseillaise\/news\/wp-json\/wp\/v2\/posts\/37965\/revisions\/37967"}],"wp:featuredmedia":[{"embeddable":true,"href":"https:\/\/euapp01.newsmemory.com\/lamarseillaise\/news\/wp-json\/wp\/v2\/media\/37966"}],"wp:attachment":[{"href":"https:\/\/euapp01.newsmemory.com\/lamarseillaise\/news\/wp-json\/wp\/v2\/media?parent=37965"}],"wp:term":[{"taxonomy":"category","embeddable":true,"href":"https:\/\/euapp01.newsmemory.com\/lamarseillaise\/news\/wp-json\/wp\/v2\/categories?post=37965"},{"taxonomy":"post_tag","embeddable":true,"href":"https:\/\/euapp01.newsmemory.com\/lamarseillaise\/news\/wp-json\/wp\/v2\/tags?post=37965"},{"taxonomy":"news-destination","embeddable":true,"href":"https:\/\/euapp01.newsmemory.com\/lamarseillaise\/news\/wp-json\/wp\/v2\/news-destination?post=37965"},{"taxonomy":"news-source","embeddable":true,"href":"https:\/\/euapp01.newsmemory.com\/lamarseillaise\/news\/wp-json\/wp\/v2\/news-source?post=37965"},{"taxonomy":"is_homepage","embeddable":true,"href":"https:\/\/euapp01.newsmemory.com\/lamarseillaise\/news\/wp-json\/wp\/v2\/is_homepage?post=37965"},{"taxonomy":"ta_other","embeddable":true,"href":"https:\/\/euapp01.newsmemory.com\/lamarseillaise\/news\/wp-json\/wp\/v2\/ta_other?post=37965"}],"curies":[{"name":"wp","href":"https:\/\/api.w.org\/{rel}","templated":true}]}}