{"id":37962,"date":"2026-07-31T06:52:00","date_gmt":"2026-07-31T04:52:00","guid":{"rendered":"https:\/\/euapp01.newsmemory.com\/lamarseillaise\/news\/?p=37962"},"modified":"2026-08-05T09:57:25","modified_gmt":"2026-08-05T07:57:25","slug":"la-ronde-daix-en-provence-sannonce-palpitante","status":"publish","type":"post","link":"https:\/\/euapp01.newsmemory.com\/lamarseillaise\/news\/2026\/07\/31\/la-ronde-daix-en-provence-sannonce-palpitante\/","title":{"rendered":"La Ronde d\u2019Aix-en-Provence s\u2019annonce palpitante"},"content":{"rendered":"<div class=\"paragraph\">\n<p>Pour l\u2019AVC Aixoise, elle est la vitrine d\u2019un savoir-faire reconnu en mati\u00e8re d\u2019organisation. La Ronde d\u2019Aix-en-Provence va donner un petit air de Grande Boucle au c\u0153ur historique de la cit\u00e9 du Roy Ren\u00e9. S\u2019il n\u2019existe pas ici d\u2019\u00e9quivalent \u00e0 la rue Lepic, le cours Mirabeau s\u2019annonce tout aussi prestigieux que les Champs-\u00c9lys\u00e9es pour faire vibrer les passionn\u00e9s de la petite reine.<\/p>\n<p>Cette ann\u00e9e, la 76<sup>e<\/sup>\u00a0\u00e9dition de la Ronde d\u2019Aix aura une saveur particuli\u00e8re. Elle succ\u00e8de en effet \u00e0 l\u2019ann\u00e9e du centenaire de l\u2019AVCA, c\u00e9l\u00e9br\u00e9 comme il se doit en 2025. Pour marquer l\u2019entr\u00e9e de l\u2019association dans son deuxi\u00e8me si\u00e8cle d\u2019existence, ce rendez-vous entre les deux Tours de France a \u00e9t\u00e9 quelque peu d\u00e9poussi\u00e9r\u00e9.<\/p>\n<\/p><\/div>\n<div class=\"intext\"> Nouveaut\u00e9s et t\u00eates d\u2019affiche\n              <\/div>\n<div class=\"paragraph\">\n<p>L\u2019AVC a voulu faire de cette Ronde d\u2019Aix 2026 \u00ab\u00a0<i>un \u00e9v\u00e9nement du cyclisme r\u00e9gional autrement que par la pr\u00e9sence des grands noms de la petite reine<\/i><i>\u00a0<\/i>\u00bb, note son pr\u00e9sident, Jean-Daniel Beurnier. Ainsi, parmi les nouveaut\u00e9s, le club propose, en ouverture, \u00ab\u00a0<i>des courses d\u2019animation ouvertes aux jeunes du d\u00e9partement et, plus tard dans la soir\u00e9e, une parenth\u00e8se f\u00e9minine, avant la finale des pros<\/i><i>\u00a0<\/i>\u00bb. Le but pour l\u2019AVC Aix \u00e9tant de \u00ab\u00a0<i>renforcer le lien avec les clubs amis du d\u00e9partement<\/i><i>\u00a0<\/i>\u00bb.<\/p>\n<p>Entre la fin du Tour de France et le d\u00e9but du Tour de France Femmes, plusieurs coureurs de renom sont annonc\u00e9s sur la ligne de d\u00e9part, ce vendredi.<\/p>\n<p>Jean-Michel Bourgouin, le manager du club aixois, a su trouver les arguments pour convaincre des champions, tr\u00e8s sollicit\u00e9s, \u00e0 venir participer \u00e0 la course. Ainsi, le public va pouvoir encourager plusieurs coureurs professionnels. <span class=\"mln_uppercase_mln\">\u00e0<\/span> savoir Alexandre Delettre (TotalEnergies), le Vauclusien Nicolas Breuillard (TotalEnergies), Sandy Dujardin (TotalEnergies), Cl\u00e9ment Russo (Groupama-FDJ), Carlos Verona (Lidl-Trek), Alex Baudin (EF Education-Easypost), Emmanuel Houcou (Pinnarelo-Q36.5) et le v\u00e9t\u00e9ran Steve Chainel (Cross Team Legendre).<\/p>\n<\/p><\/div>\n<div class=\"intext\"> Paul Magnier et une surprise en t\u00eate d\u2019affiche\n              <\/div>\n<div class=\"paragraph\">\n<p>La t\u00eate d\u2019affiche sera sans nul doute Paul Magnier. Le Fran\u00e7ais de la Quick Step n\u2019\u00e9tait pas au d\u00e9part du dernier Tour. Mais il s\u2019est distingu\u00e9 sur les routes du Giro, o\u00f9 il a remport\u00e9 trois \u00e9tapes. Il aura l\u2019occasion de se rappeler aux bons souvenirs des amateurs de sprint.<\/p>\n<p><span class=\"mln_uppercase_mln\">\u00e0<\/span> suivre \u00e9galement, R\u00e9mi Cavagna. Le champion de France du contre-la-montre vient sur le cours Mirabeau avec des ambitions. La pr\u00e9sence de rivaux de tr\u00e8s haut niveau, et celle d\u2019un coureur surprise, ne feront que galvaniser ses forces.<\/p>\n<p>Si le programme de la soir\u00e9e a quelque peu \u00e9volu\u00e9, la formule des courses reste quant \u00e0 elle inchang\u00e9e. Elle est compos\u00e9e de s\u00e9ries qualificatives (dix tours de circuit de 800\u00a0m\u00e8tres). Les premiers de chaque s\u00e9rie sont qualifi\u00e9s pour les demi-finales, ainsi de suite jusqu\u2019\u00e0 la petite et la grande finale.<\/p>\n<p>De quoi tenir en haleine un public qui s\u2019y conna\u00eet en mati\u00e8re de cyclisme.<\/p>\n<\/p><\/div>\n<div class=\"paragraph\">\n<p><b>Le programme en d\u00e9tail de la Ronde<\/b><\/p>\n<p>La 76e Ronde d\u2019Aix-en-Provence va donner un coup de projecteur sur le cyclisme r\u00e9gional, avec des courses de jeunes et une s\u00e9rie r\u00e9serv\u00e9e aux femmes.<\/p>\n<p>18h : Courses d\u2019ouverture r\u00e9serv\u00e9es aux jeunes cyclistes du d\u00e9partement.<\/p>\n<p>19h : Pr\u00e9sentation des coureurs participant \u00e0 la Ronde d\u2019Aix.<\/p>\n<p>20h15 : Demi-finales, courses sur dix tours.<\/p>\n<p>20h45 : Finale C, classement des places 21 \u00e0 32, sur dix tours.<\/p>\n<p>21h : Finale B, classement des places 13 \u00e0 20, sur dix tours.<\/p>\n<p>21h15 : Crit\u00e9rium f\u00e9minin, sur dix tours.<\/p>\n<p>21h40 : Finale de la Ronde d\u2019Aix Finale principale de la 76e \u00e9dition.<\/p>\n<\/p><\/div>\n","protected":false},"excerpt":{"rendered":"Pour l&rsquo;AVC Aixoise, elle est la vitrine d&rsquo;un savoir-faire reconnu en mati&egrave;re d&rsquo;organisation. La Ronde d&rsquo;Aix-en-Provence va donner un petit air de Grande Boucle au c&oelig;ur historique de la cit&eacute; du Roy &#8230;","protected":false},"author":1,"featured_media":37963,"comment_status":"open","ping_status":"open","sticky":false,"template":"","format":"standard","meta":{"footnotes":""},"categories":[3926,3924,7],"tags":[556,10,1144,6189],"news-destination":[3944],"news-source":[475],"is_homepage":[],"ta_other":[],"class_list":["post-37962","post","type-post","status-publish","format-standard","has-post-thumbnail","hentry","category-accueil-merge","category-accueil-second","category-sports","tag-aix-en-provence","tag-bouches-du-rhone","tag-cyclisme","tag-ronde-daix","news-destination-homepage","news-source-website"],"_links":{"self":[{"href":"https:\/\/euapp01.newsmemory.com\/lamarseillaise\/news\/wp-json\/wp\/v2\/posts\/37962","targetHints":{"allow":["GET"]}}],"collection":[{"href":"https:\/\/euapp01.newsmemory.com\/lamarseillaise\/news\/wp-json\/wp\/v2\/posts"}],"about":[{"href":"https:\/\/euapp01.newsmemory.com\/lamarseillaise\/news\/wp-json\/wp\/v2\/types\/post"}],"author":[{"embeddable":true,"href":"https:\/\/euapp01.newsmemory.com\/lamarseillaise\/news\/wp-json\/wp\/v2\/users\/1"}],"replies":[{"embeddable":true,"href":"https:\/\/euapp01.newsmemory.com\/lamarseillaise\/news\/wp-json\/wp\/v2\/comments?post=37962"}],"version-history":[{"count":1,"href":"https:\/\/euapp01.newsmemory.com\/lamarseillaise\/news\/wp-json\/wp\/v2\/posts\/37962\/revisions"}],"predecessor-version":[{"id":37964,"href":"https:\/\/euapp01.newsmemory.com\/lamarseillaise\/news\/wp-json\/wp\/v2\/posts\/37962\/revisions\/37964"}],"wp:featuredmedia":[{"embeddable":true,"href":"https:\/\/euapp01.newsmemory.com\/lamarseillaise\/news\/wp-json\/wp\/v2\/media\/37963"}],"wp:attachment":[{"href":"https:\/\/euapp01.newsmemory.com\/lamarseillaise\/news\/wp-json\/wp\/v2\/media?parent=37962"}],"wp:term":[{"taxonomy":"category","embeddable":true,"href":"https:\/\/euapp01.newsmemory.com\/lamarseillaise\/news\/wp-json\/wp\/v2\/categories?post=37962"},{"taxonomy":"post_tag","embeddable":true,"href":"https:\/\/euapp01.newsmemory.com\/lamarseillaise\/news\/wp-json\/wp\/v2\/tags?post=37962"},{"taxonomy":"news-destination","embeddable":true,"href":"https:\/\/euapp01.newsmemory.com\/lamarseillaise\/news\/wp-json\/wp\/v2\/news-destination?post=37962"},{"taxonomy":"news-source","embeddable":true,"href":"https:\/\/euapp01.newsmemory.com\/lamarseillaise\/news\/wp-json\/wp\/v2\/news-source?post=37962"},{"taxonomy":"is_homepage","embeddable":true,"href":"https:\/\/euapp01.newsmemory.com\/lamarseillaise\/news\/wp-json\/wp\/v2\/is_homepage?post=37962"},{"taxonomy":"ta_other","embeddable":true,"href":"https:\/\/euapp01.newsmemory.com\/lamarseillaise\/news\/wp-json\/wp\/v2\/ta_other?post=37962"}],"curies":[{"name":"wp","href":"https:\/\/api.w.org\/{rel}","templated":true}]}}