{"id":37959,"date":"2026-07-31T06:59:00","date_gmt":"2026-07-31T04:59:00","guid":{"rendered":"https:\/\/euapp01.newsmemory.com\/lamarseillaise\/news\/?p=37959"},"modified":"2026-08-03T07:14:50","modified_gmt":"2026-08-03T05:14:50","slug":"entretien-christine-hernandez-pcf-chaque-olivier-planteest-un-acte-de-resistance","status":"publish","type":"post","link":"https:\/\/euapp01.newsmemory.com\/lamarseillaise\/news\/2026\/07\/31\/entretien-christine-hernandez-pcf-chaque-olivier-planteest-un-acte-de-resistance\/","title":{"rendered":"[Entretien] Christine Hernandez, PCF : \u00ab&nbsp;Chaque olivier plant\u00e9est un acte de r\u00e9sistance&nbsp;\u00bb"},"content":{"rendered":"<div class=\"paragraph\">\n<p>La\u00a0Marseillaise\u00a0: <b>Comment est n\u00e9e la campagne du PCF \u00ab<\/b><b>\u00a0<\/b><b>Un million d\u2019oliviers pour la paix en Palestine<\/b><b>\u00a0<\/b><b>\u00bb, dont vous \u00eates la coordinatrice<\/b><b>\u00a0<\/b><b>?<\/b><\/p>\n<p>Christine Hernandez\u00a0: La campagne est n\u00e9e au mois d\u2019avril\u00a02025, \u00e0 l\u2019initiative du Parti communiste (PC) du Val-de-Marne, \u00e0 l\u2019occasion de la Journ\u00e9e internationale de la Terre. La f\u00e9d\u00e9ration souhaitait s\u2019engager pour la Palestine, mais dans le cadre d\u2019un projet concret de solidarit\u00e9 politique et financi\u00e8re, tout en menant une bataille politique pour l\u2019existence d\u2019un \u00c9tat libre et souverain en Palestine. Le PC du Val-de-Marne avait d\u00e9j\u00e0 fait une campagne de solidarit\u00e9, appel\u00e9e \u00ab\u00a0Urgence Gaza, Urgence Palestine\u00a0\u00bb, qui avait r\u00e9colt\u00e9 plus de 25\u00a0000\u00a0euros.<\/p>\n<p>Cette fois, l\u2019id\u00e9e \u00e9tait de cr\u00e9er une nouvelle campagne pour la Cisjordanie occup\u00e9e, o\u00f9 existe une grave probl\u00e9matique de spoliation de la terre, de colonisation et d\u2019annexion. Est donc venue l\u2019id\u00e9e d\u2019une campagne de plantation, pour d\u00e9fendre une r\u00e9appropriation des terres, devenue nationale en mai\u00a02025.<\/p>\n<p><b>Le choix des oliviers est tr\u00e8s symbolique&#8230;<\/b><\/p>\n<p>C.H.\u00a0: L\u2019olivier, en plus d\u2019\u00eatre un symbole culturel de l\u2019identit\u00e9 palestinienne [pour son lien avec la terre, son anciennet\u00e9 et sa long\u00e9vit\u00e9, Ndlr], repr\u00e9sente aussi la paix, comme l\u2019a d\u00e9fendu Yasser Arafat [leader de l\u2019Organisation de lib\u00e9ration de la Palestine entre\u00a01969 et\u00a02004 et pr\u00e9sident de l\u2019Autorit\u00e9 nationale palestinienne de 1996 \u00e0 2004], dans son discours devant l\u2019ONU en 1974.<\/p>\n<p>L\u2019olivier est par ailleurs la cible de la colonisation isra\u00e9lienne depuis toujours. Depuis 1948 [ann\u00e9e de cr\u00e9ation de l\u2019\u00c9tat d\u2019Isra\u00ebl, qui d\u00e9bouche sur la premi\u00e8re guerre Isra\u00e9lo-Arabe, Ndlr], avec les expulsions et les accaparations de terres, mais surtout depuis la guerre des Six\u00a0jours de 1967 [depuis laquelle une grande partie de la Cisjordanie est occup\u00e9e par Isra\u00ebl, ill\u00e9galement au regard du droit international, Ndlr]. Au total, un million d\u2019oliviers ont \u00e9t\u00e9 arrach\u00e9s depuis le d\u00e9but de l\u2019occupation militaire isra\u00e9lienne en 1967, dont 50\u00a0000 apr\u00e8s le 7\u00a0octobre 2023.<\/p>\n<p>Les colons les br\u00fblent, les d\u00e9truisent ou les arrachent pour que les Palestiniens ne puissent plus vivre de leur production agricole.<\/p>\n<p>La campagne permet donc \u00e0 la fois de soutenir les agriculteurs, de contribuer au maintien d\u2019une souverainet\u00e9 alimentaire, puisqu\u2019on fait tout avec l\u2019huile d\u2019olive, mais participe aussi du maintien de l\u2019existence d\u2019un \u00c9tat de Palestine. En effet, planter permet de prot\u00e9ger les terres de la spoliation et de l\u2019occupation militaire. Chaque olivier plant\u00e9 est donc un acte de r\u00e9sistance.<\/p>\n<p><b>Quel est pour l\u2019instant le bilan<br \/>de la campagne, lanc\u00e9e il y a plus d\u2019un an<\/b><b>\u00a0<\/b><b>?<\/b><\/p>\n<p>C.H.\u00a0: Depuis le d\u00e9but de l\u2019op\u00e9ration, des communiqu\u00e9s de presse ont \u00e9t\u00e9 diffus\u00e9s partout en France, les f\u00e9d\u00e9rations se sont investies, des ventes militantes se sont \u00e9galement organis\u00e9es dans les march\u00e9s ou lors d\u2019\u00e9v\u00e9nements politiques du parti. Cette mobilisation nous a permis d\u2019obtenir, \u00e0 ce jour, 54\u00a0000\u00a0euros et de planter plus de 11\u00a0000\u00a0oliviers en Palestine. 366\u00a0familles ont pu en b\u00e9n\u00e9ficier. Nous avons d\u00e9sormais un nouvel objectif de 100\u00a0000\u00a0euros pour poursuivre notre action.<\/p>\n<p><b>Une d\u00e9l\u00e9gation du parti, rassemblant de nombreuses f\u00e9d\u00e9rations, s\u2019est rendue en Cisjordanie du 10<\/b><b>\u00a0<\/b><b>au 22<\/b><b>\u00a0<\/b><b>juillet, dans le cadre de la campagne. Avez-vous pu constater ses impacts sur le terrain<\/b><b>\u00a0<\/b><b>?<\/b><\/p>\n<p>C.H.\u00a0: Nous avons visit\u00e9 plusieurs villages de Cisjordanie occup\u00e9e, notamment Sebastia, un village agricole situ\u00e9 au nord de Naplouse et qui a vu ses terres compl\u00e8tement confisqu\u00e9es. Gr\u00e2ce \u00e0 cette campagne, des oliviers ont pu \u00eatre r\u00e9implant\u00e9s l\u00e0 o\u00f9 d\u2019autres avaient \u00e9t\u00e9 arrach\u00e9s. Nous sommes donc directement all\u00e9s voir les plantations. Certains oliviers ont \u00e9t\u00e9 plant\u00e9s dans des endroits tr\u00e8s prot\u00e9g\u00e9s, en dehors de la colonisation, d\u2019autres plus pr\u00e8s des zones occup\u00e9es. Nous tentons en fait de r\u00e9pondre \u00e0 deux probl\u00e9matiques. D\u2019abord, celle des attaques faites aux agriculteurs, qui voient leurs arbres arrach\u00e9s et qu\u2019il faut donc remplacer. Ensuite, celle induite par la loi isra\u00e9lienne sur la propri\u00e9t\u00e9 des absents, qui permet aux colons de s\u2019approprier les terres non-exploit\u00e9es, d\u2019o\u00f9 l\u2019importance de replanter partout.<\/p>\n<p><b>L\u2019id\u00e9e \u00e9tait aussi de contribuer \u00e0 l\u2019\u00e9mergence de jumelages entre communes fran\u00e7aises<br \/>et palestiniennes&#8230;<\/b><\/p>\n<p>C.H : D\u00e9velopper les coop\u00e9rations entre villes fran\u00e7aises et palestiniennes \u00e9tait en effet un axe important que devait porter la d\u00e9l\u00e9gation. L\u2019objectif est de p\u00e9renniser ces coop\u00e9rations sur la base, par exemple, de l\u2019agriculture, de la jeunesse ou d\u2019autres formes d\u2019\u00e9changes. L\u2019id\u00e9e est de l\u00e9gitimer notre solidarit\u00e9 internationale et de l\u2019inscrire dans la durabilit\u00e9. La reconnaissance de l\u2019\u00c9tat de Palestine par Emmanuel Macron n\u2019a \u00e9t\u00e9 suivie d\u2019aucun acte politique fort. Pourtant, elle est insuffisante. Les jumelages permettent de l\u00e9gitimer institutionnellement toutes les relations avec les villes palestiniennes et c\u2019est en ce sens qu\u2019ils sont importants. Un jumelage pourrait d\u2019ailleurs se concr\u00e9tiser avec Sebastia.<\/p>\n<p><b>Vous avez aussi rencontr\u00e9 des acteurs locaux de la r\u00e9sistance&#8230;<\/b><\/p>\n<p>C.H.\u00a0:<b> <\/b>Nous avons rencontr\u00e9 l\u2019Organisation de la lib\u00e9ration de la Palestine (OLP), au sein de laquelle figure le Parti du peuple palestinien, qui correspond au Parti communiste palestinien. La campagne a \u00e9t\u00e9 salu\u00e9e comme \u00e9tant un espoir pour le peuple palestinien. Les Palestiniens sont unanimes. Aujourd\u2019hui, le constat est tr\u00e8s aggrav\u00e9. Mais cette campagne suscite un espoir. Elle permet de prot\u00e9ger la terre. Une chose est s\u00fbre, les Palestiniens cultivent l\u2019espoir de rester sur leur terre. Et ils ont besoin, pour \u00e7a, d\u2019une r\u00e9elle solidarit\u00e9 internationale. La campagne permet d\u2019y contribuer. L\u2019olivier, c\u2019est la paix, c\u2019est l\u2019espoir.<\/p>\n<\/p><\/div>\n<div class=\"paragraph\">\n<p><i>Lien pour la cagnotte sur <a rel=\"nofollow noopener noreferrer\" href=\"https:\/\/www.helloasso.com\/associations\/amitie-palestine-solidarite\/collectes\/1-million-d-oliviers-pour-la-paix-en-palestine\" target=\"_blank\">Hello asso<\/a> ou<br \/>sur le <a rel=\"nofollow noopener noreferrer\" href=\"https:\/\/www.pcf.fr\/campagne_nationale_un_million_oliviers_pour_paix_palestine\" target=\"_blank\">site du PCF<\/a>.<\/i><\/p>\n<\/p><\/div>\n<div class=\"paragraph\">\n<p><b>Une d\u00e9l\u00e9gation du Parti communiste fran\u00e7ais (PCF), rassemblant plusieurs f\u00e9d\u00e9rations, s\u2019est rendue en Cisjordanie, du 10 au 22<\/b><b>\u00a0<\/b><b>juillet, dans le cadre d\u2019une campagne intitul\u00e9e \u00ab<\/b><b>\u00a0<\/b><b>Un million d\u2019oliviers pour la paix en Palestine<\/b><b>\u00a0<\/b><b>\u00bb. L\u2019initiative, lanc\u00e9e en 2025 par les communistes du Val-de-Marne, avant d\u2019\u00eatre reprise au niveau national, est men\u00e9e en collaboration avec l\u2019Association des agronomes arabes (AAA), bas\u00e9e \u00e0 Ramallah. Son objectif<\/b><b>\u00a0<\/b><b>: apporter un soutien concret au peuple palestinien face \u00e0 l\u2019occupation et la colonisation isra\u00e9lienne. Pour l\u2019heure, 54<\/b><b>\u00a0<\/b><b>000<\/b><b>\u00a0<\/b><b>euros ont \u00e9t\u00e9 r\u00e9colt\u00e9s et plus de 11<\/b><b>\u00a0<\/b><b>000<\/b><b>\u00a0<\/b><b>oliviers, symboles de l\u2019identit\u00e9 palestinienne, ont \u00e9t\u00e9 plant\u00e9s.<\/b><\/p>\n<\/p><\/div>\n","protected":false},"excerpt":{"rendered":"La&nbsp;Marseillaise&nbsp;: Comment est n&eacute;e la campagne du PCF &laquo;&nbsp;Un million d&rsquo;oliviers pour la paix en Palestine&nbsp;&raquo;, dont vous &ecirc;tes la coordinatrice&nbsp;?","protected":false},"author":1,"featured_media":37960,"comment_status":"open","ping_status":"open","sticky":false,"template":"","format":"standard","meta":{"footnotes":""},"categories":[918,3926,3924,337,330],"tags":[2092,2779,465,1467,343,608,74,741,3616,75,623,1457,1729,4674,4201,4233],"news-destination":[3944],"news-source":[475],"is_homepage":[],"ta_other":[],"class_list":["post-37959","post","type-post","status-publish","format-standard","has-post-thumbnail","hentry","category-accueil","category-accueil-merge","category-accueil-second","category-international","category-politique","tag-cisjordanie","tag-colonisation","tag-communistes","tag-droit-international","tag-entretien","tag-israel","tag-israel-palestine","tag-jumelage","tag-oliviers","tag-palestine","tag-parti-communiste","tag-plantation","tag-resistance","tag-solidarite-internationale","tag-souverainete-alimentaire","tag-symbole","news-destination-homepage","news-source-website"],"_links":{"self":[{"href":"https:\/\/euapp01.newsmemory.com\/lamarseillaise\/news\/wp-json\/wp\/v2\/posts\/37959","targetHints":{"allow":["GET"]}}],"collection":[{"href":"https:\/\/euapp01.newsmemory.com\/lamarseillaise\/news\/wp-json\/wp\/v2\/posts"}],"about":[{"href":"https:\/\/euapp01.newsmemory.com\/lamarseillaise\/news\/wp-json\/wp\/v2\/types\/post"}],"author":[{"embeddable":true,"href":"https:\/\/euapp01.newsmemory.com\/lamarseillaise\/news\/wp-json\/wp\/v2\/users\/1"}],"replies":[{"embeddable":true,"href":"https:\/\/euapp01.newsmemory.com\/lamarseillaise\/news\/wp-json\/wp\/v2\/comments?post=37959"}],"version-history":[{"count":1,"href":"https:\/\/euapp01.newsmemory.com\/lamarseillaise\/news\/wp-json\/wp\/v2\/posts\/37959\/revisions"}],"predecessor-version":[{"id":37961,"href":"https:\/\/euapp01.newsmemory.com\/lamarseillaise\/news\/wp-json\/wp\/v2\/posts\/37959\/revisions\/37961"}],"wp:featuredmedia":[{"embeddable":true,"href":"https:\/\/euapp01.newsmemory.com\/lamarseillaise\/news\/wp-json\/wp\/v2\/media\/37960"}],"wp:attachment":[{"href":"https:\/\/euapp01.newsmemory.com\/lamarseillaise\/news\/wp-json\/wp\/v2\/media?parent=37959"}],"wp:term":[{"taxonomy":"category","embeddable":true,"href":"https:\/\/euapp01.newsmemory.com\/lamarseillaise\/news\/wp-json\/wp\/v2\/categories?post=37959"},{"taxonomy":"post_tag","embeddable":true,"href":"https:\/\/euapp01.newsmemory.com\/lamarseillaise\/news\/wp-json\/wp\/v2\/tags?post=37959"},{"taxonomy":"news-destination","embeddable":true,"href":"https:\/\/euapp01.newsmemory.com\/lamarseillaise\/news\/wp-json\/wp\/v2\/news-destination?post=37959"},{"taxonomy":"news-source","embeddable":true,"href":"https:\/\/euapp01.newsmemory.com\/lamarseillaise\/news\/wp-json\/wp\/v2\/news-source?post=37959"},{"taxonomy":"is_homepage","embeddable":true,"href":"https:\/\/euapp01.newsmemory.com\/lamarseillaise\/news\/wp-json\/wp\/v2\/is_homepage?post=37959"},{"taxonomy":"ta_other","embeddable":true,"href":"https:\/\/euapp01.newsmemory.com\/lamarseillaise\/news\/wp-json\/wp\/v2\/ta_other?post=37959"}],"curies":[{"name":"wp","href":"https:\/\/api.w.org\/{rel}","templated":true}]}}