{"id":37956,"date":"2026-07-31T06:51:00","date_gmt":"2026-07-31T04:51:00","guid":{"rendered":"https:\/\/euapp01.newsmemory.com\/lamarseillaise\/news\/?p=37956"},"modified":"2026-08-05T08:26:02","modified_gmt":"2026-08-05T06:26:02","slug":"les-salaries-dharibo-decides-a-ne-rien-lacher","status":"publish","type":"post","link":"https:\/\/euapp01.newsmemory.com\/lamarseillaise\/news\/2026\/07\/31\/les-salaries-dharibo-decides-a-ne-rien-lacher\/","title":{"rendered":"Les salari\u00e9s d\u2019Haribo d\u00e9cid\u00e9s \u00e0 ne rien l\u00e2cher"},"content":{"rendered":"<div class=\"paragraph\">\n<p>\u00ab <i>O<\/i><i>n est toujours l\u00e0\u00e0\u00e0<\/i><i>\u00a0<\/i><i>!<\/i>\u00a0\u00bb Vers une sixi\u00e8me semaine de gr\u00e8ve pour les salari\u00e9s d\u2019Haribo, qui occupent toujours, ce jeudi 30\u00a0juillet, le parvis de l\u2019usine marseillaise. Pour assurer leur pr\u00e9sence, plusieurs d\u2019entre eux viennent m\u00eame pendant leurs vacances. Une d\u00e9termination sans faille apr\u00e8s une nouvelle proposition, lundi, de la direction, jug\u00e9e largement insuffisante par les organisations syndicales.<\/p>\n<p>\u00ab\u00a0<i>On r\u00e9clame 100<\/i><i>\u00a0<\/i><i>euros de plus par mois et pour le moment rien n\u2019a boug\u00e9<\/i>, explique Sofia Calabria, d\u00e9l\u00e9gu\u00e9e CGT du site. <i><span class=\"mln_uppercase_mln\">\u00e0<\/span><\/i><i> part une pseudo-proposition de passer de 0,9% \u00e0 1,5% [d\u2019augmentation de salaire], mais les 0,6% suppl\u00e9mentaires seraient conditionn\u00e9s \u00e0 un rattrapage de nos cinq semaines de mobilisation. Ce n\u2019est pas acceptable<\/i>\u00a0\u00bb.<\/p>\n<p>Car la production de bonbons pour la p\u00e9riode d\u2019Halloween, une des p\u00e9riodes de vente cruciale pour l\u2019ann\u00e9e, aurait d\u00fb d\u00e9marrer fin juin, la gr\u00e8ve ayant consid\u00e9rablement ralenti la production, estim\u00e9e \u00e0 100\u00a0tonnes par jour. \u00ab\u00a0<i>Nous, on est dans l\u2019embarras, mais ils le sont aussi, et \u00e7a, il ne faut pas l\u2019oublier. C\u2019est ce qui fait qu\u2019on tient et qu\u2019on va tenir<\/i><i>\u00a0<\/i>\u00bb, pr\u00e9vient Thierry Cambola, d\u00e9l\u00e9gu\u00e9 syndical FO. Pour lui, il est pourtant urgent de \u00ab\u00a0<i>trouver un terrain d\u2019entente<\/i>\u00a0\u00bb, qui satisfasse l\u2019intersyndicale.<\/p>\n<p>Avec 60% de gr\u00e9vistes, la dynamique reste forte, m\u00eame au c\u0153ur de l\u2019\u00e9t\u00e9. La veille, les salari\u00e9s du site d\u2019Uz\u00e8s sont venus pour un barbecue de soutien, ainsi que l\u2019Union d\u00e9partementale FO et des d\u00e9l\u00e9gations interprofessionnelles de la CGT. Comme tous les jours, Fabien Trujillo, animateur r\u00e9gional pour la f\u00e9d\u00e9ration nationale agroalimentaire et foresti\u00e8re CGT, est l\u00e0. \u00ab\u00a0<i>Ce n\u2019est pas avec quelques miettes, et encore sous conditions, qu\u2019on va r\u00e9gler les probl\u00e8mes<\/i>, analyse-t-il. <i>On ne fait pas plus de cinq semaines de gr\u00e8ve par hasard. C\u2019est le paiement de la force de travail qui pose souci chez Haribo<\/i>.\u00a0\u00bb Il insiste\u00a0: \u00ab\u00a0<i>Des salaires \u00e0 2<\/i><i>\u00a0<\/i><i>100<\/i><i>\u00a0<\/i><i>euros [bruts], ce n\u2019est pas non plus la panac\u00e9e, quand on voit ne serait-ce que le co\u00fbt du logement \u00e0 Marseille<\/i>\u00a0\u00bb.<\/p>\n<\/p><\/div>\n<div class=\"intext\"> Un march\u00e9 en croissance\n              <\/div>\n<div class=\"paragraph\">\n<p>Surtout, la croissance du march\u00e9 fran\u00e7ais de la friandise profite au groupe allemand, avec une marge nette de 8,2% en 2024 contre 6,7% l\u2019ann\u00e9e pr\u00e9c\u00e9dente, pour un r\u00e9sultat net de 32\u00a0millions d\u2019euros. Le montant distribu\u00e9 \u00e0 la famille Riegel, actionnaire exclusif, reste confidentiel. \u00ab\u00a0<i>Aujourd\u2019hui, qui permet \u00e0 ces actionnaires de s\u2019engraisser<\/i><i>\u00a0<\/i><i>?, <\/i>interroge Fabien Trujillo. <i>C\u2019est quand m\u00eame les salari\u00e9s et leur savoir-faire.<\/i><i>\u00a0<\/i>\u00bb<\/p>\n<p>Les soutiens sont aussi politiques. Les \u00e9lus marseillais du PCF, pr\u00e9sents sur le site d\u00e8s le 8\u00a0juillet, ont pris la plume pour r\u00e9clamer la reprise des n\u00e9gociations. Le s\u00e9nateur J\u00e9r\u00e9my Bacchi a \u00e9galement interpell\u00e9 le pr\u00e9fet par courrier. On retrouve aussi Herv\u00e9 Street, coordinateur r\u00e9gional de Debout\u00a0! Paca. \u00ab\u00a0<i>Haribo, c\u2019est finalement pour les grands et pas les petits<\/i>\u00a0\u00bb, ironise-t-il, pr\u00f4nant une obligation, \u00ab\u00a0<i>de par la loi, de redistribution des richesses des entreprises<\/i>\u00a0\u00bb.<\/p>\n<p>Dans un long communiqu\u00e9, la direction estime pour sa part que les revendications syndicales et ses propositions \u00ab\u00a0<i>\u00e9taient trop \u00e9loign\u00e9es pour permettre la conclusion d\u2019un accord.<\/i><i>\u00a0<\/i>\u00bb Pour elle, \u00ab\u00a0<i>il est important de prendre en compte l\u2019ensemble du dispositif de r\u00e9mun\u00e9ration<\/i>\u00a0\u00bb. Et de sortir la calculette\u00a0: des augmentations qui, en 4\u00a0ans, \u00ab\u00a0<i>ont d\u00e9pass\u00e9 l\u2019inflation cumul\u00e9e de 1,3 point<\/i><i>\u00a0<\/i>\u00bb, une \u00ab\u00a0<i>r\u00e9mun\u00e9ration annuelle moyenne d\u2019un ouvrier de production sup\u00e9rieure de 24% \u00e0 la moyenne nationale<\/i>\u00a0\u00bb, \u00ab\u00a0<i>une progression automatique de 30% du salaire au cours des trente premi\u00e8res ann\u00e9es d\u2019anciennet\u00e9<\/i>\u00a0\u00bb. La direction l\u2019assure, elle reste \u00ab\u00a0<i>pleinement [engag\u00e9e] en faveur d\u2019un dialogue social constructif (&#8230;) avec [ses] salari\u00e9s<\/i>\u00a0\u00bb, mais les renvoie \u00e0 une r\u00e9union pr\u00e9vue le 28\u00a0septembre.<\/p>\n<\/p><\/div>\n","protected":false},"excerpt":{"rendered":"&laquo; On est toujours l&agrave;&agrave;&agrave;&nbsp;!&nbsp;&raquo; Vers une sixi&egrave;me semaine de gr&egrave;ve pour les salari&eacute;s d&rsquo;Haribo, qui occupent toujours, ce jeudi 30&nbsp;juillet, le parvis de l&rsquo;usine marseillaise. &#8230;","protected":false},"author":1,"featured_media":37957,"comment_status":"open","ping_status":"open","sticky":false,"template":"","format":"standard","meta":{"footnotes":""},"categories":[3926,3924,331,20],"tags":[3209,1703,10,113,3269,3322,1490,486,1017,876,2965,748,16,134,1472,250,911,1025],"news-destination":[3944],"news-source":[475],"is_homepage":[],"ta_other":[],"class_list":["post-37956","post","type-post","status-publish","format-standard","has-post-thumbnail","hentry","category-accueil-merge","category-accueil-second","category-social","category-societe","tag-agroalimentaire","tag-augmentation","tag-bouches-du-rhone","tag-cgt","tag-croissance","tag-dialogue","tag-direction","tag-entreprises","tag-fo","tag-greve","tag-grevistes","tag-jeremy-bacchi","tag-marseille","tag-mobilisation","tag-negociations","tag-pcf","tag-revendications","tag-salaires","news-destination-homepage","news-source-website"],"_links":{"self":[{"href":"https:\/\/euapp01.newsmemory.com\/lamarseillaise\/news\/wp-json\/wp\/v2\/posts\/37956","targetHints":{"allow":["GET"]}}],"collection":[{"href":"https:\/\/euapp01.newsmemory.com\/lamarseillaise\/news\/wp-json\/wp\/v2\/posts"}],"about":[{"href":"https:\/\/euapp01.newsmemory.com\/lamarseillaise\/news\/wp-json\/wp\/v2\/types\/post"}],"author":[{"embeddable":true,"href":"https:\/\/euapp01.newsmemory.com\/lamarseillaise\/news\/wp-json\/wp\/v2\/users\/1"}],"replies":[{"embeddable":true,"href":"https:\/\/euapp01.newsmemory.com\/lamarseillaise\/news\/wp-json\/wp\/v2\/comments?post=37956"}],"version-history":[{"count":1,"href":"https:\/\/euapp01.newsmemory.com\/lamarseillaise\/news\/wp-json\/wp\/v2\/posts\/37956\/revisions"}],"predecessor-version":[{"id":37958,"href":"https:\/\/euapp01.newsmemory.com\/lamarseillaise\/news\/wp-json\/wp\/v2\/posts\/37956\/revisions\/37958"}],"wp:featuredmedia":[{"embeddable":true,"href":"https:\/\/euapp01.newsmemory.com\/lamarseillaise\/news\/wp-json\/wp\/v2\/media\/37957"}],"wp:attachment":[{"href":"https:\/\/euapp01.newsmemory.com\/lamarseillaise\/news\/wp-json\/wp\/v2\/media?parent=37956"}],"wp:term":[{"taxonomy":"category","embeddable":true,"href":"https:\/\/euapp01.newsmemory.com\/lamarseillaise\/news\/wp-json\/wp\/v2\/categories?post=37956"},{"taxonomy":"post_tag","embeddable":true,"href":"https:\/\/euapp01.newsmemory.com\/lamarseillaise\/news\/wp-json\/wp\/v2\/tags?post=37956"},{"taxonomy":"news-destination","embeddable":true,"href":"https:\/\/euapp01.newsmemory.com\/lamarseillaise\/news\/wp-json\/wp\/v2\/news-destination?post=37956"},{"taxonomy":"news-source","embeddable":true,"href":"https:\/\/euapp01.newsmemory.com\/lamarseillaise\/news\/wp-json\/wp\/v2\/news-source?post=37956"},{"taxonomy":"is_homepage","embeddable":true,"href":"https:\/\/euapp01.newsmemory.com\/lamarseillaise\/news\/wp-json\/wp\/v2\/is_homepage?post=37956"},{"taxonomy":"ta_other","embeddable":true,"href":"https:\/\/euapp01.newsmemory.com\/lamarseillaise\/news\/wp-json\/wp\/v2\/ta_other?post=37956"}],"curies":[{"name":"wp","href":"https:\/\/api.w.org\/{rel}","templated":true}]}}