{"id":37953,"date":"2026-07-31T06:44:00","date_gmt":"2026-07-31T04:44:00","guid":{"rendered":"https:\/\/euapp01.newsmemory.com\/lamarseillaise\/news\/?p=37953"},"modified":"2026-08-05T08:23:31","modified_gmt":"2026-08-05T06:23:31","slug":"a-brignoles-un-feu-rapidement-fixe-et-maitrise-mais-des-habitants-en-colere","status":"publish","type":"post","link":"https:\/\/euapp01.newsmemory.com\/lamarseillaise\/news\/2026\/07\/31\/a-brignoles-un-feu-rapidement-fixe-et-maitrise-mais-des-habitants-en-colere\/","title":{"rendered":"\u00c0 Brignoles, un feu rapidement fix\u00e9 et ma\u00eetris\u00e9, mais des habitants en col\u00e8re"},"content":{"rendered":"<div class=\"paragraph\">\n<p>On a bien cru \u00e0 l\u2019\u00e9ternel recommencement, \u00e0 une rengaine cauchemardesque qui pousse, depuis douze jours, les sapeurs-pompiers du Var, ainsi que ceux venus leur pr\u00eater main-forte, au bord de l\u2019\u00e9puisement. <a rel=\"noopener noreferrer\" href=\"https:\/\/www.lamarseillaise.fr\/societe\/aux-arcs-un-soulagement-mesure-apres-la-fixation-de-l-incendie-GF20521645\" target=\"_blank\">L\u2019incendie des Arcs-sur-Argens et de Taradeau tout juste fix\u00e9, le 21\u00a0juillet, apr\u00e8s avoir parcouru 200\u00a0hectares en deux jours<\/a>, qu\u2019il fallait d\u00e9j\u00e0 lutter contre un feu d\u2019une ampleur bien sup\u00e9rieure dans le massif du Gros Bessillon. Rebelote mercredi\u00a0:<a rel=\"noopener noreferrer\" href=\"https:\/\/www.lamarseillaise.fr\/societe\/des-feux-fixes-mais-l-inquietude-demeure-avec-la-canicule-BD20547006\" target=\"_blank\"> alors que les soldats du feu \u00e9taient parvenus, la veille, \u00e0 fixer l\u2019incendie<\/a> qui aura <a rel=\"noopener noreferrer\" href=\"https:\/\/www.lamarseillaise.fr\/societe\/dans-le-var-une-lutte-toujours-plus-intense-contre-le-feu-MD20543483\" target=\"_blank\">ravag\u00e9 4\u00a0500\u00a0hectares et d\u00e9truit 33\u00a0maisons en une semaine<\/a>, c\u2019\u00e9tait du c\u00f4t\u00e9 de Brignoles\u00a0&#8211; qui avait d\u00e9j\u00e0 subi plusieurs d\u00e9parts de feu rapidement ma\u00eetris\u00e9s ces derniers jours\u00a0&#8211; que les flammes se d\u00e9claraient, \u00e0 16h45, dans la for\u00eat bordant la RD12, en direction de Camps-la-Source.<\/p>\n<p>Les flammes ont rapidement gagn\u00e9 du terrain, avec pr\u00e8s de 100\u00a0hectares parcourus en trois heures, poussant les autorit\u00e9s \u00e0 \u00e9vacuer 650\u00a0personnes dans plusieurs quartiers de la commune. Mais cette fois, aucun sc\u00e9nario catastrophe\u00a0: vers minuit, l\u2019incendie \u00e9tait d\u00e9clar\u00e9 fix\u00e9, puis ma\u00eetris\u00e9 \u00e0 3hdu matin, apr\u00e8s avoir parcouru 130\u00a0hectares. Cela, gr\u00e2ce aux moyens a\u00e9riens importants rapidement d\u00e9ploy\u00e9s (3\u00a0Canadair, 7\u00a0h\u00e9licopt\u00e8res bombardiers d\u2019eau et 2\u00a0avions Dash) en fin d\u2019apr\u00e8s-midi, ainsi que la mobilisation des 270\u00a0sapeurs-pompiers avec leurs 70\u00a0engins, qui ont continu\u00e9 de s\u2019employer la nuit tomb\u00e9e. Mais aussi \u00e0 la faveur de conditions \u00ab\u00a0<i>favorables car l\u2019humidit\u00e9 a \u00e9t\u00e9 tr\u00e8s \u00e9lev\u00e9e<\/i>\u00a0\u00bb, expliquait au matin le maire de Brignoles, Didier Br\u00e9mond. Une situation bien diff\u00e9rente de celle du Gros Bessillon, o\u00f9 les \u00e9l\u00e9ments n\u2019ont, au contraire, rendu que plus difficile la ma\u00eetrise du feu.<\/p>\n<\/p><\/div>\n<div class=\"intext\"> 70% des incendies sont criminels\n              <\/div>\n<div class=\"paragraph\">\n<p>L\u2019\u00e9dile, \u00e0 l\u2019instar des pompiers mobilis\u00e9s, se m\u00e9fiait cependant de la reprise des vents dans l\u2019apr\u00e8s-midi. Cela n\u2019a pas emp\u00each\u00e9 l\u2019ensemble des personnes \u00e9vacu\u00e9es de regagner leur domicile dans la matin\u00e9e de jeudi, malgr\u00e9 l\u2019odeur de fum\u00e9e encore bien pr\u00e9sente dans certains secteurs.<\/p>\n<p>Habitants du quartier de Tombarel, au pied de l\u2019incendie, Aur\u00e9lie et ses deux enfants se sont r\u00e9fugi\u00e9s dans la pr\u00e9cipitation chez leur famille \u00e0 Varages, apr\u00e8s avoir re\u00e7u une alerte sur leur t\u00e9l\u00e9phone\u00a0: \u00ab\u00a0<i>On observait la fum\u00e9e arriver, on ne voyait plus rien. On a pris ce qui nous passait sous la main. On a aussi pris le chat. Mon mari est rest\u00e9 jusqu\u2019\u00e0 21h avec les voisins pour arroser les champs \u00e0 c\u00f4t\u00e9 en pr\u00e9vention.<\/i>\u00a0\u00bb Il a aussi fallu g\u00e9rer le stress des enfants\u00a0: \u00ab\u00a0<i>Ma fille pleurait, mon fils, qui a un trouble autistique, \u00e9tait tr\u00e8s focalis\u00e9, c\u2019est lui qui a vu la fum\u00e9e en premier.<\/i>\u00a0\u00bb Jeudi matin, au-del\u00e0 du soulagement, il y avait aussi \u00ab\u00a0<i>de la col\u00e8re, <a rel=\"noopener noreferrer\" href=\"https:\/\/www.lamarseillaise.fr\/societe\/un-suspect-incarcere-pour-une-dizaine-de-departs-de-feu-dans-le-var-JD20549981\" target=\"_blank\">car on se doute que c\u2019est un acte criminel.<\/a> Cela fait deux fois que \u00e7a arrive au m\u00eame endroit, \u00e7a para\u00eet tr\u00e8s suspect. On ne comprend pas, des vies sont mises en danger, on va garder la colline devant nous toute noire<\/i>\u00a0\u00bb. Didier Br\u00e9mond partage cette conviction\u00a0: \u00ab\u00a0<i>Je pense que tous ces feux ne sont pas des accidents et j\u2019esp\u00e8re qu\u2019il y aura des sanctions fortes, c\u2019est inadmissible.<\/i><i>\u00a0<\/i><i>\u00bb <\/i>Le ministre de l\u2019Int\u00e9rieur, Laurent Nu\u00f1ez, a affirm\u00e9 que 70% des incendies \u00e9taient intentionnels, 263\u00a0personnes ayant \u00e9t\u00e9 interpell\u00e9es en France depuis le 28\u00a0juin, <a rel=\"noopener noreferrer\" href=\"https:\/\/www.lamarseillaise.fr\/societe\/deux-incendiaires-presumes-face-aux-juges-MD20543539\" target=\"_blank\">dont plusieurs dans le Var.<\/a> Un homme de 39\u00a0ans, reconnu coupable d\u2019avoir volontairement provoqu\u00e9 un incendie \u00e0 Ollioules, a \u00e9t\u00e9 condamn\u00e9 \u00e0 un an de prison par le tribunal correctionnel de Toulon, mercredi.<\/p>\n<p>M\u00eame constat pour Gabsi, sa voisine, h\u00e9berg\u00e9e, avec ses deux enfants, chez des amis\u00a0: \u00ab\u00a0<i>Souvent, c\u2019est volontaire et c\u2019est dommage que des personnes mettent en danger la vie des habitants.<\/i>\u00a0\u00bb Elle tient \u00e0 louer l\u2019activit\u00e9 des pompiers, dont \u00ab\u00a0<i>le travail n\u2019est pas assez reconnu, ils risquent leur vie pour les n\u00f4tres<\/i>\u00a0\u00bb. Marqu\u00e9e par \u00ab\u00a0<i>l\u2019ambiance pesante entre la fum\u00e9e, les avions, les h\u00e9licopt\u00e8res, ce qui ne nous \u00e9tait jamais arriv\u00e9<\/i>\u00a0\u00bb, elle gardait ses \u00ab\u00a0<i>valises pr\u00eates, car avec le vent pr\u00e9vu cet apr\u00e8s-midi, on se tient pr\u00eat \u00e0 re\u00e9vacuer<\/i>\u00a0\u00bb.<\/p>\n<p>Habitante du quartier des Agasses, situ\u00e9 en contrebas de l\u2019incendie, depuis 45\u00a0ans, Christiane a vu les panaches de fum\u00e9e de pr\u00e8s. \u00ab\u00a0<i>Tr\u00e8s perturb\u00e9e<\/i>\u00a0\u00bb apr\u00e8s son \u00e9vacuation pr\u00e9cipit\u00e9e par la police, accueillie chez son fils, elle n\u2019a rien pu avaler jusqu\u2019\u00e0 jeudi midi. Si elle reconna\u00eet que \u00ab\u00a0<i>les pompiers font ce qu\u2019ils peuvent avec leurs moyens<\/i>\u00a0\u00bb, elle pointe du doigt les services techniques municipaux et ce qu\u2019elle consid\u00e8re comme un manque d\u2019entretien des espaces v\u00e9g\u00e9talis\u00e9s\u00a0: \u00ab\u00a0<i>Il y a des herbes et des arbres tr\u00e8s secs. On ne nettoie plus nos for\u00eats et les bords de routes. Mon voisin s\u2019est battu avec la mairie pour que le champ d\u2019\u00e0 c\u00f4t\u00e9 soit fauch\u00e9. Et on nous dit d\u2019entretenir nos parcelles&#8230;<\/i><i>\u00a0<\/i>\u00bb Elle peine \u00e0 se contenir\u00a0: \u00ab\u00a0<i>J\u2019ai 80<\/i><i>\u00a0<\/i><i>ans, je n\u2019ai rien \u00e0 perdre. Si je croise les personnes qui ont mis le feu, je pourrais m\u2019en prendre \u00e0 elles.<\/i>\u00a0\u00bb<\/p>\n<\/p><\/div>\n","protected":false},"excerpt":{"rendered":"On a bien cru &agrave; l&rsquo;&eacute;ternel recommencement, &agrave; une rengaine cauchemardesque qui pousse, depuis douze jours, les sapeurs-pompiers du Var, ainsi que ceux venus leur pr&ecirc;ter main-forte, au bord de l&rsquo;&eacute;puisement. &#8230;","protected":false},"author":1,"featured_media":37954,"comment_status":"open","ping_status":"open","sticky":false,"template":"","format":"standard","meta":{"footnotes":""},"categories":[3926,3925,20],"tags":[1476,6188,1497,1569,316,1673,4015,6036,1396,3848,3239,134,1674,5879,6003,3600,4877,31],"news-destination":[3944],"news-source":[475],"is_homepage":[],"ta_other":[],"class_list":["post-37953","post","type-post","status-publish","format-standard","has-post-thumbnail","hentry","category-accueil-merge","category-accueil-third","category-societe","tag-brignoles","tag-catastrophe","tag-colere","tag-evacuation","tag-feu-de-foret","tag-feux","tag-feux-de-foret","tag-flammes","tag-incendies","tag-laurent-nunez","tag-massif","tag-mobilisation","tag-sapeurs-pompiers","tag-sdis","tag-sdis-83","tag-sdis13","tag-sdis83","tag-var","news-destination-homepage","news-source-website"],"_links":{"self":[{"href":"https:\/\/euapp01.newsmemory.com\/lamarseillaise\/news\/wp-json\/wp\/v2\/posts\/37953","targetHints":{"allow":["GET"]}}],"collection":[{"href":"https:\/\/euapp01.newsmemory.com\/lamarseillaise\/news\/wp-json\/wp\/v2\/posts"}],"about":[{"href":"https:\/\/euapp01.newsmemory.com\/lamarseillaise\/news\/wp-json\/wp\/v2\/types\/post"}],"author":[{"embeddable":true,"href":"https:\/\/euapp01.newsmemory.com\/lamarseillaise\/news\/wp-json\/wp\/v2\/users\/1"}],"replies":[{"embeddable":true,"href":"https:\/\/euapp01.newsmemory.com\/lamarseillaise\/news\/wp-json\/wp\/v2\/comments?post=37953"}],"version-history":[{"count":1,"href":"https:\/\/euapp01.newsmemory.com\/lamarseillaise\/news\/wp-json\/wp\/v2\/posts\/37953\/revisions"}],"predecessor-version":[{"id":37955,"href":"https:\/\/euapp01.newsmemory.com\/lamarseillaise\/news\/wp-json\/wp\/v2\/posts\/37953\/revisions\/37955"}],"wp:featuredmedia":[{"embeddable":true,"href":"https:\/\/euapp01.newsmemory.com\/lamarseillaise\/news\/wp-json\/wp\/v2\/media\/37954"}],"wp:attachment":[{"href":"https:\/\/euapp01.newsmemory.com\/lamarseillaise\/news\/wp-json\/wp\/v2\/media?parent=37953"}],"wp:term":[{"taxonomy":"category","embeddable":true,"href":"https:\/\/euapp01.newsmemory.com\/lamarseillaise\/news\/wp-json\/wp\/v2\/categories?post=37953"},{"taxonomy":"post_tag","embeddable":true,"href":"https:\/\/euapp01.newsmemory.com\/lamarseillaise\/news\/wp-json\/wp\/v2\/tags?post=37953"},{"taxonomy":"news-destination","embeddable":true,"href":"https:\/\/euapp01.newsmemory.com\/lamarseillaise\/news\/wp-json\/wp\/v2\/news-destination?post=37953"},{"taxonomy":"news-source","embeddable":true,"href":"https:\/\/euapp01.newsmemory.com\/lamarseillaise\/news\/wp-json\/wp\/v2\/news-source?post=37953"},{"taxonomy":"is_homepage","embeddable":true,"href":"https:\/\/euapp01.newsmemory.com\/lamarseillaise\/news\/wp-json\/wp\/v2\/is_homepage?post=37953"},{"taxonomy":"ta_other","embeddable":true,"href":"https:\/\/euapp01.newsmemory.com\/lamarseillaise\/news\/wp-json\/wp\/v2\/ta_other?post=37953"}],"curies":[{"name":"wp","href":"https:\/\/api.w.org\/{rel}","templated":true}]}}