{"id":37944,"date":"2026-07-30T10:36:00","date_gmt":"2026-07-30T08:36:00","guid":{"rendered":"https:\/\/euapp01.newsmemory.com\/lamarseillaise\/news\/?p=37944"},"modified":"2026-07-30T11:03:12","modified_gmt":"2026-07-30T09:03:12","slug":"le-constructeur-bmw-supprime-au-moins-8-000-emplois","status":"publish","type":"post","link":"https:\/\/euapp01.newsmemory.com\/lamarseillaise\/news\/2026\/07\/30\/le-constructeur-bmw-supprime-au-moins-8-000-emplois\/","title":{"rendered":"Le constructeur BMW supprime au moins 8&nbsp;000 emplois"},"content":{"rendered":"<div class=\"paragraph\">\n<p>Quelque 40\u00a0000 des 85\u00a0000 salari\u00e9s de BMW en Allemagne, hors personnels de production, recevront \u00e0 partir d\u2019octobre une offre de d\u00e9part volontaire. \u00ab\u00a0<i>Les effectifs seront au final r\u00e9duits d\u2019environ 8<\/i><i>\u00a0<\/i><i>000<\/i><i>\u00a0<\/i><i>personnes d\u2019ici la fin 2027. Nous travaillons sur cette base<\/i><i>\u00a0<\/i>\u00bb, a indiqu\u00e9 une source au sein de BMW inform\u00e9e de ce plan. Le plan a \u00e9t\u00e9 conclu entre la direction et les repr\u00e9sentants du personnel \u00e0 l\u2019issue d\u2019environ six semaines de n\u00e9gociations, selon cette source.<\/p>\n<p>\u00ab<i>\u00a0<\/i><i>Cette fois-ci, il s\u2019agit d\u2019une modification fondamentale des r\u00e8gles du jeu de notre industrie et, par cons\u00e9quent, des fondements m\u00eames de notre mod\u00e8le \u00e9conomique<\/i>\u00a0\u00bb, a expliqu\u00e9 le pr\u00e9sident du directoire Milan Nedeljkovic aux salari\u00e9s.<\/p>\n<p>Le constructeur estime que le protectionnisme, la concurrence accrue et les transformations profondes du march\u00e9 vont durer, ce qui impose d\u2019acc\u00e9l\u00e9rer les efforts visant \u00e0 \u00ab\u00a0<i>simplifier les structures et processus<\/i>\u00a0\u00bb et<i> <\/i>\u00ab<i>\u00a0<\/i><i>r\u00e9duire les co\u00fbts afin de restaurer la comp\u00e9titivit\u00e9<\/i><i>\u00a0<\/i>\u00bb, gage de meilleure rentabilit\u00e9, selon M.\u00a0Nedeljkovic. BMW \u00ab\u00a0<i>r\u00e9agit aujourd\u2019hui \u00e0 l\u2019effondrement du march\u00e9 chinois tout en travaillant parall\u00e8lement \u00e0 renforcer la comp\u00e9titivit\u00e9 de ses sites allemands<\/i><i>\u00a0<\/i>\u00bb, a expliqu\u00e9 de son c\u00f4t\u00e9 Horst Ott, directeur r\u00e9gional du syndicat IG Metall en Bavi\u00e8re.<\/p>\n<\/p><\/div>\n<div class=\"intext\"> Dispositif de pr\u00e9-retraite\n              <\/div>\n<div class=\"paragraph\">\n<p>Il a soulign\u00e9 que le plan reposait sur des d\u00e9parts volontaires, le turnover naturel et les dispositifs de pr\u00e9retraite \u00e0 temps partiel, sans remise en cause des accords collectifs. Aussi, Horst Ott appelle le gouvernement allemand \u00e0 \u00ab\u00a0<i>ne pas toucher<\/i><i>\u00a0<\/i>\u00bb \u00e0 ces dispositifs de pr\u00e9retraite, jug\u00e9s essentiels pour \u00e9viter les licenciements \u00e9conomiques. Confront\u00e9s \u00e0 une s\u00e9rie de d\u00e9fis &#8211;\u00a0baisse de la demande, concurrence chinoise, pression sur les marges des v\u00e9hicules \u00e9lectriques et co\u00fbts de production \u00e9lev\u00e9s\u00a0-, les constructeurs et \u00e9quipementiers automobiles allemands annoncent tour \u00e0 tour d\u2019importantes restructurations, pay\u00e9es cash par les salari\u00e9s. Volkswagen, premier groupe europ\u00e9en, envisage jusqu\u2019\u00e0 100\u00a0000\u00a0suppressions de postes, Porsche va faire partir 5\u00a0000 personnes, tandis que le rival direct de BMW dans le haut de gamme, Mercedes-Benz, a \u00e9galement lanc\u00e9 un programme de d\u00e9parts volontaires. BMW, qui emploie environ 154\u00a0000\u00a0personnes dans le monde, r\u00e9serve son programme de r\u00e9duction d\u2019effectifs aux salari\u00e9s occupant des fonctions administratives. Selon une source proche du dossier, le plan devrait entrer en vigueur en octobre et pourrait grever de plusieurs centaines de millions d\u2019euros les r\u00e9sultats du second semestre, le montant exact d\u00e9pendant du nombre de salari\u00e9s participants.<\/p>\n<p>Longtemps consid\u00e9r\u00e9 comme plus r\u00e9silient que ses concurrents gr\u00e2ce \u00e0 son choix de maintenir une large offre de v\u00e9hicules thermiques tout en d\u00e9veloppant une gamme nouvelle dans l\u2019\u00e9lectrique, le groupe BMW a \u00e9t\u00e9 contraint en juin d\u2019abaisser ses pr\u00e9visions de rentabilit\u00e9 apr\u00e8s une nouvelle d\u00e9gradation de ses activit\u00e9s en Chine. Ses livraisons dans ce pays, son premier march\u00e9, ont chut\u00e9 de 30% sur un an au deuxi\u00e8me trimestre, apr\u00e8s avoir atteint en 2025 leur plus bas niveau depuis 2017.<\/p>\n<p>L\u2019industrie allemande a supprim\u00e9 124\u00a0000 emplois l\u2019an dernier, les pertes de postes \u00e9tant surtout concentr\u00e9es dans l\u2019automobile. Mais dans le m\u00eame temps, les constructeurs allemands renforcent leur pr\u00e9sence dans des pays \u00e0 co\u00fbts plus faibles, comme la Hongrie, o\u00f9 BMW a r\u00e9cemment ouvert une nouvelle usine et o\u00f9 Mercedes-Benz vient d\u2019agrandir son site de Kecskem\u00e9t.<\/p>\n<p>\u00ab\u00a0<i>Nous devons continuer \u00e0 tout mettre en \u0153uvre pour r\u00e9duire les co\u00fbts afin de proposer nos produits de qualit\u00e9 \u00e0 des prix comp\u00e9titifs<\/i><i>\u00a0<\/i>\u00bb, d\u00e9clarait mardi le pr\u00e9sident du directoire de Mercedes-Benz, Ola K\u00e4llenius, dans le cadre du lancement d\u2019une \u00ab\u00a0offensive de productivit\u00e9\u00a0\u00bb en Allemagne. Au d\u00e9triment de l\u2019emploi.<\/p>\n<\/p><\/div>\n","protected":false},"excerpt":{"rendered":"Quelque 40&nbsp;000 des 85&nbsp;000 salari&eacute;s de BMW en Allemagne, hors personnels de production, recevront &agrave; partir d&rsquo;octobre une offre de d&eacute;part volontaire. &laquo;&nbsp;Les effectifs seront au final r&eacute;duits &#8230;","protected":false},"author":1,"featured_media":37945,"comment_status":"open","ping_status":"open","sticky":false,"template":"","format":"standard","meta":{"footnotes":""},"categories":[337],"tags":[604,2171,2452,624,962],"news-destination":[],"news-source":[475],"is_homepage":[],"ta_other":[],"class_list":["post-37944","post","type-post","status-publish","format-standard","has-post-thumbnail","hentry","category-international","tag-allemagne","tag-chine","tag-concurrence","tag-industrie","tag-salaries","news-source-website"],"_links":{"self":[{"href":"https:\/\/euapp01.newsmemory.com\/lamarseillaise\/news\/wp-json\/wp\/v2\/posts\/37944","targetHints":{"allow":["GET"]}}],"collection":[{"href":"https:\/\/euapp01.newsmemory.com\/lamarseillaise\/news\/wp-json\/wp\/v2\/posts"}],"about":[{"href":"https:\/\/euapp01.newsmemory.com\/lamarseillaise\/news\/wp-json\/wp\/v2\/types\/post"}],"author":[{"embeddable":true,"href":"https:\/\/euapp01.newsmemory.com\/lamarseillaise\/news\/wp-json\/wp\/v2\/users\/1"}],"replies":[{"embeddable":true,"href":"https:\/\/euapp01.newsmemory.com\/lamarseillaise\/news\/wp-json\/wp\/v2\/comments?post=37944"}],"version-history":[{"count":1,"href":"https:\/\/euapp01.newsmemory.com\/lamarseillaise\/news\/wp-json\/wp\/v2\/posts\/37944\/revisions"}],"predecessor-version":[{"id":37946,"href":"https:\/\/euapp01.newsmemory.com\/lamarseillaise\/news\/wp-json\/wp\/v2\/posts\/37944\/revisions\/37946"}],"wp:featuredmedia":[{"embeddable":true,"href":"https:\/\/euapp01.newsmemory.com\/lamarseillaise\/news\/wp-json\/wp\/v2\/media\/37945"}],"wp:attachment":[{"href":"https:\/\/euapp01.newsmemory.com\/lamarseillaise\/news\/wp-json\/wp\/v2\/media?parent=37944"}],"wp:term":[{"taxonomy":"category","embeddable":true,"href":"https:\/\/euapp01.newsmemory.com\/lamarseillaise\/news\/wp-json\/wp\/v2\/categories?post=37944"},{"taxonomy":"post_tag","embeddable":true,"href":"https:\/\/euapp01.newsmemory.com\/lamarseillaise\/news\/wp-json\/wp\/v2\/tags?post=37944"},{"taxonomy":"news-destination","embeddable":true,"href":"https:\/\/euapp01.newsmemory.com\/lamarseillaise\/news\/wp-json\/wp\/v2\/news-destination?post=37944"},{"taxonomy":"news-source","embeddable":true,"href":"https:\/\/euapp01.newsmemory.com\/lamarseillaise\/news\/wp-json\/wp\/v2\/news-source?post=37944"},{"taxonomy":"is_homepage","embeddable":true,"href":"https:\/\/euapp01.newsmemory.com\/lamarseillaise\/news\/wp-json\/wp\/v2\/is_homepage?post=37944"},{"taxonomy":"ta_other","embeddable":true,"href":"https:\/\/euapp01.newsmemory.com\/lamarseillaise\/news\/wp-json\/wp\/v2\/ta_other?post=37944"}],"curies":[{"name":"wp","href":"https:\/\/api.w.org\/{rel}","templated":true}]}}