{"id":37938,"date":"2026-07-30T10:43:00","date_gmt":"2026-07-30T08:43:00","guid":{"rendered":"https:\/\/euapp01.newsmemory.com\/lamarseillaise\/news\/?p=37938"},"modified":"2026-07-30T11:03:12","modified_gmt":"2026-07-30T09:03:12","slug":"lescalade-de-la-guerre-entre-trump-ses-allies-et-liran","status":"publish","type":"post","link":"https:\/\/euapp01.newsmemory.com\/lamarseillaise\/news\/2026\/07\/30\/lescalade-de-la-guerre-entre-trump-ses-allies-et-liran\/","title":{"rendered":"L\u2019escalade de la guerre entre Trump, ses alli\u00e9s et l\u2019Iran"},"content":{"rendered":"<div class=\"paragraph\">\n<p>\u00ab <i>N<\/i><i>ous allons les frapper fort, ils vont prendre une racl\u00e9e<\/i><i>\u00a0<\/i>\u00bb, a d\u00e9clar\u00e9 le pr\u00e9sident am\u00e9ricain selon ses propos rapport\u00e9s par un journaliste de la cha\u00eene Fox News.<\/p>\n<p>L\u2019arm\u00e9e jordanienne a d\u00e9clar\u00e9 mercredi avoir abattu cinq missiles iraniens, tandis que les Gardiens de la R\u00e9volution iraniens ont confirm\u00e9 avoir vis\u00e9 des installations militaires am\u00e9ricaines en Jordanie. Donald Trump a dit que \u00ab<i>\u00a0<\/i><i>les forces am\u00e9ricaines n\u2019ont eu que quelques minutes pour abattre ces missiles balistiques iraniens qui arrivaient<\/i><i>\u00a0<\/i>\u00bb, selon le journaliste Trey Yingst, qui s\u2019est entretenu hors antenne avec le pr\u00e9sident.<\/p>\n<p>Le reporter l\u2019a aussi interrog\u00e9 sur les bombardements men\u00e9s par les \u00c9tats-Unis et de l\u2019Arabie saoudite contre des positions de groupes arm\u00e9s pro-iraniens en Irak, en r\u00e9ponse \u00e0 des attaques contre des cibles am\u00e9ricaines et des installations p\u00e9troli\u00e8res saoudiennes. Le pr\u00e9sident am\u00e9ricain \u00ab<i>\u00a0<\/i><i>a dit que ces frappes \u00e9taient coordonn\u00e9es avec le gouvernement irakien<\/i><i>\u00a0<\/i>\u00bb, a d\u00e9clar\u00e9 le journaliste.<\/p>\n<p>Peu avant, la pr\u00e9sidence irakienne a pourtant d\u00e9nonc\u00e9, sans nommer les \u00c9tats-Unis ni l\u2019Arabie saoudite, \u00ab<i>\u00a0<\/i><i>les bombardements qui ont vis\u00e9 les bases du Hachd al-Chaabi<\/i><i>\u00a0<\/i>\u00bb, une alliance de groupes arm\u00e9s irakiens qui inclut des factions pro-iraniennes, les consid\u00e9rant comme une \u00ab\u00a0attaque inacceptable et une violation flagrante de la souverainet\u00e9 de l\u2019Irak, visant ses institutions officielles\u00a0\u00bb. Selon le Hachd al-Chaabi, qui d\u00e9nonce une \u00ab<i>\u00a0<\/i><i>agression<\/i><i>\u00a0<\/i>\u00bb, au moins 20 de ses membres ont \u00e9t\u00e9 tu\u00e9s et 32\u00a0bless\u00e9s dans ces frappes. Donald Trump a, selon ses propos rapport\u00e9s par Fox News, \u00ab<i>\u00a0<\/i><i>qualifi\u00e9 ces milices pro-iraniennes de cancer pour le monde et dit qu\u2019il envisageait des mises en garde suppl\u00e9mentaires contre les soutiens de l\u2019Iran<\/i><i>\u00a0<\/i>\u00bb.<\/p>\n<p>La reprise des hostilit\u00e9s au Moyen-Orient survient apr\u00e8s une accalmie de plusieurs jours dans le conflit.<\/p>\n<\/p><\/div>\n<div class=\"intext\"> Cours du p\u00e9trole<br \/>\n               <br \/>\u00e0 la hausse mercredi\n              <\/div>\n<div class=\"paragraph\">\n<p>De son c\u00f4t\u00e9, la t\u00e9l\u00e9vision d\u2019\u00c9tat iranienne a annonc\u00e9 mercredi que les \u00c9tats-Unis avaient men\u00e9 des frappes sur une ville du nord-ouest du pays, \u00e0 la fronti\u00e8re avec l\u2019Irak. \u00ab\u00a0<i>Il y a quelques minutes, un secteur situ\u00e9 dans la r\u00e9gion frontali\u00e8re de Piranshahr a \u00e9t\u00e9 touch\u00e9 par des frappes a\u00e9riennes de l\u2019ennemi am\u00e9ricain<\/i><i>\u00a0<\/i>\u00bb, a rapport\u00e9 la t\u00e9l\u00e9vision d\u2019\u00c9tat. Une puissante alliance arm\u00e9e pro-Iran irakienne a jug\u00e9 mercredi \u00ab\u00a0in\u00e9vitable\u00a0\u00bb une riposte aux frappes am\u00e9ricano-saoudiennes meurtri\u00e8res qui ont cibl\u00e9 l\u2019Irak, apr\u00e8s que des missiles en provenance du pays ont vis\u00e9 l\u2019Arabie saoudite. \u00ab\u00a0<i>Notre riposte contre l\u2019ennemi am\u00e9ricain est in\u00e9vitable, et pourrait frapper ses instruments en Arabie saoudite<\/i><i>\u00a0<\/i>\u00bb, a affirm\u00e9 dans un communiqu\u00e9 la R\u00e9sistance islamique en Irak, n\u00e9buleuse qui a revendiqu\u00e9 des centaines d\u2019attaques contre des installations am\u00e9ricaines dans la r\u00e9gion depuis le d\u00e9but de la guerre au Moyen-Orient.<\/p>\n<p>Les cours du p\u00e9trole repartent \u00e0 la hausse mercredi en raison de la reprise des frappes au Moyen-Orient qui suscite des inqui\u00e9tudes pour l\u2019approvisionnement en or noir, apr\u00e8s une accalmie des hostilit\u00e9s de plusieurs jours. \u00ab\u00a0<i>Ces \u00e9volutions jettent un froid sur l\u2019id\u00e9e d\u2019une d\u00e9sescalade rapide<\/i><i>\u00a0<\/i>\u00bb dans le Golfe, estiment les analystes du cabinet d\u2019\u00e9conomistes ING Warren Patterson et Ewa Manthey. <i>Avec les infrastructures p\u00e9troli\u00e8res saoudiennes de plus en plus prises pour cible, le risque de perturbations de l\u2019approvisionnement prolong\u00e9es augmente<\/i><i>\u00a0<\/i>\u00bb<i>,<\/i> affirment-ils.<\/p>\n<\/p><\/div>\n","protected":false},"excerpt":{"rendered":"&laquo; Nous allons les frapper fort, ils vont prendre une racl&eacute;e&nbsp;&raquo;, a d&eacute;clar&eacute; le pr&eacute;sident am&eacute;ricain selon ses propos rapport&eacute;s par un journaliste de la cha&icirc;ne Fox News. &#8230;","protected":false},"author":1,"featured_media":37939,"comment_status":"open","ping_status":"open","sticky":false,"template":"","format":"standard","meta":{"footnotes":""},"categories":[337],"tags":[4323,1631,3119,721,276,602,6186,2317,3606],"news-destination":[],"news-source":[475],"is_homepage":[],"ta_other":[],"class_list":["post-37938","post","type-post","status-publish","format-standard","has-post-thumbnail","hentry","category-international","tag-arabie-saoudite","tag-attaque","tag-bombardements","tag-donald-trump","tag-etats-unis","tag-iran","tag-jordanie","tag-journalistes","tag-petrole","news-source-website"],"_links":{"self":[{"href":"https:\/\/euapp01.newsmemory.com\/lamarseillaise\/news\/wp-json\/wp\/v2\/posts\/37938","targetHints":{"allow":["GET"]}}],"collection":[{"href":"https:\/\/euapp01.newsmemory.com\/lamarseillaise\/news\/wp-json\/wp\/v2\/posts"}],"about":[{"href":"https:\/\/euapp01.newsmemory.com\/lamarseillaise\/news\/wp-json\/wp\/v2\/types\/post"}],"author":[{"embeddable":true,"href":"https:\/\/euapp01.newsmemory.com\/lamarseillaise\/news\/wp-json\/wp\/v2\/users\/1"}],"replies":[{"embeddable":true,"href":"https:\/\/euapp01.newsmemory.com\/lamarseillaise\/news\/wp-json\/wp\/v2\/comments?post=37938"}],"version-history":[{"count":1,"href":"https:\/\/euapp01.newsmemory.com\/lamarseillaise\/news\/wp-json\/wp\/v2\/posts\/37938\/revisions"}],"predecessor-version":[{"id":37940,"href":"https:\/\/euapp01.newsmemory.com\/lamarseillaise\/news\/wp-json\/wp\/v2\/posts\/37938\/revisions\/37940"}],"wp:featuredmedia":[{"embeddable":true,"href":"https:\/\/euapp01.newsmemory.com\/lamarseillaise\/news\/wp-json\/wp\/v2\/media\/37939"}],"wp:attachment":[{"href":"https:\/\/euapp01.newsmemory.com\/lamarseillaise\/news\/wp-json\/wp\/v2\/media?parent=37938"}],"wp:term":[{"taxonomy":"category","embeddable":true,"href":"https:\/\/euapp01.newsmemory.com\/lamarseillaise\/news\/wp-json\/wp\/v2\/categories?post=37938"},{"taxonomy":"post_tag","embeddable":true,"href":"https:\/\/euapp01.newsmemory.com\/lamarseillaise\/news\/wp-json\/wp\/v2\/tags?post=37938"},{"taxonomy":"news-destination","embeddable":true,"href":"https:\/\/euapp01.newsmemory.com\/lamarseillaise\/news\/wp-json\/wp\/v2\/news-destination?post=37938"},{"taxonomy":"news-source","embeddable":true,"href":"https:\/\/euapp01.newsmemory.com\/lamarseillaise\/news\/wp-json\/wp\/v2\/news-source?post=37938"},{"taxonomy":"is_homepage","embeddable":true,"href":"https:\/\/euapp01.newsmemory.com\/lamarseillaise\/news\/wp-json\/wp\/v2\/is_homepage?post=37938"},{"taxonomy":"ta_other","embeddable":true,"href":"https:\/\/euapp01.newsmemory.com\/lamarseillaise\/news\/wp-json\/wp\/v2\/ta_other?post=37938"}],"curies":[{"name":"wp","href":"https:\/\/api.w.org\/{rel}","templated":true}]}}