{"id":37930,"date":"2026-07-30T10:13:00","date_gmt":"2026-07-30T08:13:00","guid":{"rendered":"https:\/\/euapp01.newsmemory.com\/lamarseillaise\/news\/?p=37930"},"modified":"2026-07-30T10:36:01","modified_gmt":"2026-07-30T08:36:01","slug":"tribune-ce-que-nous-disent-les-incendies","status":"publish","type":"post","link":"https:\/\/euapp01.newsmemory.com\/lamarseillaise\/news\/2026\/07\/30\/tribune-ce-que-nous-disent-les-incendies\/","title":{"rendered":"[Tribune] Ce que nous disent les incendies"},"content":{"rendered":"<div class=\"paragraph\">\n<p>Nos peurs et nos larmes ne suffiront pas. Dans les incendies d\u2019aujourd\u2019hui, il y a bien plus que la violence des flammes. Ce qui br\u00fble, ce ne sont pas seulement des arbres, des champs, des maisons, ni m\u00eame seulement des vies bris\u00e9es, comme celles de nos pompiers morts en service. Ce sont des \u00e9quilibres anciens, des pr\u00e9sences humaines, des m\u00e9tiers, des paysages, des m\u00e9moires. Une certaine mani\u00e8re d\u2019habiter la terre. Ayons le courage de le regarder en face.<\/p>\n<p>Longtemps, nous avons cru que les incendies ne concernaient que des marges\u00a0: campagnes lointaines, villages peu connus, for\u00eats recul\u00e9es, territoires touristiques vou\u00e9s \u00e0 l\u2019usure, campagnes \u00ab\u00a0en d\u00e9clin\u00a0\u00bb. Comme si le capital d\u2019un pays ne se trouvait que dans ses grandes villes, comme si cette nature abondante se r\u00e9g\u00e9n\u00e9rait seule. R\u00e9sultat\u00a0: des moyens insuffisants, des strat\u00e9gies sourdes aux climatologues, des pompiers volontaires \u00e9puis\u00e9s et sous-pay\u00e9s. Ce temps de c\u00e9cit\u00e9 est termin\u00e9. Quand le feu s\u2019approche de Paris ou de Madrid, qu\u2019il coupe une autoroute, vide des quartiers entiers, c\u2019est toute l\u2019\u00e9chelle qui change. L\u2019incendie n\u2019est plus rural\u00a0: il est m\u00e9tropolitain, global. Il r\u00e9v\u00e8le un monde o\u00f9 ville et campagne sont prises ensemble dans la m\u00eame vuln\u00e9rabilit\u00e9, apr\u00e8s qu\u2019on a oubli\u00e9 l\u2019essentiel\u00a0: le territoire, la terre, les gens.<\/p>\n<p>Derri\u00e8re les flammes, il y a un territoire lentement d\u00e9saccord\u00e9. Les zones humides ont recul\u00e9, comme si l\u2019eau elle-m\u00eame avait \u00e9t\u00e9 somm\u00e9e de quitter un pays qui lui doit tout. Les arbres, \u00e9prouv\u00e9s par les s\u00e9cheresses, les parasites, les maladies, ne jouent plus leur r\u00f4le de protection ni de puits de carbone. La d\u00e9prise agricole referme les paysages, laisse les friches gagner, simplifie les milieux, et le feu trouve des continuit\u00e9s qu\u2019il n\u2019avait pas auparavant. Les campagnes se vident par endroits, et avec les habitants disparaissent les gestes d\u2019entretien, de vigilance, de pr\u00e9sence. Ce n\u2019est pas une cause unique, c\u2019est une fragilit\u00e9 accumul\u00e9e.<\/p>\n<p>La for\u00eat nous oblige \u00e0 abandonner les r\u00e9ponses trop simples. Plus de surface bois\u00e9e ne signifie pas plus de r\u00e9silience. Une for\u00eat plant\u00e9e \u00e0 marche forc\u00e9e, d\u2019arbres identiques align\u00e9s selon une logique industrielle, n\u2019est pas une for\u00eat sauv\u00e9e, mais une for\u00eat fragilis\u00e9e \u00e0 l\u2019avance. La vraie for\u00eat est diverse, m\u00e9lang\u00e9e, lente, humide, vivante. Elle a besoin de sols, d\u2019eau, de temps, d\u2019ombre, de diversit\u00e9 d\u2019essences, et d\u2019\u00eatre pens\u00e9e comme un milieu \u00e0 habiter avec pr\u00e9caution, non comme une simple usine \u00e0 carbone. De m\u00eame, les zones humides, longtemps trait\u00e9es comme des terrains \u00ab\u00a0\u00e0 gagner\u00a0\u00bb, sont en r\u00e9alit\u00e9 une m\u00e9moire de l\u2019eau\u00a0: elles retiennent, filtrent, rafra\u00eechissent, amortissent les \u00e0-coups, prot\u00e8gent les villages, donnent du souffle au territoire. Leur disparition silencieuse ne se voit qu\u2019apr\u00e8s coup, quand l\u2019eau manque, que la terre durcit, que les incendies avancent et que les paysages se dess\u00e8chent.<\/p>\n<p>Le drame se poursuit dans les corps\u00a0: paysans \u00e9puis\u00e9s par les canicules, travailleurs du vivant qui luttent sans r\u00e9pit, habitants pour qui l\u2019\u00e9t\u00e9 devient une \u00e9preuve. Le climat n\u2019est pas une abstraction, il s\u2019inscrit dans les gestes emp\u00each\u00e9s, les cultures perdues, les nuits sans fra\u00eecheur. Pourtant, quelque chose tient encore. Apr\u00e8s le feu, des paysans s\u2019organisent, des voisins se pr\u00eatent main-forte, des b\u00e9n\u00e9voles apportent eau, mat\u00e9riel, temps. Cette entraide n\u2019est pas anecdotique\u00a0: elle est un savoir, une condition de la r\u00e9silience de nos territoires, un tr\u00e9sor national.<\/p>\n<p>Le tourisme entre lui aussi dans cette histoire. Les territoires touristiques vivent du climat, de l\u2019eau, des paysages. Un tourisme trop intensif use ce qu\u2019il pr\u00e9tend c\u00e9l\u00e9brer\u00a0: il consomme, densifie, \u00e9puise. Quand les canicules s\u2019intensifient, quand l\u2019eau manque, quand les incendies menacent collines et littoraux, le mod\u00e8le doit changer\u00a0: moins concentr\u00e9, moins lourd, plus sobre, plus respectueux des seuils d\u2019accueil.<\/p>\n<p>Le feu nous parle enfin de la ville. Derri\u00e8re les campagnes, il y a toujours les grandes villes, leurs infrastructures, leurs flux. Quand un incendie se rapproche d\u2019une m\u00e9tropole, menace routes, eau, \u00e9quipements, il met \u00e0 nu l\u2019interd\u00e9pendance des territoires. Nous ne vivons plus dans des compartiments, mais dans un syst\u00e8me de continuit\u00e9s. C\u2019est ce qui rend la catastrophe plus grave et nous oblige \u00e0 repenser l\u2019ensemble.<\/p>\n<p>La question de la m\u00e9moire devient alors d\u00e9cisive. Quelle trace laissera chaque feu\u00a0? Une \u00e9motion br\u00e8ve, un \u00e9chec collectif vite recouvert par la catastrophe suivante\u00a0? Ou une le\u00e7on durable, un nouveau pacte, une autre mani\u00e8re de faire territoire\u00a0? Nous avons besoin d\u2019un pacte national et climatique qui relie for\u00eat et eau, ville et campagne, agriculture et biodiversit\u00e9, tourisme et sobri\u00e9t\u00e9, infrastructures et vivant. Un pacte qui reconnaisse que le territoire n\u2019est pas un d\u00e9cor mais une mati\u00e8re vivante, qui ne se prot\u00e8ge pas par des slogans, mais par des choix justes, coh\u00e9rents, incarn\u00e9s.<\/p>\n<p>En terminant ces lignes, je pense aux deux sapeurs-pompiers morts en op\u00e9ration, et \u00e0 tous leurs camarades. Nos larmes ne les ram\u00e8neront pas. Mais leur courage nous oblige. Quand il ne reste que le corps des hommes face au feu, c\u2019est que la d\u00e9faillance est enti\u00e8re. Penser \u00e0 eux et \u00eatre dignes de leur sacrifice doit nous guider avec fermet\u00e9, courage et lucidit\u00e9.<\/p>\n<\/p><\/div>\n","protected":false},"excerpt":{"rendered":"Nos peurs et nos larmes ne suffiront pas. Dans les incendies d&rsquo;aujourd&rsquo;hui, il y a bien plus que la violence des flammes. Ce qui br&ucirc;le, ce ne sont pas seulement des arbres, des champs, des maisons, ni m&ecirc;me seulement des vies &#8230;","protected":false},"author":1,"featured_media":36982,"comment_status":"open","ping_status":"open","sticky":false,"template":"","format":"standard","meta":{"footnotes":""},"categories":[333],"tags":[3585,10,417,1434,1673,418,572,757,1396,109,920,445,1192,3356,2417,457,630,668,1674,1397,137,347,5395,621,3367,209],"news-destination":[],"news-source":[475],"is_homepage":[],"ta_other":[],"class_list":["post-37930","post","type-post","status-publish","format-standard","has-post-thumbnail","hentry","category-environnement","tag-bois","tag-bouches-du-rhone","tag-climat","tag-ecologie","tag-feux","tag-foret","tag-france","tag-generation-ecologie","tag-incendies","tag-littoral","tag-memoire","tag-metiers","tag-monde","tag-monde-vivant","tag-pays-daix","tag-paysans","tag-populations","tag-quartiers","tag-sapeurs-pompiers","tag-secheresse","tag-territoire","tag-tourisme","tag-tourisme-de-masse","tag-tribune","tag-voisins","tag-zones-humides","news-source-website"],"_links":{"self":[{"href":"https:\/\/euapp01.newsmemory.com\/lamarseillaise\/news\/wp-json\/wp\/v2\/posts\/37930","targetHints":{"allow":["GET"]}}],"collection":[{"href":"https:\/\/euapp01.newsmemory.com\/lamarseillaise\/news\/wp-json\/wp\/v2\/posts"}],"about":[{"href":"https:\/\/euapp01.newsmemory.com\/lamarseillaise\/news\/wp-json\/wp\/v2\/types\/post"}],"author":[{"embeddable":true,"href":"https:\/\/euapp01.newsmemory.com\/lamarseillaise\/news\/wp-json\/wp\/v2\/users\/1"}],"replies":[{"embeddable":true,"href":"https:\/\/euapp01.newsmemory.com\/lamarseillaise\/news\/wp-json\/wp\/v2\/comments?post=37930"}],"version-history":[{"count":1,"href":"https:\/\/euapp01.newsmemory.com\/lamarseillaise\/news\/wp-json\/wp\/v2\/posts\/37930\/revisions"}],"predecessor-version":[{"id":37931,"href":"https:\/\/euapp01.newsmemory.com\/lamarseillaise\/news\/wp-json\/wp\/v2\/posts\/37930\/revisions\/37931"}],"wp:featuredmedia":[{"embeddable":true,"href":"https:\/\/euapp01.newsmemory.com\/lamarseillaise\/news\/wp-json\/wp\/v2\/media\/36982"}],"wp:attachment":[{"href":"https:\/\/euapp01.newsmemory.com\/lamarseillaise\/news\/wp-json\/wp\/v2\/media?parent=37930"}],"wp:term":[{"taxonomy":"category","embeddable":true,"href":"https:\/\/euapp01.newsmemory.com\/lamarseillaise\/news\/wp-json\/wp\/v2\/categories?post=37930"},{"taxonomy":"post_tag","embeddable":true,"href":"https:\/\/euapp01.newsmemory.com\/lamarseillaise\/news\/wp-json\/wp\/v2\/tags?post=37930"},{"taxonomy":"news-destination","embeddable":true,"href":"https:\/\/euapp01.newsmemory.com\/lamarseillaise\/news\/wp-json\/wp\/v2\/news-destination?post=37930"},{"taxonomy":"news-source","embeddable":true,"href":"https:\/\/euapp01.newsmemory.com\/lamarseillaise\/news\/wp-json\/wp\/v2\/news-source?post=37930"},{"taxonomy":"is_homepage","embeddable":true,"href":"https:\/\/euapp01.newsmemory.com\/lamarseillaise\/news\/wp-json\/wp\/v2\/is_homepage?post=37930"},{"taxonomy":"ta_other","embeddable":true,"href":"https:\/\/euapp01.newsmemory.com\/lamarseillaise\/news\/wp-json\/wp\/v2\/ta_other?post=37930"}],"curies":[{"name":"wp","href":"https:\/\/api.w.org\/{rel}","templated":true}]}}