{"id":37926,"date":"2026-07-30T09:46:00","date_gmt":"2026-07-30T07:46:00","guid":{"rendered":"https:\/\/euapp01.newsmemory.com\/lamarseillaise\/news\/?p=37926"},"modified":"2026-08-05T08:23:31","modified_gmt":"2026-08-05T06:23:31","slug":"les-hospitaliers-reclament-une-prime-canicule","status":"publish","type":"post","link":"https:\/\/euapp01.newsmemory.com\/lamarseillaise\/news\/2026\/07\/30\/les-hospitaliers-reclament-une-prime-canicule\/","title":{"rendered":"Les hospitaliers r\u00e9clament une \u00ab&nbsp;prime canicule&nbsp;\u00bb"},"content":{"rendered":"<div class=\"paragraph\">\n<p>En France, pr\u00e8s de 60% des b\u00e2timents hospitaliers sont consid\u00e9r\u00e9s comme v\u00e9tustes. Le CHU de Montpellier ne fait pas exception, avec seulement 40% de ses services \u00e9quip\u00e9s en climatisation. Des temp\u00e9ratures exceptionnelles y ont \u00e9t\u00e9 relev\u00e9es depuis le d\u00e9but des canicules estivales, notamment en p\u00e9diatrie ou \u00e0 la maternit\u00e9, avec des pics jusqu\u2019\u00e0 42 degr\u00e9s dans la blanchisserie de l\u2019h\u00f4pital. \u00ab<i>\u00a0<\/i><i>Certains agents ont fait des heures suppl\u00e9mentaires et d\u2019autres sont revenus sur leurs jours de repos pour travailler dans des conditions tr\u00e8s difficiles, <\/i>raconte Pierre Renard, infirmier et d\u00e9l\u00e9gu\u00e9 syndical de la CGT au CHU de Montpellier.<i> Nous demandons donc au gouvernement une prime exceptionnelle pour r\u00e9compenser leurs efforts, un peu \u00e0 la mani\u00e8re de celle qui avait \u00e9t\u00e9 mise en place pendant la Covid.<\/i><i>\u00a0<\/i>\u00bb<i><\/i><\/p>\n<p><i><\/i><\/p>\n<\/p><\/div>\n<div class=\"intext\"> Revaloriser les salaires\n              <\/div>\n<div class=\"paragraph\">\n<p>\u00ab<i>\u00a0<\/i><i>Il faut financer au plus vite l\u2019adaptation de nos infrastructures au r\u00e9chauffement climatique. Cela fait d\u00e9j\u00e0 plus de dix<\/i><i>\u00a0<\/i><i>ans qu\u2019on alerte sur ce sujet au CHU de Montpellier<\/i><i>\u00a0<\/i>\u00bb, continue Pierre Renard. Selon lui, au-del\u00e0 du financement des r\u00e9novations, le nerf de la guerre pour un h\u00f4pital public de qualit\u00e9 reste la r\u00e9mun\u00e9ration des hospitaliers. Cette prime ne saurait donc se suffire \u00e0 elle-m\u00eame si elle ne s\u2019accompagne pas de la revalorisation des salaires de tous les agents du service public, \u00e0 commencer par ceux de la cat\u00e9gorie C, comme certains ouvriers et membres de l\u2019administration.<i> <\/i>\u00ab<i>\u00a0<\/i><i>Ce sont des agents essentiels au fonctionnement de nos \u00e9tablissements et pourtant, certains sont r\u00e9mun\u00e9r\u00e9s moins que le SMIC. Seulement, s\u2019il n\u2019y a pas d\u2019agent pour d\u00e9sinfecter le bloc, il ne peut y avoir d\u2019op\u00e9ration derri\u00e8re. Et rien ne sert de recevoir des clims si on continue de m\u00e9priser les agents qui les installent.<\/i>\u00a0\u00bb <i><\/i><\/p>\n<\/p><\/div>\n","protected":false},"excerpt":{"rendered":"En France, pr&egrave;s de 60% des b&acirc;timents hospitaliers sont consid&eacute;r&eacute;s comme v&eacute;tustes. Le CHU de Montpellier ne fait pas exception, avec seulement 40% de ses services &eacute;quip&eacute;s en climatisation. Des &#8230;","protected":false},"author":1,"featured_media":37927,"comment_status":"open","ping_status":"open","sticky":false,"template":"","format":"standard","meta":{"footnotes":""},"categories":[3926,3925,331,20],"tags":[3275,1707,372,113,1602,528,239,1501,240,284,950,419,1025,1108],"news-destination":[3944],"news-source":[475],"is_homepage":[],"ta_other":[],"class_list":["post-37926","post","type-post","status-publish","format-standard","has-post-thumbnail","hentry","category-accueil-merge","category-accueil-third","category-social","category-societe","tag-adaptation-climatique","tag-agents","tag-canicule","tag-cgt","tag-chu-de-montpellier","tag-gouvernement","tag-herault","tag-hopital","tag-montpellier","tag-occitanie","tag-prime","tag-rechauffement-climatique","tag-salaires","tag-smic","news-destination-homepage","news-source-website"],"_links":{"self":[{"href":"https:\/\/euapp01.newsmemory.com\/lamarseillaise\/news\/wp-json\/wp\/v2\/posts\/37926","targetHints":{"allow":["GET"]}}],"collection":[{"href":"https:\/\/euapp01.newsmemory.com\/lamarseillaise\/news\/wp-json\/wp\/v2\/posts"}],"about":[{"href":"https:\/\/euapp01.newsmemory.com\/lamarseillaise\/news\/wp-json\/wp\/v2\/types\/post"}],"author":[{"embeddable":true,"href":"https:\/\/euapp01.newsmemory.com\/lamarseillaise\/news\/wp-json\/wp\/v2\/users\/1"}],"replies":[{"embeddable":true,"href":"https:\/\/euapp01.newsmemory.com\/lamarseillaise\/news\/wp-json\/wp\/v2\/comments?post=37926"}],"version-history":[{"count":1,"href":"https:\/\/euapp01.newsmemory.com\/lamarseillaise\/news\/wp-json\/wp\/v2\/posts\/37926\/revisions"}],"predecessor-version":[{"id":37928,"href":"https:\/\/euapp01.newsmemory.com\/lamarseillaise\/news\/wp-json\/wp\/v2\/posts\/37926\/revisions\/37928"}],"wp:featuredmedia":[{"embeddable":true,"href":"https:\/\/euapp01.newsmemory.com\/lamarseillaise\/news\/wp-json\/wp\/v2\/media\/37927"}],"wp:attachment":[{"href":"https:\/\/euapp01.newsmemory.com\/lamarseillaise\/news\/wp-json\/wp\/v2\/media?parent=37926"}],"wp:term":[{"taxonomy":"category","embeddable":true,"href":"https:\/\/euapp01.newsmemory.com\/lamarseillaise\/news\/wp-json\/wp\/v2\/categories?post=37926"},{"taxonomy":"post_tag","embeddable":true,"href":"https:\/\/euapp01.newsmemory.com\/lamarseillaise\/news\/wp-json\/wp\/v2\/tags?post=37926"},{"taxonomy":"news-destination","embeddable":true,"href":"https:\/\/euapp01.newsmemory.com\/lamarseillaise\/news\/wp-json\/wp\/v2\/news-destination?post=37926"},{"taxonomy":"news-source","embeddable":true,"href":"https:\/\/euapp01.newsmemory.com\/lamarseillaise\/news\/wp-json\/wp\/v2\/news-source?post=37926"},{"taxonomy":"is_homepage","embeddable":true,"href":"https:\/\/euapp01.newsmemory.com\/lamarseillaise\/news\/wp-json\/wp\/v2\/is_homepage?post=37926"},{"taxonomy":"ta_other","embeddable":true,"href":"https:\/\/euapp01.newsmemory.com\/lamarseillaise\/news\/wp-json\/wp\/v2\/ta_other?post=37926"}],"curies":[{"name":"wp","href":"https:\/\/api.w.org\/{rel}","templated":true}]}}