{"id":37923,"date":"2026-07-30T09:49:00","date_gmt":"2026-07-30T07:49:00","guid":{"rendered":"https:\/\/euapp01.newsmemory.com\/lamarseillaise\/news\/?p=37923"},"modified":"2026-08-05T08:23:31","modified_gmt":"2026-08-05T06:23:31","slug":"bientot-une-porte-de-sortie-pour-laerodrome-de-deaux","status":"publish","type":"post","link":"https:\/\/euapp01.newsmemory.com\/lamarseillaise\/news\/2026\/07\/30\/bientot-une-porte-de-sortie-pour-laerodrome-de-deaux\/","title":{"rendered":"Bient\u00f4t une porte de sortie pour l\u2019a\u00e9rodrome de Deaux ?"},"content":{"rendered":"<div class=\"paragraph\">\n<p>V\u00e9ritable serpent de mer depuis plusieurs d\u00e9cennies, l\u2019avenir de l\u2019a\u00e9rodrome Al\u00e8s-C\u00e9vennes a \u00e9t\u00e9 un caillou dans la chaussure de nombreux \u00e9lus. Mais le dossier semble avancer, m\u00eame si les diff\u00e9rents acteurs ne partagent pas la m\u00eame vision.<\/p>\n<p>En effet, la Chambre de commerce et d\u2019industrie (CCI) du Gard, propri\u00e9taire de l\u2019a\u00e9rodrome, tente depuis plusieurs ann\u00e9es de vendre cet \u00e9quipement mais ne peut le c\u00e9der \u00e0 moins de 2,1\u00a0millions d\u2019euros. Si la CCI a port\u00e9 un premier projet ces derniers mois, elle s\u2019est finalement entendue avec la municipalit\u00e9 de Deaux pour un projet pr\u00e9voyant la suspension de l\u2019activit\u00e9 a\u00e9ronautique.<\/p>\n<p>La CCI et la municipalit\u00e9 ont d\u00e9taill\u00e9 le nouveau projet lors d\u2019un point presse organis\u00e9 le 7\u00a0juillet. Celui-ci s\u2019appuie sur l\u2019implantation de panneaux solaires sur 14\u00a0hectares qui pourraient produire l\u2019\u00e9quivalent de la consommation \u00e9lectrique de \u00ab\u00a0<i>7<\/i><i>\u00a0<\/i><i>000 \u00e0 8<\/i><i>\u00a0<\/i><i>000<\/i><i>\u00a0<\/i><i>foyers du territoire<\/i>\u00a0\u00bb, la pr\u00e9servation de 21\u00a0hectares de for\u00eat, un projet sur \u00ab\u00a0<i>3<\/i><i>\u00a0<\/i><i>000m\u00b2 d\u00e9di\u00e9 \u00e0 la recherche et \u00e0 l\u2019innovation dans le domaine des \u00e9nergies renouvelables<\/i>\u00a0\u00bb et un parcours p\u00e9dagogique.<\/p>\n<p>Ce point presse fait suite au vote des \u00e9lus d\u2019Al\u00e8s Agglom\u00e9ration, le 24\u00a0juin dernier, d\u2019une d\u00e9lib\u00e9ration r\u00e9affirmant la n\u00e9cessit\u00e9 de maintenir l\u2019activit\u00e9 a\u00e9ronautique. Au-del\u00e0 des activit\u00e9s de loisirs, l\u2019a\u00e9rodrome propose des formations et poss\u00e8de surtout un p\u00e9licandrome (pour ravitailler les avions bombardiers d\u2019eau). Certains mettent \u00e9galement en avant sa capacit\u00e9 \u00e0 contribuer au d\u00e9senclavement du territoire. Un argument r\u00e9fut\u00e9 par la CCI qui n\u2019a recens\u00e9 \u00ab\u00a0<i>que 92<\/i><i>\u00a0<\/i><i>mouvements, soit 46<\/i><i>\u00a0<\/i><i>atterrissages\/d\u00e9collages, li\u00e9s pour les deux tiers au ravitaillement d\u2019a\u00e9ronefs priv\u00e9s<\/i>\u00a0\u00bb depuis le d\u00e9but de l\u2019ann\u00e9e. L\u2019avenir de l\u2019a\u00e9rodrome est donc encore loin d\u2019\u00eatre tranch\u00e9.<\/p>\n<\/p><\/div>\n","protected":false},"excerpt":{"rendered":"V&eacute;ritable serpent de mer depuis plusieurs d&eacute;cennies, l&rsquo;avenir de l&rsquo;a&eacute;rodrome Al&egrave;s-C&eacute;vennes a &eacute;t&eacute; un caillou dans la chaussure de nombreux &eacute;lus. Mais le dossier semble avancer, &#8230;","protected":false},"author":1,"featured_media":37924,"comment_status":"open","ping_status":"open","sticky":false,"template":"","format":"standard","meta":{"footnotes":""},"categories":[3926,3925,338,333],"tags":[247,1352,663,4635,314,1949,6185,238,284,1455,666],"news-destination":[3944],"news-source":[475],"is_homepage":[],"ta_other":[],"class_list":["post-37923","post","type-post","status-publish","format-standard","has-post-thumbnail","hentry","category-accueil-merge","category-accueil-third","category-economie","category-environnement","tag-247","tag-aeronautique","tag-ales","tag-avion","tag-canadair","tag-cci","tag-deaux","tag-gard","tag-occitanie","tag-photovoltaique","tag-transports","news-destination-homepage","news-source-website"],"_links":{"self":[{"href":"https:\/\/euapp01.newsmemory.com\/lamarseillaise\/news\/wp-json\/wp\/v2\/posts\/37923","targetHints":{"allow":["GET"]}}],"collection":[{"href":"https:\/\/euapp01.newsmemory.com\/lamarseillaise\/news\/wp-json\/wp\/v2\/posts"}],"about":[{"href":"https:\/\/euapp01.newsmemory.com\/lamarseillaise\/news\/wp-json\/wp\/v2\/types\/post"}],"author":[{"embeddable":true,"href":"https:\/\/euapp01.newsmemory.com\/lamarseillaise\/news\/wp-json\/wp\/v2\/users\/1"}],"replies":[{"embeddable":true,"href":"https:\/\/euapp01.newsmemory.com\/lamarseillaise\/news\/wp-json\/wp\/v2\/comments?post=37923"}],"version-history":[{"count":1,"href":"https:\/\/euapp01.newsmemory.com\/lamarseillaise\/news\/wp-json\/wp\/v2\/posts\/37923\/revisions"}],"predecessor-version":[{"id":37925,"href":"https:\/\/euapp01.newsmemory.com\/lamarseillaise\/news\/wp-json\/wp\/v2\/posts\/37923\/revisions\/37925"}],"wp:featuredmedia":[{"embeddable":true,"href":"https:\/\/euapp01.newsmemory.com\/lamarseillaise\/news\/wp-json\/wp\/v2\/media\/37924"}],"wp:attachment":[{"href":"https:\/\/euapp01.newsmemory.com\/lamarseillaise\/news\/wp-json\/wp\/v2\/media?parent=37923"}],"wp:term":[{"taxonomy":"category","embeddable":true,"href":"https:\/\/euapp01.newsmemory.com\/lamarseillaise\/news\/wp-json\/wp\/v2\/categories?post=37923"},{"taxonomy":"post_tag","embeddable":true,"href":"https:\/\/euapp01.newsmemory.com\/lamarseillaise\/news\/wp-json\/wp\/v2\/tags?post=37923"},{"taxonomy":"news-destination","embeddable":true,"href":"https:\/\/euapp01.newsmemory.com\/lamarseillaise\/news\/wp-json\/wp\/v2\/news-destination?post=37923"},{"taxonomy":"news-source","embeddable":true,"href":"https:\/\/euapp01.newsmemory.com\/lamarseillaise\/news\/wp-json\/wp\/v2\/news-source?post=37923"},{"taxonomy":"is_homepage","embeddable":true,"href":"https:\/\/euapp01.newsmemory.com\/lamarseillaise\/news\/wp-json\/wp\/v2\/is_homepage?post=37923"},{"taxonomy":"ta_other","embeddable":true,"href":"https:\/\/euapp01.newsmemory.com\/lamarseillaise\/news\/wp-json\/wp\/v2\/ta_other?post=37923"}],"curies":[{"name":"wp","href":"https:\/\/api.w.org\/{rel}","templated":true}]}}