{"id":37917,"date":"2026-07-30T09:39:00","date_gmt":"2026-07-30T07:39:00","guid":{"rendered":"https:\/\/euapp01.newsmemory.com\/lamarseillaise\/news\/?p=37917"},"modified":"2026-07-30T10:09:13","modified_gmt":"2026-07-30T08:09:13","slug":"cest-lete-lecture-les-grands-cimetieres-sous-la-lune-de-georges-bernanos","status":"publish","type":"post","link":"https:\/\/euapp01.newsmemory.com\/lamarseillaise\/news\/2026\/07\/30\/cest-lete-lecture-les-grands-cimetieres-sous-la-lune-de-georges-bernanos\/","title":{"rendered":"[C\u2019est l\u2019\u00e9t\u00e9] Lecture : \u00ab Les grands cimeti\u00e8res sous la lune \u00bb, de Georges Bernanos"},"content":{"rendered":"<div class=\"paragraph\">\n<p>Pr\u00e9fac\u00e9e par Vincent Duclert, la r\u00e9\u00e9dition du chef-d\u2019\u0153uvre de Georges Bernanos, \u00e9crit \u00e0 mi-chemin du reportage et du pamphlet, et o\u00f9 se d\u00e9gage une odeur de sang, nous rappelle qu\u2019il y a 90 ans d\u00e9butait la guerre d\u2019Espagne, responsable de 600\u00a0000\u00a0morts, de la souffrance et de la terreur des innocents. Conflit qui opposa les r\u00e9publicains aux franquistes, et dont nous pouvons dire qu\u2019elle fut le pr\u00e9lude de la Seconde Guerre mondiale. Un de ces rares romans que l\u2019on referme en se disant \u00ab\u00a0<i>Je le relirai<\/i>\u00a0\u00bb&#8230; Si vous l\u2019avez lu, relisez-le.<\/p>\n<\/p><\/div>\n<div class=\"paragraph\">\n<p><i>\u00c9ditions Payot, 8,50<\/i><i>\u00a0<\/i><i>euros <\/i><\/p>\n<\/p><\/div>\n","protected":false},"excerpt":{"rendered":"Pr&eacute;fac&eacute;e par Vincent Duclert, la r&eacute;&eacute;dition du chef-d&rsquo;&oelig;uvre de Georges Bernanos, &eacute;crit &agrave; mi-chemin du reportage et du pamphlet, et o&ugrave; se d&eacute;gage une odeur de sang, nous rappelle &#8230;","protected":false},"author":1,"featured_media":37918,"comment_status":"open","ping_status":"open","sticky":false,"template":"","format":"standard","meta":{"footnotes":""},"categories":[32],"tags":[6085,2455,572,2439,5467,6088,1293,1958,1244,1294,3082],"news-destination":[],"news-source":[475],"is_homepage":[],"ta_other":[],"class_list":["post-37917","post","type-post","status-publish","format-standard","has-post-thumbnail","hentry","category-culture","tag-cest-lete","tag-chef-doeuvre","tag-france","tag-franquisme","tag-georges-bernanos","tag-guerre-despagne","tag-lecture","tag-litterature","tag-livres","tag-roman","tag-seconde-guerre-mondiale","news-source-website"],"_links":{"self":[{"href":"https:\/\/euapp01.newsmemory.com\/lamarseillaise\/news\/wp-json\/wp\/v2\/posts\/37917","targetHints":{"allow":["GET"]}}],"collection":[{"href":"https:\/\/euapp01.newsmemory.com\/lamarseillaise\/news\/wp-json\/wp\/v2\/posts"}],"about":[{"href":"https:\/\/euapp01.newsmemory.com\/lamarseillaise\/news\/wp-json\/wp\/v2\/types\/post"}],"author":[{"embeddable":true,"href":"https:\/\/euapp01.newsmemory.com\/lamarseillaise\/news\/wp-json\/wp\/v2\/users\/1"}],"replies":[{"embeddable":true,"href":"https:\/\/euapp01.newsmemory.com\/lamarseillaise\/news\/wp-json\/wp\/v2\/comments?post=37917"}],"version-history":[{"count":1,"href":"https:\/\/euapp01.newsmemory.com\/lamarseillaise\/news\/wp-json\/wp\/v2\/posts\/37917\/revisions"}],"predecessor-version":[{"id":37919,"href":"https:\/\/euapp01.newsmemory.com\/lamarseillaise\/news\/wp-json\/wp\/v2\/posts\/37917\/revisions\/37919"}],"wp:featuredmedia":[{"embeddable":true,"href":"https:\/\/euapp01.newsmemory.com\/lamarseillaise\/news\/wp-json\/wp\/v2\/media\/37918"}],"wp:attachment":[{"href":"https:\/\/euapp01.newsmemory.com\/lamarseillaise\/news\/wp-json\/wp\/v2\/media?parent=37917"}],"wp:term":[{"taxonomy":"category","embeddable":true,"href":"https:\/\/euapp01.newsmemory.com\/lamarseillaise\/news\/wp-json\/wp\/v2\/categories?post=37917"},{"taxonomy":"post_tag","embeddable":true,"href":"https:\/\/euapp01.newsmemory.com\/lamarseillaise\/news\/wp-json\/wp\/v2\/tags?post=37917"},{"taxonomy":"news-destination","embeddable":true,"href":"https:\/\/euapp01.newsmemory.com\/lamarseillaise\/news\/wp-json\/wp\/v2\/news-destination?post=37917"},{"taxonomy":"news-source","embeddable":true,"href":"https:\/\/euapp01.newsmemory.com\/lamarseillaise\/news\/wp-json\/wp\/v2\/news-source?post=37917"},{"taxonomy":"is_homepage","embeddable":true,"href":"https:\/\/euapp01.newsmemory.com\/lamarseillaise\/news\/wp-json\/wp\/v2\/is_homepage?post=37917"},{"taxonomy":"ta_other","embeddable":true,"href":"https:\/\/euapp01.newsmemory.com\/lamarseillaise\/news\/wp-json\/wp\/v2\/ta_other?post=37917"}],"curies":[{"name":"wp","href":"https:\/\/api.w.org\/{rel}","templated":true}]}}