{"id":37911,"date":"2026-07-30T09:13:00","date_gmt":"2026-07-30T07:13:00","guid":{"rendered":"https:\/\/euapp01.newsmemory.com\/lamarseillaise\/news\/?p=37911"},"modified":"2026-07-30T10:09:13","modified_gmt":"2026-07-30T08:09:13","slug":"cest-lete-a-frejus-le-raisin-est-en-fete","status":"publish","type":"post","link":"https:\/\/euapp01.newsmemory.com\/lamarseillaise\/news\/2026\/07\/30\/cest-lete-a-frejus-le-raisin-est-en-fete\/","title":{"rendered":"[C\u2019est l\u2019\u00e9t\u00e9] \u00c0 Fr\u00e9jus, le raisin est en f\u00eate"},"content":{"rendered":"<div class=\"paragraph\">\n<p>Mettre la culture proven\u00e7ale et le savoir-faire de tout un terroir \u00e0 l\u2019honneur, tel est l\u2019objectif de la F\u00eate du raisin qui se tient jusqu\u2019au dimanche 2 ao\u00fbt dans le centre historique de Fr\u00e9jus. Organis\u00e9 par diverses associations qui ont \u00e0 c\u0153ur de faire perdurer les traditions proven\u00e7ales et en partenariat avec l\u2019office de tourisme, c\u2019est un programme riche et vari\u00e9 qui vous attend, le tout avec la pr\u00e9sence de vignerons de l\u2019AOC C\u00f4te de Provence Fr\u00e9jus et de l\u2019AOC C\u00f4t\u00e9 de Provence qui vous feront d\u00e9couvrir leurs c\u00e9pages. Sans oublier que Fr\u00e9jus fait d\u00e9sormais partie du jeune label \u00ab\u00a0Vignobles et d\u00e9couvertes\u00a0\u00bb.<\/p>\n<p>Au programme donc, d\u00e9fil\u00e9 aux flambeaux accompagn\u00e9 de fifres et tambourins, d\u00e9fil\u00e9 en musique ou encore spectacles et animations folkloriques vont animer les rues.<\/p>\n<\/p><\/div>\n","protected":false},"excerpt":{"rendered":"Mettre la culture proven&ccedil;ale et le savoir-faire de tout un terroir &agrave; l&rsquo;honneur, tel est l&rsquo;objectif de la F&ecirc;te du raisin qui se tient jusqu&rsquo;au dimanche 2 ao&ucirc;t dans le centre historique de Fr&eacute;jus. &#8230;","protected":false},"author":1,"featured_media":37912,"comment_status":"open","ping_status":"open","sticky":false,"template":"","format":"standard","meta":{"footnotes":""},"categories":[20],"tags":[1639,138,6085,466,2347,539,1662,38,895,5756,31],"news-destination":[],"news-source":[475],"is_homepage":[],"ta_other":[],"class_list":["post-37911","post","type-post","status-publish","format-standard","has-post-thumbnail","hentry","category-societe","tag-aoc","tag-associations","tag-cest-lete","tag-fete","tag-fete-populaire","tag-frejus","tag-office-de-tourisme","tag-programme","tag-provence","tag-raisin","tag-var","news-source-website"],"_links":{"self":[{"href":"https:\/\/euapp01.newsmemory.com\/lamarseillaise\/news\/wp-json\/wp\/v2\/posts\/37911","targetHints":{"allow":["GET"]}}],"collection":[{"href":"https:\/\/euapp01.newsmemory.com\/lamarseillaise\/news\/wp-json\/wp\/v2\/posts"}],"about":[{"href":"https:\/\/euapp01.newsmemory.com\/lamarseillaise\/news\/wp-json\/wp\/v2\/types\/post"}],"author":[{"embeddable":true,"href":"https:\/\/euapp01.newsmemory.com\/lamarseillaise\/news\/wp-json\/wp\/v2\/users\/1"}],"replies":[{"embeddable":true,"href":"https:\/\/euapp01.newsmemory.com\/lamarseillaise\/news\/wp-json\/wp\/v2\/comments?post=37911"}],"version-history":[{"count":1,"href":"https:\/\/euapp01.newsmemory.com\/lamarseillaise\/news\/wp-json\/wp\/v2\/posts\/37911\/revisions"}],"predecessor-version":[{"id":37913,"href":"https:\/\/euapp01.newsmemory.com\/lamarseillaise\/news\/wp-json\/wp\/v2\/posts\/37911\/revisions\/37913"}],"wp:featuredmedia":[{"embeddable":true,"href":"https:\/\/euapp01.newsmemory.com\/lamarseillaise\/news\/wp-json\/wp\/v2\/media\/37912"}],"wp:attachment":[{"href":"https:\/\/euapp01.newsmemory.com\/lamarseillaise\/news\/wp-json\/wp\/v2\/media?parent=37911"}],"wp:term":[{"taxonomy":"category","embeddable":true,"href":"https:\/\/euapp01.newsmemory.com\/lamarseillaise\/news\/wp-json\/wp\/v2\/categories?post=37911"},{"taxonomy":"post_tag","embeddable":true,"href":"https:\/\/euapp01.newsmemory.com\/lamarseillaise\/news\/wp-json\/wp\/v2\/tags?post=37911"},{"taxonomy":"news-destination","embeddable":true,"href":"https:\/\/euapp01.newsmemory.com\/lamarseillaise\/news\/wp-json\/wp\/v2\/news-destination?post=37911"},{"taxonomy":"news-source","embeddable":true,"href":"https:\/\/euapp01.newsmemory.com\/lamarseillaise\/news\/wp-json\/wp\/v2\/news-source?post=37911"},{"taxonomy":"is_homepage","embeddable":true,"href":"https:\/\/euapp01.newsmemory.com\/lamarseillaise\/news\/wp-json\/wp\/v2\/is_homepage?post=37911"},{"taxonomy":"ta_other","embeddable":true,"href":"https:\/\/euapp01.newsmemory.com\/lamarseillaise\/news\/wp-json\/wp\/v2\/ta_other?post=37911"}],"curies":[{"name":"wp","href":"https:\/\/api.w.org\/{rel}","templated":true}]}}