{"id":37908,"date":"2026-07-30T09:26:00","date_gmt":"2026-07-30T07:26:00","guid":{"rendered":"https:\/\/euapp01.newsmemory.com\/lamarseillaise\/news\/?p=37908"},"modified":"2026-08-05T08:23:31","modified_gmt":"2026-08-05T06:23:31","slug":"cest-lete-a-avignon-une-virgule-a-point-nomme","status":"publish","type":"post","link":"https:\/\/euapp01.newsmemory.com\/lamarseillaise\/news\/2026\/07\/30\/cest-lete-a-avignon-une-virgule-a-point-nomme\/","title":{"rendered":"[C\u2019est l\u2019\u00e9t\u00e9] \u00c0 Avignon, une Virgule \u00e0 point nomm\u00e9"},"content":{"rendered":"<div class=\"paragraph\">\n<p>Le 2\u00a0juillet dernier, c\u2019est un Jean Castex tout sourire et un peu empreint de nostalgie qui d\u00e9barque en gare d\u2019Avignon centre, apr\u00e8s avoir emprunt\u00e9 la Virgule, ce court trajet de 4\u00a0km et 5\u00a0minutes qui relie la gare TGV. Le PDG de la SNCF ne tarde pas \u00e0 confier que se trouver ici lui \u00ab\u00a0<i>rappelle quelques souvenirs<\/i>\u00a0\u00bb. Car l\u2019ex-Premier ministre a occup\u00e9 le poste de secr\u00e9taire g\u00e9n\u00e9ral de la pr\u00e9fecture de Vaucluse entre\u00a01999 et\u00a02001. \u00ab\u00a0<i>Dans mes attributions, j\u2019avais en charge de pr\u00e9parer l\u2019ouverture de la gare d\u2019Avignon TGV<\/i>\u00a0\u00bb, se rem\u00e9more-t-il. Il n\u2019\u00e9tait plus en poste quand, douze ans plus tard la Virgule a \u00e9t\u00e9 mise en service. \u00ab<i>\u00a0<\/i><i>Avignon a la chance d\u2019avoir ces deux gares connect\u00e9es<\/i> [\u00e0 la diff\u00e9rence d\u2019Aix-en-Provence notamment], <i>aujourd\u2019hui cela fonctionne mais, reportez-vous dans les archives, il en a fallu des r\u00e9unions pour que le projet marche<\/i><i>\u00a0<\/i>\u00bb, rappelle encore Jean Castex.<\/p>\n<\/p><\/div>\n<div class=\"intext\"> \u00ab\u00a0Pratique\u00a0\u00bb, elle \u00ab\u00a0\u00e9vite de prendre un bus ou un taxi\u00a0\u00bb\n              <\/div>\n<div class=\"paragraph\">\n<p>Quelques jours plus tard, en ce samedi de la mi-juillet, l\u2019historique de la Virgule est loin d\u2019\u00eatre la pr\u00e9occupation des passagers en gare TGV. Le flot de passagers d\u00e9barquant de la Virgule presse le pas dans le brouhaha des valises \u00e0 roulette. \u00ab<i>\u00a0<\/i><i>Je n\u2019ai que 10<\/i><i>\u00a0<\/i><i>minutes pour attraper mon TGV pour Strasbourg<\/i>\u00a0\u00bb, nous r\u00e9pond un homme sans qu\u2019on ait le temps d\u2019en savoir plus. Les deux voies A et B de la Virgule ont leur espace d\u2019attente propre en parall\u00e8le du quai nord, afin de permettre une correspondance quai \u00e0 quai. \u00ab\u00a0<i>Je suis arriv\u00e9e de Nice, j\u2019attends le TER pour aller dans le centre et profiter du Festival, \u00e7a \u00e9vite de prendre un bus ou un taxi<\/i><i>\u00a0<\/i>\u00bb, appr\u00e9cie Julie. Adam, \u00e9tudiant \u00e0 Paris, d\u00e9marre ses vacances pour revenir chez ses parents&#8230; absents. \u00ab\u00a0<i>Ils ne sont pas loin de l\u2019intra-muros, c\u2019est pratique pour rentrer sans sortir de la gare<\/i><i>\u00a0<\/i>\u00bb, salue-t-il. Pas de b\u00e9mol en ce samedi mais on sait parfois que les d\u00e9lais entre l\u2019arriv\u00e9e en gare TGV et le d\u00e9part vers le centre peuvent avoisiner la demi-heure, malgr\u00e9 une trentaine d\u2019allers-retours effectu\u00e9s jusqu\u2019\u00e0 environ 21h depuis Avignon centre et 22h en partance de la gare TGV, soit avant les derni\u00e8res arriv\u00e9es.<\/p>\n<p>Le chantier, d\u2019un montant total de 38\u00a0millions d\u2019euros, a n\u00e9cessit\u00e9 deux ans et demi de travaux avant sa mise en service le 15\u00a0d\u00e9cembre 2013. Dans le d\u00e9tail, sur les 4\u00a0km de ligne, un seul kilom\u00e8tre nouveau a d\u00fb \u00eatre construit depuis la gare TGV pour ensuite raccorder le r\u00e9seau Paris-Lyon-M\u00e9diterran\u00e9e (PLM). Deux nouvelles voies de terminus TER ont vu le jour \u00e0 Avignon TGV, entra\u00eenant la cr\u00e9ation d\u2019un nouveau quai de 175\u00a0m de long. C\u00f4t\u00e9 g\u00e9nie civil, un pont-rail de 22\u00a0m de long pour le franchissement de l\u2019\u00e9changeur routier de la gare a \u00e9t\u00e9 b\u00e2ti ainsi qu\u2019une tranch\u00e9e couverte sous la plateforme PLM pour permettre le raccordement de la nouvelle ligne \u00e0 la voie classique.<\/p>\n<\/p><\/div>\n<div class=\"intext\"> Une desserte locale vers Carpentras ou Cavaillon\n              <\/div>\n<div class=\"paragraph\">\n<p>\u00ab\u00a0<i>Cette nouvelle liaison entre Avignon TGV et Avignon centre renforcera l\u2019offre de services ferroviaires r\u00e9gionaux autour d\u2019Avignon<\/i>, esp\u00e9rait la SNCF il y a 15\u00a0ans, lors de la pose de la premi\u00e8re pierre le 27\u00a0juin 2011. <i>En assurant une desserte de la gare d\u2019Avignon TGV par des TER d\u2019origines multiples, cette connexion apporte une r\u00e9ponse efficace \u00e0 l\u2019important d\u00e9veloppement \u00e9conomique et urbain rencontr\u00e9 par les bassins de vie alentour et \u00e0 l\u2019engorgement routier.<\/i>\u00a0\u00bb Cette Virgule peut desservir \u00e9galement Cavaillon et Carpentras &#8211;\u00a0depuis la r\u00e9ouverture de la ligne en 2015\u00a0&#8211; et les plus petites communes sur leurs trajets (Entraigues, Sorgues, L\u2019Isle-sur-la-Sorgue, Mori\u00e8res, Saint-Saturnin, le Thor&#8230;) sans rupture de charge. Quelque 2\u00a0000\u00a0voyageurs par jour \u00e9taient attendus lors de la cr\u00e9ation de la Virgule. Aujourd\u2019hui, SNCF Voyageurs refuse de communiquer les donn\u00e9es de fr\u00e9quentation, \u00ab\u00a0<i>\u00e9tant donn\u00e9 que nous \u00e9voluons d\u00e9sormais dans un contexte concurrentiel<\/i><i>\u00a0<\/i>\u00bb, nous r\u00e9pond l\u2019op\u00e9rateur.<\/p>\n<\/p><\/div>\n","protected":false},"excerpt":{"rendered":"Le 2&nbsp;juillet dernier, c&rsquo;est un Jean Castex tout sourire et un peu empreint de nostalgie qui d&eacute;barque en gare d&rsquo;Avignon centre, apr&egrave;s avoir emprunt&eacute; la Virgule, ce court trajet de 4&nbsp;km et 5&nbsp;minutes qui &#8230;","protected":false},"author":1,"featured_media":37909,"comment_status":"open","ping_status":"open","sticky":false,"template":"","format":"standard","meta":{"footnotes":""},"categories":[3926,3925,20],"tags":[495,174,6085,1619,674,1034,1388,137,348,870,666,171,1331],"news-destination":[3944],"news-source":[475],"is_homepage":[],"ta_other":[],"class_list":["post-37908","post","type-post","status-publish","format-standard","has-post-thumbnail","hentry","category-accueil-merge","category-accueil-third","category-societe","tag-495","tag-avignon","tag-cest-lete","tag-chantier","tag-gares","tag-reportage","tag-sncf","tag-territoire","tag-train","tag-trains","tag-transports","tag-vaucluse","tag-voyageurs","news-destination-homepage","news-source-website"],"_links":{"self":[{"href":"https:\/\/euapp01.newsmemory.com\/lamarseillaise\/news\/wp-json\/wp\/v2\/posts\/37908","targetHints":{"allow":["GET"]}}],"collection":[{"href":"https:\/\/euapp01.newsmemory.com\/lamarseillaise\/news\/wp-json\/wp\/v2\/posts"}],"about":[{"href":"https:\/\/euapp01.newsmemory.com\/lamarseillaise\/news\/wp-json\/wp\/v2\/types\/post"}],"author":[{"embeddable":true,"href":"https:\/\/euapp01.newsmemory.com\/lamarseillaise\/news\/wp-json\/wp\/v2\/users\/1"}],"replies":[{"embeddable":true,"href":"https:\/\/euapp01.newsmemory.com\/lamarseillaise\/news\/wp-json\/wp\/v2\/comments?post=37908"}],"version-history":[{"count":1,"href":"https:\/\/euapp01.newsmemory.com\/lamarseillaise\/news\/wp-json\/wp\/v2\/posts\/37908\/revisions"}],"predecessor-version":[{"id":37910,"href":"https:\/\/euapp01.newsmemory.com\/lamarseillaise\/news\/wp-json\/wp\/v2\/posts\/37908\/revisions\/37910"}],"wp:featuredmedia":[{"embeddable":true,"href":"https:\/\/euapp01.newsmemory.com\/lamarseillaise\/news\/wp-json\/wp\/v2\/media\/37909"}],"wp:attachment":[{"href":"https:\/\/euapp01.newsmemory.com\/lamarseillaise\/news\/wp-json\/wp\/v2\/media?parent=37908"}],"wp:term":[{"taxonomy":"category","embeddable":true,"href":"https:\/\/euapp01.newsmemory.com\/lamarseillaise\/news\/wp-json\/wp\/v2\/categories?post=37908"},{"taxonomy":"post_tag","embeddable":true,"href":"https:\/\/euapp01.newsmemory.com\/lamarseillaise\/news\/wp-json\/wp\/v2\/tags?post=37908"},{"taxonomy":"news-destination","embeddable":true,"href":"https:\/\/euapp01.newsmemory.com\/lamarseillaise\/news\/wp-json\/wp\/v2\/news-destination?post=37908"},{"taxonomy":"news-source","embeddable":true,"href":"https:\/\/euapp01.newsmemory.com\/lamarseillaise\/news\/wp-json\/wp\/v2\/news-source?post=37908"},{"taxonomy":"is_homepage","embeddable":true,"href":"https:\/\/euapp01.newsmemory.com\/lamarseillaise\/news\/wp-json\/wp\/v2\/is_homepage?post=37908"},{"taxonomy":"ta_other","embeddable":true,"href":"https:\/\/euapp01.newsmemory.com\/lamarseillaise\/news\/wp-json\/wp\/v2\/ta_other?post=37908"}],"curies":[{"name":"wp","href":"https:\/\/api.w.org\/{rel}","templated":true}]}}