{"id":37905,"date":"2026-07-30T09:06:00","date_gmt":"2026-07-30T07:06:00","guid":{"rendered":"https:\/\/euapp01.newsmemory.com\/lamarseillaise\/news\/?p=37905"},"modified":"2026-07-30T10:09:13","modified_gmt":"2026-07-30T08:09:13","slug":"cest-lete-de-la-musique-de-chambre-depoussieree-a-salon","status":"publish","type":"post","link":"https:\/\/euapp01.newsmemory.com\/lamarseillaise\/news\/2026\/07\/30\/cest-lete-de-la-musique-de-chambre-depoussieree-a-salon\/","title":{"rendered":"[C\u2019est l\u2019\u00e9t\u00e9] De la musique de chambre d\u00e9poussi\u00e9r\u00e9e \u00e0 Salon"},"content":{"rendered":"<div class=\"paragraph\">\n<p>Destin\u00e9e \u00e0 l\u2019origine \u00e0 de petits ensembles musicaux, la musique de chambre charme les amateurs de musique classique depuis la p\u00e9riode baroque, au XVII<sup>e<\/sup>\u00a0si\u00e8cle. Un genre encore cultiv\u00e9 par de nombreuses formations comme l\u2019illustre la 34<sup>e<\/sup>\u00a0\u00e9dition du Festival international de musique de chambre de Salon-de-Provence dont les trois coups sonnent samedi 1<sup>er<\/sup>\u00a0ao\u00fbt \u00e0 midi \u00e0 l\u2019Abbaye de Sainte Croix par une performance de Frank Braley. Ce pianiste y pr\u00e9sentera un programme con\u00e7u fa\u00e7on \u00ab\u00a0<i>cabinet de curiosit\u00e9s<\/i>\u00a0\u00bb. Un voyage surfant sur les touches noires et blanches si ch\u00e8res \u00e0 son c\u0153ur, des <i>Pr\u00e9ludes<\/i> de Debussy (1913) jusqu\u2019au <i>Ghost Rags<\/i> de William Bolcom, en passant par des standards jazz de Gershwin, \u00e9poque com\u00e9die musicales de Broadway, comme <i>The Man I Love<\/i>. La journ\u00e9e d\u2019ouverture de cette manifestation, 34<sup>e<\/sup> du nom, fera aussi escale \u00e0 21h au Ch\u00e2teau de l\u2019Emp\u00e9ri. Au menu, un plateau de musiciens chevronn\u00e9s montrant les multiples facettes de la musique de chambre. Leur r\u00e9pertoire piochera aussi bien du c\u00f4t\u00e9 de compositeurs tels que Nino Rota ou Aram Khatchatourian, qui rappellent \u00e0 quel point le style \u00ab\u00a0<i>peut \u00eatre th\u00e9\u00e2tral et cin\u00e9matographique<\/i>\u00a0\u00bb, situent les organisateurs, que dans <i>L\u2019art de la fugue<\/i> de Bach, dont \u00ab<i>\u00a0<\/i><i>les lignes, rigoureuses et implacables<\/i>\u00a0\u00bb voient leur rythme \u00ab\u00a0<i>respirer autrement<\/i><i>\u00a0<\/i>\u00bb sous la maestria du trio Belli (trombone), Fischer (percussions) Rimmer (piano). \u00ab\u00a0<i>Trois si\u00e8cles plus tard, la m\u00e9canique du contrepoint continue d\u2019avancer avec une \u00e9trange \u00e9nergie<\/i>\u00a0\u00bb, indique le programme du festival qui va jusqu\u2019\u00e0 comparer\u00a0: \u00ab\u00a0<i>Presque du groove.<\/i>\u00a0\u00bb<\/p>\n<\/p><\/div>\n<div class=\"intext\"> Cor\u00e9e du Sud \u00e0 l\u2019honneur\n              <\/div>\n<div class=\"paragraph\">\n<p>\u00ab\u00a0<i>La musique de chambre est si vaste qu\u2019elle va de la musique baroque qu\u2019on jouait dans une \u00e9glise au sein d\u2019une petite formation jusqu\u2019\u00e0 la musique contemporaine avec de l\u2019\u00e9lectronique. La musique de chambre, c\u2019est tout ce qu\u2019il y a entre l\u2019orchestre et le soliste<\/i><i>\u00a0<\/i>\u00bb, aime \u00e0 rappeler Eric Le Sage, parmi les fondateurs du festival salonais. Jalonnant le programme de son doigt\u00e9 contagieux, ce pianiste chevronn\u00e9 sera d\u2019ailleurs, entre autres, \u00e0 l\u2019affiche du 2\u00a0ao\u00fbt, pour un programme autour de Leonard Bernstein et des <i>Symphonic Dances<\/i> de <i>West Side Story<\/i>, \u00ab\u00a0<i>condens\u00e9 orchestral de la com\u00e9die musicale<\/i><i>\u00a0<\/i>\u00bb.<\/p>\n<p>Signe de l\u2019ouverture d\u2019une musique victime de proc\u00e8s en d\u00e9su\u00e9tude, le festival international de musique de chambre de Salon invitera aussi le 5\u00a0ao\u00fbt au Ch\u00e2teau de l\u2019Emp\u00e9ri Lambert Wilson. Acteur reconnu, le voil\u00e0 transform\u00e9 en baryton \u00ab\u00a0<i>espi\u00e8gle<\/i><i>\u00a0<\/i>\u00bb piochant du c\u00f4t\u00e9 de Poulenc comme de Stravinsky. La clarinettiste Yebin Seo et la violoncelliste Danbin Lee seront \u00e9galement de la partie, tous deux \u00ab\u00a0<i>membres de l\u2019Arko Ensemble, plac\u00e9 sous la direction artistique de Jae-Yeon Won. Le fruit d\u2019un investissement remarquable de la Cor\u00e9e du Sud dans la formation de ses musiciens classiques depuis 20<\/i><i>\u00a0<\/i><i>ans. Les Cor\u00e9ens consid\u00e8rent Salon comme le foyer de l\u2019\u00c9cole fran\u00e7aise de musique de chambre<\/i>\u00a0\u00bb.<\/p>\n<\/p><\/div>\n<div class=\"paragraph\">\n<p><i>www.festival-salon.fr<\/i><\/p>\n<\/p><\/div>\n","protected":false},"excerpt":{"rendered":"Destin&eacute;e &agrave; l&rsquo;origine &agrave; de petits ensembles musicaux, la musique de chambre charme les amateurs de musique classique depuis la p&eacute;riode baroque, au XVIIe&nbsp;si&egrave;cle. Un genre encore cultiv&eacute; par de &#8230;","protected":false},"author":1,"featured_media":37906,"comment_status":"open","ping_status":"open","sticky":false,"template":"","format":"standard","meta":{"footnotes":""},"categories":[32],"tags":[6184,10,6085,919,4481,329,325,1310,1148,1313,1241],"news-destination":[],"news-source":[475],"is_homepage":[],"ta_other":[],"class_list":["post-37905","post","type-post","status-publish","format-standard","has-post-thumbnail","hentry","category-culture","tag-baroque","tag-bouches-du-rhone","tag-cest-lete","tag-cinema","tag-comedie-musicale","tag-festival","tag-musique","tag-musique-classique","tag-performance","tag-salon-de-provence","tag-theatre","news-source-website"],"_links":{"self":[{"href":"https:\/\/euapp01.newsmemory.com\/lamarseillaise\/news\/wp-json\/wp\/v2\/posts\/37905","targetHints":{"allow":["GET"]}}],"collection":[{"href":"https:\/\/euapp01.newsmemory.com\/lamarseillaise\/news\/wp-json\/wp\/v2\/posts"}],"about":[{"href":"https:\/\/euapp01.newsmemory.com\/lamarseillaise\/news\/wp-json\/wp\/v2\/types\/post"}],"author":[{"embeddable":true,"href":"https:\/\/euapp01.newsmemory.com\/lamarseillaise\/news\/wp-json\/wp\/v2\/users\/1"}],"replies":[{"embeddable":true,"href":"https:\/\/euapp01.newsmemory.com\/lamarseillaise\/news\/wp-json\/wp\/v2\/comments?post=37905"}],"version-history":[{"count":1,"href":"https:\/\/euapp01.newsmemory.com\/lamarseillaise\/news\/wp-json\/wp\/v2\/posts\/37905\/revisions"}],"predecessor-version":[{"id":37907,"href":"https:\/\/euapp01.newsmemory.com\/lamarseillaise\/news\/wp-json\/wp\/v2\/posts\/37905\/revisions\/37907"}],"wp:featuredmedia":[{"embeddable":true,"href":"https:\/\/euapp01.newsmemory.com\/lamarseillaise\/news\/wp-json\/wp\/v2\/media\/37906"}],"wp:attachment":[{"href":"https:\/\/euapp01.newsmemory.com\/lamarseillaise\/news\/wp-json\/wp\/v2\/media?parent=37905"}],"wp:term":[{"taxonomy":"category","embeddable":true,"href":"https:\/\/euapp01.newsmemory.com\/lamarseillaise\/news\/wp-json\/wp\/v2\/categories?post=37905"},{"taxonomy":"post_tag","embeddable":true,"href":"https:\/\/euapp01.newsmemory.com\/lamarseillaise\/news\/wp-json\/wp\/v2\/tags?post=37905"},{"taxonomy":"news-destination","embeddable":true,"href":"https:\/\/euapp01.newsmemory.com\/lamarseillaise\/news\/wp-json\/wp\/v2\/news-destination?post=37905"},{"taxonomy":"news-source","embeddable":true,"href":"https:\/\/euapp01.newsmemory.com\/lamarseillaise\/news\/wp-json\/wp\/v2\/news-source?post=37905"},{"taxonomy":"is_homepage","embeddable":true,"href":"https:\/\/euapp01.newsmemory.com\/lamarseillaise\/news\/wp-json\/wp\/v2\/is_homepage?post=37905"},{"taxonomy":"ta_other","embeddable":true,"href":"https:\/\/euapp01.newsmemory.com\/lamarseillaise\/news\/wp-json\/wp\/v2\/ta_other?post=37905"}],"curies":[{"name":"wp","href":"https:\/\/api.w.org\/{rel}","templated":true}]}}