{"id":37902,"date":"2026-07-30T09:07:00","date_gmt":"2026-07-30T07:07:00","guid":{"rendered":"https:\/\/euapp01.newsmemory.com\/lamarseillaise\/news\/?p=37902"},"modified":"2026-07-30T10:09:13","modified_gmt":"2026-07-30T08:09:13","slug":"cest-lete-legendes-marseillaises-et-cubaines-sur-le-vieux-port","status":"publish","type":"post","link":"https:\/\/euapp01.newsmemory.com\/lamarseillaise\/news\/2026\/07\/30\/cest-lete-legendes-marseillaises-et-cubaines-sur-le-vieux-port\/","title":{"rendered":"[C\u2019est l\u2019\u00e9t\u00e9] L\u00e9gendes marseillaises et cubaines sur le Vieux-Port"},"content":{"rendered":"<div class=\"paragraph\">\n<p>Au niveau de l\u2019H\u00f4tel de Ville, la Bonne m\u00e8re en toile de fond. Un d\u00e9cor on ne peut plus raccord avec le concert du Rat Luciano, \u00e0 quelques encablures du Panier, quartier historique dans lequel il a laiss\u00e9 tra\u00eener ses gu\u00eatres durant des d\u00e9cennies. Pr\u00e9vu vendredi 31 juillet \u00e0 partir de 20h30, un \u00e9v\u00e9nement gratuit organis\u00e9 par la Ville dans le cadre de l\u2019\u00c9t\u00e9 marseillais qui octroie \u00ab<i>\u00a0<\/i><i>carte blanche<\/i><i>\u00a0<\/i>\u00bb \u00e0 cette l\u00e9gende du hip-hop qui sera \u00ab\u00a0<i>accompagn\u00e9 de plusieurs invit\u00e9s. Une c\u00e9l\u00e9bration de la musique, de la cr\u00e9ation et de l\u2019histoire du rap<\/i>\u00a0\u00bb, indique la municipalit\u00e9. En son centre, Le Rat Luciano aura l\u2019occasion d\u2019alterner entre son album culte <i>Mode de vie b\u00e9ton style<\/i>, sorti en 2000, et son dernier opus en date, <i>Magma<\/i>. Eruptions volcaniques garanties avec ce projet qui lui permet de prouver qu\u2019il n\u2019a rien perdu de sa verve. Des titres <i>Phares \u00e9teints<\/i> \u00e0 <i>Baiser froid<\/i>, un choc thermique assur\u00e9 par ce boxeur d\u2019instrus aux rimes intemporelles.<\/p>\n<\/p><\/div>\n<div class=\"intext\"> Le son de Cuba\n              <\/div>\n<div class=\"paragraph\">\n<p>Le lendemain soir, sur cette m\u00eame \u00ab\u00a0Sc\u00e8ne sur l\u2019eau\u00a0\u00bb, changement d\u2019ambiance, visiblement encore plus \u00ab\u00a0caliente\u00a0\u00bb. Et pour cause, au tour du Buena Vista Orchestra de prendre le relais m\u00e9lodieux pour donner un aper\u00e7u de ce que la musique afro-cubaine a fait de plus beau. R\u00e9unissant certains piliers du Buena Vista Social Club et de l\u2019Afro Cuban All Stars, \u00ab\u00a0<i>un orchestre de virtuose qui fait battre le c\u0153ur de La<\/i><i>\u00a0<\/i><i>Havane<\/i><i>\u00a0<\/i>\u00bb, offrant au public marseillais \u00ab\u00a0<i>une immersion totale dans l\u2019histoire musicale de l\u2019\u00eele<\/i><i>\u00a0<\/i>\u00bb, campe la Ville. Dirig\u00e9e par le violoniste Rolando Morejon Reyes, une ode \u00e0 la richesse artistique cubaine qui fait swinguer un r\u00e9pertoire pluris\u00e9culaire \u00e0 coups de cuivres et de percussions comme peu d\u2019autres les ma\u00eetrisent.<\/p>\n<\/p><\/div>\n","protected":false},"excerpt":{"rendered":"Au niveau de l&rsquo;H&ocirc;tel de Ville, la Bonne m&egrave;re en toile de fond. Un d&eacute;cor on ne peut plus raccord avec le concert du Rat Luciano, &agrave; quelques encablures du Panier, quartier historique dans lequel il a laiss&eacute; &#8230;","protected":false},"author":1,"featured_media":37903,"comment_status":"open","ping_status":"open","sticky":false,"template":"","format":"standard","meta":{"footnotes":""},"categories":[32],"tags":[10,6085,400,3190,1083,1308,16,325,3189,935,99],"news-destination":[],"news-source":[475],"is_homepage":[],"ta_other":[],"class_list":["post-37902","post","type-post","status-publish","format-standard","has-post-thumbnail","hentry","category-culture","tag-bouches-du-rhone","tag-cest-lete","tag-concerts","tag-cuba","tag-gratuit","tag-lete-marseillais","tag-marseille","tag-musique","tag-rap","tag-vieux-port","tag-ville-de-marseille","news-source-website"],"_links":{"self":[{"href":"https:\/\/euapp01.newsmemory.com\/lamarseillaise\/news\/wp-json\/wp\/v2\/posts\/37902","targetHints":{"allow":["GET"]}}],"collection":[{"href":"https:\/\/euapp01.newsmemory.com\/lamarseillaise\/news\/wp-json\/wp\/v2\/posts"}],"about":[{"href":"https:\/\/euapp01.newsmemory.com\/lamarseillaise\/news\/wp-json\/wp\/v2\/types\/post"}],"author":[{"embeddable":true,"href":"https:\/\/euapp01.newsmemory.com\/lamarseillaise\/news\/wp-json\/wp\/v2\/users\/1"}],"replies":[{"embeddable":true,"href":"https:\/\/euapp01.newsmemory.com\/lamarseillaise\/news\/wp-json\/wp\/v2\/comments?post=37902"}],"version-history":[{"count":1,"href":"https:\/\/euapp01.newsmemory.com\/lamarseillaise\/news\/wp-json\/wp\/v2\/posts\/37902\/revisions"}],"predecessor-version":[{"id":37904,"href":"https:\/\/euapp01.newsmemory.com\/lamarseillaise\/news\/wp-json\/wp\/v2\/posts\/37902\/revisions\/37904"}],"wp:featuredmedia":[{"embeddable":true,"href":"https:\/\/euapp01.newsmemory.com\/lamarseillaise\/news\/wp-json\/wp\/v2\/media\/37903"}],"wp:attachment":[{"href":"https:\/\/euapp01.newsmemory.com\/lamarseillaise\/news\/wp-json\/wp\/v2\/media?parent=37902"}],"wp:term":[{"taxonomy":"category","embeddable":true,"href":"https:\/\/euapp01.newsmemory.com\/lamarseillaise\/news\/wp-json\/wp\/v2\/categories?post=37902"},{"taxonomy":"post_tag","embeddable":true,"href":"https:\/\/euapp01.newsmemory.com\/lamarseillaise\/news\/wp-json\/wp\/v2\/tags?post=37902"},{"taxonomy":"news-destination","embeddable":true,"href":"https:\/\/euapp01.newsmemory.com\/lamarseillaise\/news\/wp-json\/wp\/v2\/news-destination?post=37902"},{"taxonomy":"news-source","embeddable":true,"href":"https:\/\/euapp01.newsmemory.com\/lamarseillaise\/news\/wp-json\/wp\/v2\/news-source?post=37902"},{"taxonomy":"is_homepage","embeddable":true,"href":"https:\/\/euapp01.newsmemory.com\/lamarseillaise\/news\/wp-json\/wp\/v2\/is_homepage?post=37902"},{"taxonomy":"ta_other","embeddable":true,"href":"https:\/\/euapp01.newsmemory.com\/lamarseillaise\/news\/wp-json\/wp\/v2\/ta_other?post=37902"}],"curies":[{"name":"wp","href":"https:\/\/api.w.org\/{rel}","templated":true}]}}