{"id":37899,"date":"2026-07-30T09:03:00","date_gmt":"2026-07-30T07:03:00","guid":{"rendered":"https:\/\/euapp01.newsmemory.com\/lamarseillaise\/news\/?p=37899"},"modified":"2026-08-05T07:55:21","modified_gmt":"2026-08-05T05:55:21","slug":"cest-lete-soiree-theatre-avec-le-petit-festival-de-la-foret-a-gardanne","status":"publish","type":"post","link":"https:\/\/euapp01.newsmemory.com\/lamarseillaise\/news\/2026\/07\/30\/cest-lete-soiree-theatre-avec-le-petit-festival-de-la-foret-a-gardanne\/","title":{"rendered":"[C\u2019est l\u2019\u00e9t\u00e9] Soir\u00e9e th\u00e9\u00e2tre avec Le petit festival de la for\u00eat \u00e0 Gardanne"},"content":{"rendered":"<div class=\"paragraph\">\n<p>Cette ann\u00e9e, Le petit festival de la for\u00eat organis\u00e9 depuis trois ans par l\u2019association Marseille en sc\u00e8ne et sa compagnie de th\u00e9\u00e2tre le Funny Musical devait prendre de l\u2019ampleur. Au lieu de trois soir\u00e9es habituellement propos\u00e9es, une quatri\u00e8me devait s\u2019y ajouter. Mais au lieu de cela, une seule pi\u00e8ce de th\u00e9\u00e2tre est finalement maintenue. \u00ab\u00a0<i>Cette d\u00e9cision fait suite \u00e0 l\u2019absence de d\u00e9cision de la M\u00e9tropole concernant les subventions culturelles 2026 sur lesquelles le festival comptait pour assurer sa survie. Sans ce financement, il nous est malheureusement impossible de maintenir l\u2019\u00e9v\u00e9nement dans des conditions viables<\/i><i>\u00a0<\/i>\u00bb, confie Ma\u00eblys Saulnier, charg\u00e9e de production au sein de l\u2019association Marseille en Sc\u00e8ne. \u00ab\u00a0<i>Pour autant nous sommes contents de ce partenariat qui dure avec l\u2019<\/i><i><span class=\"mln_uppercase_mln\">\u00e9<\/span><\/i><i>comus\u00e9e qui gagne davantage \u00e0 \u00eatre connu.<\/i><i>\u00a0<\/i>\u00bb<\/p>\n<\/p><\/div>\n<div class=\"intext\"> Un lien interg\u00e9n\u00e9rationnel\n              <\/div>\n<div class=\"paragraph\">\n<p>\u00ab\u00a0<i>Le petit festival de la for\u00eat permet de donner acc\u00e8s \u00e0 la culture et au th\u00e9\u00e2tre \u00e0 la population locale, en ext\u00e9rieur dans une for\u00eat tr\u00e8s agr\u00e9able et chaleureuse, le tout dans une ambiance guinguette<\/i>\u00a0\u00bb, ajoute-t-elle. Sera donc pr\u00e9sent\u00e9e ce jeudi la pi\u00e8ce <i>Un Marseillais \u00e0 Paris<\/i>, cr\u00e9ation originale de la compagnie Funny Musical qui a \u00e9galement \u00e9t\u00e9 jou\u00e9e au Festival d\u2019Avignon. \u00ab\u00a0<i>C\u2019est une pi\u00e8ce qui parle de Vincent Scotto, un compositeur d\u2019origine marseillaise qui a \u00e9crit plus de 4<\/i><i>\u00a0<\/i><i>000<\/i><i>\u00a0<\/i><i>chansons connues du grand public. Pour autant, tr\u00e8s peu de gens connaissent sa vie et c\u2019est ce que nous avons voulu raconter<\/i>\u00a0\u00bb, explique Ma\u00eblys Saulnier. \u00ab\u00a0<i>La pi\u00e8ce a \u00e9t\u00e9 pens\u00e9e comme une com\u00e9die musicale avec certaines de ses chansons, le tout avec beaucoup d\u2019humour et de modernit\u00e9 pour un moment familial, accessible \u00e0 tous les \u00e2ges.<\/i><i>\u00a0<\/i>\u00bb<\/p>\n<p><i>Un Marseillais \u00e0 Paris<\/i> a donc pour objectif de rassembler les g\u00e9n\u00e9rations et de cr\u00e9er du lien entre les anciens \u00e0 qui parlent les chansons et les plus jeunes qui pourront d\u00e9couvrir un univers musical.<\/p>\n<\/p><\/div>\n<div class=\"paragraph\">\n<p><i>Spectacle \u00e0 21h. Ouverture \u00e0 19h.<\/i><\/p>\n<\/p><\/div>\n","protected":false},"excerpt":{"rendered":"Cette ann&eacute;e, Le petit festival de la for&ecirc;t organis&eacute; depuis trois ans par l&rsquo;association Marseille en sc&egrave;ne et sa compagnie de th&eacute;&acirc;tre le Funny Musical devait prendre de l&rsquo;ampleur. Au lieu de trois &#8230;","protected":false},"author":1,"featured_media":37900,"comment_status":"open","ping_status":"open","sticky":false,"template":"","format":"standard","meta":{"footnotes":""},"categories":[3926,3925,32],"tags":[10,6085,4706,754,329,418,831,16,671,325,571,2230,529,188,916],"news-destination":[3944],"news-source":[475],"is_homepage":[],"ta_other":[],"class_list":["post-37899","post","type-post","status-publish","format-standard","has-post-thumbnail","hentry","category-accueil-merge","category-accueil-third","category-culture","tag-bouches-du-rhone","tag-cest-lete","tag-chansons","tag-familles","tag-festival","tag-foret","tag-gardanne","tag-marseille","tag-metropole-aix-marseille","tag-musique","tag-paris","tag-scene","tag-spectacle","tag-spectacle-vivant","tag-subventions","news-destination-homepage","news-source-website"],"_links":{"self":[{"href":"https:\/\/euapp01.newsmemory.com\/lamarseillaise\/news\/wp-json\/wp\/v2\/posts\/37899","targetHints":{"allow":["GET"]}}],"collection":[{"href":"https:\/\/euapp01.newsmemory.com\/lamarseillaise\/news\/wp-json\/wp\/v2\/posts"}],"about":[{"href":"https:\/\/euapp01.newsmemory.com\/lamarseillaise\/news\/wp-json\/wp\/v2\/types\/post"}],"author":[{"embeddable":true,"href":"https:\/\/euapp01.newsmemory.com\/lamarseillaise\/news\/wp-json\/wp\/v2\/users\/1"}],"replies":[{"embeddable":true,"href":"https:\/\/euapp01.newsmemory.com\/lamarseillaise\/news\/wp-json\/wp\/v2\/comments?post=37899"}],"version-history":[{"count":1,"href":"https:\/\/euapp01.newsmemory.com\/lamarseillaise\/news\/wp-json\/wp\/v2\/posts\/37899\/revisions"}],"predecessor-version":[{"id":37901,"href":"https:\/\/euapp01.newsmemory.com\/lamarseillaise\/news\/wp-json\/wp\/v2\/posts\/37899\/revisions\/37901"}],"wp:featuredmedia":[{"embeddable":true,"href":"https:\/\/euapp01.newsmemory.com\/lamarseillaise\/news\/wp-json\/wp\/v2\/media\/37900"}],"wp:attachment":[{"href":"https:\/\/euapp01.newsmemory.com\/lamarseillaise\/news\/wp-json\/wp\/v2\/media?parent=37899"}],"wp:term":[{"taxonomy":"category","embeddable":true,"href":"https:\/\/euapp01.newsmemory.com\/lamarseillaise\/news\/wp-json\/wp\/v2\/categories?post=37899"},{"taxonomy":"post_tag","embeddable":true,"href":"https:\/\/euapp01.newsmemory.com\/lamarseillaise\/news\/wp-json\/wp\/v2\/tags?post=37899"},{"taxonomy":"news-destination","embeddable":true,"href":"https:\/\/euapp01.newsmemory.com\/lamarseillaise\/news\/wp-json\/wp\/v2\/news-destination?post=37899"},{"taxonomy":"news-source","embeddable":true,"href":"https:\/\/euapp01.newsmemory.com\/lamarseillaise\/news\/wp-json\/wp\/v2\/news-source?post=37899"},{"taxonomy":"is_homepage","embeddable":true,"href":"https:\/\/euapp01.newsmemory.com\/lamarseillaise\/news\/wp-json\/wp\/v2\/is_homepage?post=37899"},{"taxonomy":"ta_other","embeddable":true,"href":"https:\/\/euapp01.newsmemory.com\/lamarseillaise\/news\/wp-json\/wp\/v2\/ta_other?post=37899"}],"curies":[{"name":"wp","href":"https:\/\/api.w.org\/{rel}","templated":true}]}}