{"id":37893,"date":"2026-07-30T08:51:00","date_gmt":"2026-07-30T06:51:00","guid":{"rendered":"https:\/\/euapp01.newsmemory.com\/lamarseillaise\/news\/?p=37893"},"modified":"2026-07-30T10:09:13","modified_gmt":"2026-07-30T08:09:13","slug":"la-belle-campagne-des-freres-popov-en-asie","status":"publish","type":"post","link":"https:\/\/euapp01.newsmemory.com\/lamarseillaise\/news\/2026\/07\/30\/la-belle-campagne-des-freres-popov-en-asie\/","title":{"rendered":"La belle campagne des fr\u00e8res Popov en Asie"},"content":{"rendered":"<div class=\"paragraph\">\n<p>En deux semaines, les fr\u00e8res Popov ont montr\u00e9 qu\u2019il fallait d\u00e9sormais compter avec eux sur le circuit mondial.<\/p>\n<p>Christo a \u00e9t\u00e9 le premier \u00e0 d\u00e9gainer. Le cadet de la fratrie est all\u00e9 chercher son premier succ\u00e8s dans un Open\u00a0750, au Japon. Au passage, il s\u2019est offert des succ\u00e8s contre deux des meilleurs mondiaux. \u00ab\u00a0<i>C\u2019est un titre qui me revient mais qui revient aussi \u00e0 toute l\u2019\u00e9quipe qui m\u2019entoure et aussi \u00e0 la France. C\u2019\u00e9tait top de recevoir autant d\u2019encouragements, \u00e7a me fait chaud au c\u0153ur. C\u2019est top pour la France, je suis tr\u00e8s content.<\/i><i>\u00a0<\/i>\u00bb<\/p>\n<p>La semaine suivante, en Chine, alors que Christo \u00e9tait \u00e9limin\u00e9 en quart de finale, son fr\u00e8re a\u00een\u00e9 a pris le relais. <span class=\"mln_uppercase_mln\">\u00e0<\/span> Shangzhou, Toma junior a sorti le grand jeu, devenant le premier badiste tricolore \u00e0 se hisser en finale d\u2019un Open\u00a01000, \u00e9quivalent d\u2019un tournoi du Grand chelem en tennis.<\/p>\n<p>Celui que personne n\u2019attendait \u00e0 ce niveau-l\u00e0, a su hausser son niveau. Et faire douter le Ta\u00efwanais Chou Tien Chen en finale. Il a m\u00eame pris la deuxi\u00e8me manche, mais a craqu\u00e9 dans la troisi\u00e8me. \u00ab\u00a0<i>Je suis content de ma prestation, quand m\u00eame&#8230; J\u2019aurais aim\u00e9 pousser un peu plus loin, car c\u2019\u00e9tait une finale.<\/i><i>\u00a0<\/i>\u00bb<\/p>\n<p>Le Foss\u00e9en retient \u00ab\u00a0<i>la tr\u00e8s belle semaine<\/i><i>\u00a0<\/i>\u00bb et sa mani\u00e8re de ma\u00eetriser \u00ab\u00a0<i>des conditions de jeu tr\u00e8s, tr\u00e8s compliqu\u00e9es, que j\u2019ai su g\u00e9rer en m\u2019adaptant dans les moments clef<\/i><i>\u00a0<\/i>\u00bb. Il rappelle \u00ab\u00a0<i>j\u2019ai battu deux adversaires qui, d\u2019habitude, \u00e9taient plus forts que moi. Et dans la finale, je pense ne pas avoir d\u00e9m\u00e9rit\u00e9. Je regrette mon premier set, o\u00f9 je suis tr\u00e8s mal entr\u00e9 dans la partie<\/i><i>\u00a0<\/i>\u00bb.<\/p>\n<p>Christo et Toma junior Popov ont fait le plein de confiance. Ils peuvent d\u00e9sormais se focaliser sur leur prochaine, \u00e9ch\u00e9ance. Les championnats du Monde seront le point d\u2019orgue du calendrier. Et les r\u00e9sultats des Foss\u00e9ens vont booster la d\u00e9l\u00e9gation fran\u00e7aise. Rendez-vous du 17\u00a0au 23\u00a0ao\u00fbt, \u00e0 Dehli, en Inde.<\/p>\n<\/p><\/div>\n<div class=\"paragraph\">\n<p><i><a rel=\"nofollow noopener noreferrer\" href=\"https:\/\/www.ffbad.org\/\" target=\"_blank\">www.ffbad.org<\/a><\/i><\/p>\n<\/p><\/div>\n","protected":false},"excerpt":{"rendered":"En deux semaines, les fr&egrave;res Popov ont montr&eacute; qu&rsquo;il fallait d&eacute;sormais compter avec eux sur le circuit mondial.Christo a &eacute;t&eacute; le premier &agrave; d&eacute;gainer. Le cadet de la fratrie est all&eacute; chercher &#8230;","protected":false},"author":1,"featured_media":37894,"comment_status":"open","ping_status":"open","sticky":false,"template":"","format":"standard","meta":{"footnotes":""},"categories":[7],"tags":[1191,10,6183,1213,1162,1551,2171,1174,336,894,482,572,5184,341,6125,937,939,3403,1192,1233,1193,164,1618,928,3336],"news-destination":[],"news-source":[475],"is_homepage":[],"ta_other":[],"class_list":["post-37893","post","type-post","status-publish","format-standard","has-post-thumbnail","hentry","category-sports","tag-badminton","tag-bouches-du-rhone","tag-campagne","tag-championnat-du-monde","tag-championnats","tag-chaud","tag-chine","tag-circuit","tag-ete","tag-finale","tag-fos-sur-mer","tag-france","tag-inde","tag-japon","tag-junior","tag-le","tag-les","tag-ma","tag-monde","tag-photos","tag-popov","tag-resultats","tag-sa","tag-tennis","tag-tournoi","news-source-website"],"_links":{"self":[{"href":"https:\/\/euapp01.newsmemory.com\/lamarseillaise\/news\/wp-json\/wp\/v2\/posts\/37893","targetHints":{"allow":["GET"]}}],"collection":[{"href":"https:\/\/euapp01.newsmemory.com\/lamarseillaise\/news\/wp-json\/wp\/v2\/posts"}],"about":[{"href":"https:\/\/euapp01.newsmemory.com\/lamarseillaise\/news\/wp-json\/wp\/v2\/types\/post"}],"author":[{"embeddable":true,"href":"https:\/\/euapp01.newsmemory.com\/lamarseillaise\/news\/wp-json\/wp\/v2\/users\/1"}],"replies":[{"embeddable":true,"href":"https:\/\/euapp01.newsmemory.com\/lamarseillaise\/news\/wp-json\/wp\/v2\/comments?post=37893"}],"version-history":[{"count":1,"href":"https:\/\/euapp01.newsmemory.com\/lamarseillaise\/news\/wp-json\/wp\/v2\/posts\/37893\/revisions"}],"predecessor-version":[{"id":37895,"href":"https:\/\/euapp01.newsmemory.com\/lamarseillaise\/news\/wp-json\/wp\/v2\/posts\/37893\/revisions\/37895"}],"wp:featuredmedia":[{"embeddable":true,"href":"https:\/\/euapp01.newsmemory.com\/lamarseillaise\/news\/wp-json\/wp\/v2\/media\/37894"}],"wp:attachment":[{"href":"https:\/\/euapp01.newsmemory.com\/lamarseillaise\/news\/wp-json\/wp\/v2\/media?parent=37893"}],"wp:term":[{"taxonomy":"category","embeddable":true,"href":"https:\/\/euapp01.newsmemory.com\/lamarseillaise\/news\/wp-json\/wp\/v2\/categories?post=37893"},{"taxonomy":"post_tag","embeddable":true,"href":"https:\/\/euapp01.newsmemory.com\/lamarseillaise\/news\/wp-json\/wp\/v2\/tags?post=37893"},{"taxonomy":"news-destination","embeddable":true,"href":"https:\/\/euapp01.newsmemory.com\/lamarseillaise\/news\/wp-json\/wp\/v2\/news-destination?post=37893"},{"taxonomy":"news-source","embeddable":true,"href":"https:\/\/euapp01.newsmemory.com\/lamarseillaise\/news\/wp-json\/wp\/v2\/news-source?post=37893"},{"taxonomy":"is_homepage","embeddable":true,"href":"https:\/\/euapp01.newsmemory.com\/lamarseillaise\/news\/wp-json\/wp\/v2\/is_homepage?post=37893"},{"taxonomy":"ta_other","embeddable":true,"href":"https:\/\/euapp01.newsmemory.com\/lamarseillaise\/news\/wp-json\/wp\/v2\/ta_other?post=37893"}],"curies":[{"name":"wp","href":"https:\/\/api.w.org\/{rel}","templated":true}]}}