{"id":37890,"date":"2026-07-30T08:36:00","date_gmt":"2026-07-30T06:36:00","guid":{"rendered":"https:\/\/euapp01.newsmemory.com\/lamarseillaise\/news\/?p=37890"},"modified":"2026-08-05T07:33:48","modified_gmt":"2026-08-05T05:33:48","slug":"entretien-loukas-benard-cgt-foret-lenjeu-du-siecle-cest-de-transmettre-une-foret-resistante-et-adaptee","status":"publish","type":"post","link":"https:\/\/euapp01.newsmemory.com\/lamarseillaise\/news\/2026\/07\/30\/entretien-loukas-benard-cgt-foret-lenjeu-du-siecle-cest-de-transmettre-une-foret-resistante-et-adaptee\/","title":{"rendered":"[Entretien] Loukas Benard, CGT For\u00eat : \u00ab&nbsp;L\u2019enjeu du si\u00e8cle, c\u2019est de transmettre une for\u00eat r\u00e9sistante et adapt\u00e9e&nbsp;\u00bb"},"content":{"rendered":"<div class=\"paragraph\">\n<p><b>La Marseillaise<\/b><b>\u00a0<\/b><b>:<\/b><b> Quelles sont les difficult\u00e9s de l\u2019ONF en ce moment<\/b><b>\u00a0<\/b><b>?<\/b><\/p>\n<p>Loukas Benard\u00a0: Depuis les ann\u00e9es 1986, on a perdu la moiti\u00e9 de nos emplois. Plus r\u00e9cemment, en 2016, on \u00e9tait encore 9\u00a0300 \u00e0 l\u2019ONF. Aujourd\u2019hui, on n\u2019est plus que 8\u00a0200. Et sur ces 8\u00a0200 personnes, il y en a en r\u00e9alit\u00e9 500 emplois de type apprentissage. Donc on est plut\u00f4t de l\u2019ordre de 7\u00a0600\u00a0personnels \u00e0 l\u2019ONF. En revanche, sur le financement de la d\u00e9fense des for\u00eats contre les incendies, c\u2019est une mission d\u2019int\u00e9r\u00eat g\u00e9n\u00e9ral qui nous est confi\u00e9e. Et le volet DFCI (D\u00e9fense de la for\u00eat fran\u00e7aise contre les incendies) a \u00e9t\u00e9 rehauss\u00e9. \u00c0 l\u2019heure actuelle, on va dire qu\u2019on est \u00e0 peu pr\u00e8s \u00e0 33\u00a0millions d\u2019euros, donc on a une DFCI qui a quasiment tripl\u00e9 en sept ans.<\/p>\n<p><b>Pourquoi ne pas embaucher de nouveaux forestiers avec ce budget<\/b><b>\u00a0<\/b><b>?<\/b><\/p>\n<p>L.B.\u00a0: Malgr\u00e9 ce budget, on ne peut pas embaucher plus de personnels parce qu\u2019on a un plafond d\u2019emplois. On est un \u00e9tablissement public, donc c\u2019est l\u2019\u00c9tat qui va nous dire le nombre de postes autoris\u00e9s \u00e0 l\u2019ONF.<\/p>\n<p><b>Dans ce contexte de multiplication des incendies en France, quelles sont les cons\u00e9quences de ce manque de moyens humains<\/b><b>\u00a0<\/b><b>?<\/b><\/p>\n<p>L.B.\u00a0: La probl\u00e9matique que l\u2019ONF rencontre, c\u2019est la superposition des missions. Il nous manque des bras, on est \u00e0 l\u2019os. Il y a des nouvelles missions qui arrivent avec le changement climatique parce qu\u2019on doit prot\u00e9ger les for\u00eats contre les incendies et on doit reconstituer les peuplements qui subissent le changement climatique. D\u2019une certaine mani\u00e8re, on doit aussi r\u00e9apprendre notre m\u00e9tier. En fait, on se retrouve dans un cercle vicieux o\u00f9 on perd notre capacit\u00e9 \u00e0 transmettre une for\u00eat aux g\u00e9n\u00e9rations futures parce qu\u2019on essaye d\u2019emp\u00eacher la for\u00eat actuelle de cramer. Notre travail se g\u00e8re sur le long terme et l\u00e0 on est dans une logique de court terme.<\/p>\n<p><b>Combien de postes suppl\u00e9mentaires demandez-vous<\/b><b>\u00a0<\/b><b>?<\/b><\/p>\n<p>L.B.\u00a0: \u00c0 la CGT For\u00eat, on demande \u00e0 retrouver un minimum de 9\u00a0300\u00a0emplois p\u00e9rennes au total \u00e0 l\u2019ONF, soit 1\u00a0200\u00a0effectifs suppl\u00e9mentaires sur le prochain contrat qui courra jusqu\u2019en 2031. Ce qu\u2019on demande, c\u2019est de la visibilit\u00e9. C\u2019est que tout soit d\u00e9cid\u00e9 dans le contrat quinquennal et que les \u00e9l\u00e9ments soient donn\u00e9s sur le long terme. Mais malheureusement, les propositions de loi de finances peuvent affecter le contrat et le budget de l\u2019ONF.<\/p>\n<p><b>Quelles missions pourriez-vous renforcer avec plus de moyens<\/b><b>\u00a0<\/b><b>?<\/b><\/p>\n<p>L.B.\u00a0: Les moyens humains nous permettraient vraiment d\u2019adapter la sylviculture, notre gestion, mais aussi d\u2019\u00eatre plus pr\u00e9sents sur les massifs pour pouvoir r\u00e9duire encore un peu ce risque de DFCI. On va entretenir les infrastructures de DFCI qui permettent aux pompiers d\u2019acc\u00e9der aux massifs, c\u2019est-\u00e0-dire les pistes et les routes foresti\u00e8res, les citernes qui permettent de stocker de l\u2019eau en for\u00eat, les barri\u00e8res qui permettent de fermer les massifs et contr\u00f4ler l\u2019afflux des gens quand il y a des p\u00e9riodes d\u2019interdiction. On va aussi faire des patrouilles purement de pr\u00e9vention, o\u00f9 on va dire aux gens d\u2019avoir un comportement responsable et o\u00f9 on va surveiller les massifs. Il y a d\u2019autres types de patrouilles qui sont des patrouilles d\u2019intervention sur les petits feux, avec des 4&#215;4 et des cuves de 400\u00a0litres. Et quand il y a des plus gros feux, le r\u00f4le de l\u2019ONF, c\u2019est aussi de guider les secours en leur disant\u00a0: \u00ab\u00a0<i>L\u00e0, ce sont des peuplements qui sont assez inflammables<\/i>\u00a0\u00bb, ou bien \u00ab\u00a0<i>le vent va dans cette direction<\/i>\u00a0\u00bb.<\/p>\n<p><b>Quel est l\u2019enjeu actuel de l\u2019ONF<\/b><b>\u00a0<\/b><b>?<\/b><\/p>\n<p>L.B.\u00a0: L\u2019enjeu du si\u00e8cle c\u2019est de transmettre une for\u00eat qui soit r\u00e9sistante, r\u00e9siliente et adapt\u00e9e aux changements climatiques. On a vraiment un int\u00e9r\u00eat \u00e0 avoir une for\u00eat qui stocke du carbone, qui permet de fixer l\u2019eau, et de r\u00e9duire la pollution.<\/p>\n<\/p><\/div>\n","protected":false},"excerpt":{"rendered":"La Marseillaise&nbsp;: Quelles sont les difficult&eacute;s de l&rsquo;ONF en ce moment&nbsp;?","protected":false},"author":1,"featured_media":37891,"comment_status":"open","ping_status":"open","sticky":false,"template":"","format":"standard","meta":{"footnotes":""},"categories":[3926,3925,333,331],"tags":[3275,84,430,2506,113,207,309,343,913,418,572,3584,116,136,419,562],"news-destination":[3944],"news-source":[475],"is_homepage":[],"ta_other":[],"class_list":["post-37890","post","type-post","status-publish","format-standard","has-post-thumbnail","hentry","category-accueil-merge","category-accueil-third","category-environnement","category-social","tag-adaptation-climatique","tag-biodiversite","tag-budget","tag-carbone","tag-cgt","tag-changement-climatique","tag-eau","tag-entretien","tag-finances","tag-foret","tag-france","tag-onf","tag-pollution","tag-preservation","tag-rechauffement-climatique","tag-resilience","news-destination-homepage","news-source-website"],"_links":{"self":[{"href":"https:\/\/euapp01.newsmemory.com\/lamarseillaise\/news\/wp-json\/wp\/v2\/posts\/37890","targetHints":{"allow":["GET"]}}],"collection":[{"href":"https:\/\/euapp01.newsmemory.com\/lamarseillaise\/news\/wp-json\/wp\/v2\/posts"}],"about":[{"href":"https:\/\/euapp01.newsmemory.com\/lamarseillaise\/news\/wp-json\/wp\/v2\/types\/post"}],"author":[{"embeddable":true,"href":"https:\/\/euapp01.newsmemory.com\/lamarseillaise\/news\/wp-json\/wp\/v2\/users\/1"}],"replies":[{"embeddable":true,"href":"https:\/\/euapp01.newsmemory.com\/lamarseillaise\/news\/wp-json\/wp\/v2\/comments?post=37890"}],"version-history":[{"count":1,"href":"https:\/\/euapp01.newsmemory.com\/lamarseillaise\/news\/wp-json\/wp\/v2\/posts\/37890\/revisions"}],"predecessor-version":[{"id":37892,"href":"https:\/\/euapp01.newsmemory.com\/lamarseillaise\/news\/wp-json\/wp\/v2\/posts\/37890\/revisions\/37892"}],"wp:featuredmedia":[{"embeddable":true,"href":"https:\/\/euapp01.newsmemory.com\/lamarseillaise\/news\/wp-json\/wp\/v2\/media\/37891"}],"wp:attachment":[{"href":"https:\/\/euapp01.newsmemory.com\/lamarseillaise\/news\/wp-json\/wp\/v2\/media?parent=37890"}],"wp:term":[{"taxonomy":"category","embeddable":true,"href":"https:\/\/euapp01.newsmemory.com\/lamarseillaise\/news\/wp-json\/wp\/v2\/categories?post=37890"},{"taxonomy":"post_tag","embeddable":true,"href":"https:\/\/euapp01.newsmemory.com\/lamarseillaise\/news\/wp-json\/wp\/v2\/tags?post=37890"},{"taxonomy":"news-destination","embeddable":true,"href":"https:\/\/euapp01.newsmemory.com\/lamarseillaise\/news\/wp-json\/wp\/v2\/news-destination?post=37890"},{"taxonomy":"news-source","embeddable":true,"href":"https:\/\/euapp01.newsmemory.com\/lamarseillaise\/news\/wp-json\/wp\/v2\/news-source?post=37890"},{"taxonomy":"is_homepage","embeddable":true,"href":"https:\/\/euapp01.newsmemory.com\/lamarseillaise\/news\/wp-json\/wp\/v2\/is_homepage?post=37890"},{"taxonomy":"ta_other","embeddable":true,"href":"https:\/\/euapp01.newsmemory.com\/lamarseillaise\/news\/wp-json\/wp\/v2\/ta_other?post=37890"}],"curies":[{"name":"wp","href":"https:\/\/api.w.org\/{rel}","templated":true}]}}