{"id":37887,"date":"2026-07-30T08:41:00","date_gmt":"2026-07-30T06:41:00","guid":{"rendered":"https:\/\/euapp01.newsmemory.com\/lamarseillaise\/news\/?p=37887"},"modified":"2026-07-30T10:09:13","modified_gmt":"2026-07-30T08:09:13","slug":"a-forcalquier-pour-voir-le-film-il-faut-dabord-pedaler","status":"publish","type":"post","link":"https:\/\/euapp01.newsmemory.com\/lamarseillaise\/news\/2026\/07\/30\/a-forcalquier-pour-voir-le-film-il-faut-dabord-pedaler\/","title":{"rendered":"\u00c0 Forcalquier, pour voir le film, il faut d\u2019abord p\u00e9daler"},"content":{"rendered":"<div class=\"paragraph\">\n<p>Sensibiliser \u00e0 l\u2019utilisation du v\u00e9lo et donner acc\u00e8s \u00e0 la culture en zone rurale\u00a0: tels \u00e9taient les objectifs de la projection organis\u00e9e mercredi soir en centre-ville de Forcalquier par les associations Cin\u00e9cyclo et Mobiclou.<\/p>\n<p>Les spectateurs y sont invit\u00e9s \u00e0 p\u00e9daler pour produire l\u2019\u00e9nergie n\u00e9cessaire \u00e0 la projection, ce qui permet d\u2019ouvrir une r\u00e9flexion sur la mobilit\u00e9 en zone rurale. L\u2019id\u00e9e est de promouvoir \u00ab\u00a0<i>le v\u00e9lo comme moyen de locomotion au quotidien<\/i>\u00a0\u00bb malgr\u00e9 les difficult\u00e9s intrins\u00e8ques au territoire et le manque d\u2019am\u00e9nagements sur les routes, explique Fr\u00e9d\u00e9ric Hafner, b\u00e9n\u00e9vole chez Mobiclou. \u00ab\u00a0<i>Le v\u00e9lo \u00e9lectrique a chang\u00e9 la donne<\/i><i>\u00a0<\/i>\u00bb et a rendu la pratique du v\u00e9lo plus accessible et r\u00e9aliste dans les Alpes-de-Haute-Provence, o\u00f9 le terrain est souvent tr\u00e8s pentu, explique le b\u00e9n\u00e9vole. \u00ab\u00a0<i>On peut par exemple faire la moiti\u00e9 du trajet pour aller au travail en voiture ou en train, et l\u2019autre \u00e0 v\u00e9lo<\/i><i>\u00a0<\/i>\u00bb, avance Pierre Adnot, membre de la coll\u00e9giale de Mobiclou.<\/p>\n<p>Le film projet\u00e9 mercredi raconte \u00ab\u00a0<i>la transition de la voiture au v\u00e9lo<\/i><i>\u00a0<\/i>\u00bb, explique Tom Morel, le responsable de l\u2019antenne marseillaise de Cyn\u00e9cyclo. Il est en tourn\u00e9e et sera en projection ce soir \u00e0 Revest-des-Brousses. Son association est la seule \u00e0 organiser des projections \u00e0 l\u2019aide de l\u2019\u00e9nergie du p\u00e9dalage, selon lui. Il esp\u00e8re organiser bient\u00f4t \u00ab\u00a0<i>une tourn\u00e9e sur la montagne de Lure<\/i><i>\u00a0<\/i>\u00bb.<\/p>\n<p>L\u2019association forcalqui\u00e9renne Mobiclou fournit \u00e9galement des v\u00e9los adapt\u00e9s aux diff\u00e9rents handicaps, et initie \u00e0 l\u2019auto-r\u00e9paration. Elle s\u2019adresse aussi aux personnes qui n\u2019ont pas les moyens d\u2019avoir une voiture.<\/p>\n<\/p><\/div>\n","protected":false},"excerpt":{"rendered":"Sensibiliser &agrave; l&rsquo;utilisation du v&eacute;lo et donner acc&egrave;s &agrave; la culture en zone rurale&nbsp;: tels &eacute;taient les objectifs de la projection organis&eacute;e mercredi soir en centre-ville de Forcalquier par les &#8230;","protected":false},"author":1,"featured_media":37888,"comment_status":"open","ping_status":"open","sticky":false,"template":"","format":"standard","meta":{"footnotes":""},"categories":[20],"tags":[4768,4467,168,183,919,1144,1305,51,3805,807],"news-destination":[],"news-source":[475],"is_homepage":[],"ta_other":[],"class_list":["post-37887","post","type-post","status-publish","format-standard","has-post-thumbnail","hentry","category-societe","tag-alpes","tag-alpes-de-haute-provence","tag-association","tag-benevoles","tag-cinema","tag-cyclisme","tag-film","tag-societe","tag-territoire-rural","tag-velo","news-source-website"],"_links":{"self":[{"href":"https:\/\/euapp01.newsmemory.com\/lamarseillaise\/news\/wp-json\/wp\/v2\/posts\/37887","targetHints":{"allow":["GET"]}}],"collection":[{"href":"https:\/\/euapp01.newsmemory.com\/lamarseillaise\/news\/wp-json\/wp\/v2\/posts"}],"about":[{"href":"https:\/\/euapp01.newsmemory.com\/lamarseillaise\/news\/wp-json\/wp\/v2\/types\/post"}],"author":[{"embeddable":true,"href":"https:\/\/euapp01.newsmemory.com\/lamarseillaise\/news\/wp-json\/wp\/v2\/users\/1"}],"replies":[{"embeddable":true,"href":"https:\/\/euapp01.newsmemory.com\/lamarseillaise\/news\/wp-json\/wp\/v2\/comments?post=37887"}],"version-history":[{"count":1,"href":"https:\/\/euapp01.newsmemory.com\/lamarseillaise\/news\/wp-json\/wp\/v2\/posts\/37887\/revisions"}],"predecessor-version":[{"id":37889,"href":"https:\/\/euapp01.newsmemory.com\/lamarseillaise\/news\/wp-json\/wp\/v2\/posts\/37887\/revisions\/37889"}],"wp:featuredmedia":[{"embeddable":true,"href":"https:\/\/euapp01.newsmemory.com\/lamarseillaise\/news\/wp-json\/wp\/v2\/media\/37888"}],"wp:attachment":[{"href":"https:\/\/euapp01.newsmemory.com\/lamarseillaise\/news\/wp-json\/wp\/v2\/media?parent=37887"}],"wp:term":[{"taxonomy":"category","embeddable":true,"href":"https:\/\/euapp01.newsmemory.com\/lamarseillaise\/news\/wp-json\/wp\/v2\/categories?post=37887"},{"taxonomy":"post_tag","embeddable":true,"href":"https:\/\/euapp01.newsmemory.com\/lamarseillaise\/news\/wp-json\/wp\/v2\/tags?post=37887"},{"taxonomy":"news-destination","embeddable":true,"href":"https:\/\/euapp01.newsmemory.com\/lamarseillaise\/news\/wp-json\/wp\/v2\/news-destination?post=37887"},{"taxonomy":"news-source","embeddable":true,"href":"https:\/\/euapp01.newsmemory.com\/lamarseillaise\/news\/wp-json\/wp\/v2\/news-source?post=37887"},{"taxonomy":"is_homepage","embeddable":true,"href":"https:\/\/euapp01.newsmemory.com\/lamarseillaise\/news\/wp-json\/wp\/v2\/is_homepage?post=37887"},{"taxonomy":"ta_other","embeddable":true,"href":"https:\/\/euapp01.newsmemory.com\/lamarseillaise\/news\/wp-json\/wp\/v2\/ta_other?post=37887"}],"curies":[{"name":"wp","href":"https:\/\/api.w.org\/{rel}","templated":true}]}}