{"id":37884,"date":"2026-07-30T08:42:00","date_gmt":"2026-07-30T06:42:00","guid":{"rendered":"https:\/\/euapp01.newsmemory.com\/lamarseillaise\/news\/?p=37884"},"modified":"2026-07-30T10:09:13","modified_gmt":"2026-07-30T08:09:13","slug":"une-sapeur-pompier-de-saint-martin-de-crau-en-gironde","status":"publish","type":"post","link":"https:\/\/euapp01.newsmemory.com\/lamarseillaise\/news\/2026\/07\/30\/une-sapeur-pompier-de-saint-martin-de-crau-en-gironde\/","title":{"rendered":"Une sapeur-pompier de Saint-Martin-de-Crau en Gironde"},"content":{"rendered":"<div class=\"paragraph\">\n<p>\u00ab <i>J<\/i><i>\u2019ai toujours voulu \u00eatre utile aux autres<\/i>\u00a0\u00bb, t\u00e9moigne Sophie Houles. L\u2019assistante de direction au sein de la mairie de Saint-Martin-de-Crau raconte s\u2019\u00eatre port\u00e9e volontaire d\u00e8s le d\u00e9but des feux en Gironde, il y a maintenant neuf jours. Sapeur-pompier volontaire depuis quatre ans, la quarantenaire jongle entre son m\u00e9tier \u00e0 la mairie et ses \u00ab\u00a0<i>missions sur des urgences vitales<\/i>\u00a0\u00bb.<\/p>\n<p>Sophie Houles est partie ce jeudi matin \u00e0 cinq heures pour \u00ab\u00a0<i>prendre la rel\u00e8ve<\/i><i>\u00a0<\/i>\u00bb, \u00ab\u00a0<i>cela fait des jours que \u00e7a dure et tout le monde est \u00e9puis\u00e9<\/i>\u00a0\u00bb. La sapeur-pompier explique\u00a0: \u00ab\u00a0<i>Je peux partir gr\u00e2ce \u00e0 la convention de la mairie avec le Sdis.<\/i>\u00a0\u00bb Cet accord permet aux sapeurs-pompiers volontaires de b\u00e9n\u00e9ficier d\u2019une autorisation exceptionnelle d\u2019absence pour partir soutenir leurs coll\u00e8gues sur les feux.<\/p>\n<\/p><\/div>\n<div class=\"intext\"> \u00catre au service des autres\n              <\/div>\n<div class=\"paragraph\">\n<p>\u00ab\u00a0<i>En \u00e9levant seule des enfants, je ne pouvais pas me permettre d\u2019\u00eatre sapeur-pompier<\/i>\u00a0\u00bb, confie Sophie Houles. Aide \u00e0 domicile pour personnes \u00e2g\u00e9es, puis dans une maison de retraite, et aujourd\u2019hui assistante de direction \u00e0 la mairie, elle raconte, depuis son enfance, \u00ab\u00a0<i>avoir toujours eu cette envie d\u2019apporter mon petit truc, m\u00eame si c\u2019est minime<\/i>\u00a0\u00bb. C\u2019est ce qui l\u2019a pouss\u00e9e \u00e0 se porter volontaire chez les sapeurs-pompiers.<\/p>\n<p>\u00ab\u00a0<i>J\u2019aime beaucoup la nature et les animaux, c\u2019est aussi \u00e7a qui m\u2019a pouss\u00e9e \u00e0 me porter volontaire<\/i>\u00a0\u00bb, confie-t-elle. \u00ab\u00a0<i>Forc\u00e9ment, \u00e7a me touche de voir tous ces hectares de for\u00eats partir en fum\u00e9e<\/i>\u00a0\u00bb, ajoute Sophie Houles. Cela repr\u00e9sente \u00e9galement un \u00ab\u00a0<i>d\u00e9fi professionnel<\/i>\u00a0\u00bb pour cette originaire du Sud qui a peu fait face \u00e0 des feux dans sa carri\u00e8re.<\/p>\n<p>Bien qu\u2019elle n\u2019ait jamais parl\u00e9 \u00e0 ses enfants de cette envie de faire partie des soldats du feu, sa fille s\u2019est engag\u00e9e \u00e0 14 ans comme sapeur-pompier professionnel. Elle \u00e9tait dans le Var pour combattre les feux jusqu\u2019\u00e0 ce d\u00e9but de semaine.<\/p>\n<p>\u00ab\u00a0<i>L\u2019anxi\u00e9t\u00e9 et la peur, on les met de c\u00f4t\u00e9 lorsqu\u2019on part sur ce type de mission<\/i>\u00a0\u00bb, assure-t-elle la voix ferme. Ce qui prime pour elle, c\u2019est \u00ab\u00a0<i>ce que je vais pouvoir apporter sur <\/i><i>le terrain<\/i>\u00a0\u00bb.<\/p>\n<p><b>Gabrielle Cartellier<\/b><\/p>\n<\/p><\/div>\n","protected":false},"excerpt":{"rendered":"&laquo; J&rsquo;ai toujours voulu &ecirc;tre utile aux autres&nbsp;&raquo;, t&eacute;moigne Sophie Houles. L&rsquo;assistante de direction au sein de la mairie de Saint-Martin-de-Crau raconte s&rsquo;&ecirc;tre port&eacute;e volontaire d&egrave;s le &#8230;","protected":false},"author":1,"featured_media":37885,"comment_status":"open","ping_status":"open","sticky":false,"template":"","format":"standard","meta":{"footnotes":""},"categories":[20],"tags":[10,1080,1673,319,1396,320,2521,1674,5879,1041],"news-destination":[],"news-source":[475],"is_homepage":[],"ta_other":[],"class_list":["post-37884","post","type-post","status-publish","format-standard","has-post-thumbnail","hentry","category-societe","tag-bouches-du-rhone","tag-defi","tag-feux","tag-incendie","tag-incendies","tag-pompiers","tag-saint-martin-de-crau","tag-sapeurs-pompiers","tag-sdis","tag-sud","news-source-website"],"_links":{"self":[{"href":"https:\/\/euapp01.newsmemory.com\/lamarseillaise\/news\/wp-json\/wp\/v2\/posts\/37884","targetHints":{"allow":["GET"]}}],"collection":[{"href":"https:\/\/euapp01.newsmemory.com\/lamarseillaise\/news\/wp-json\/wp\/v2\/posts"}],"about":[{"href":"https:\/\/euapp01.newsmemory.com\/lamarseillaise\/news\/wp-json\/wp\/v2\/types\/post"}],"author":[{"embeddable":true,"href":"https:\/\/euapp01.newsmemory.com\/lamarseillaise\/news\/wp-json\/wp\/v2\/users\/1"}],"replies":[{"embeddable":true,"href":"https:\/\/euapp01.newsmemory.com\/lamarseillaise\/news\/wp-json\/wp\/v2\/comments?post=37884"}],"version-history":[{"count":1,"href":"https:\/\/euapp01.newsmemory.com\/lamarseillaise\/news\/wp-json\/wp\/v2\/posts\/37884\/revisions"}],"predecessor-version":[{"id":37886,"href":"https:\/\/euapp01.newsmemory.com\/lamarseillaise\/news\/wp-json\/wp\/v2\/posts\/37884\/revisions\/37886"}],"wp:featuredmedia":[{"embeddable":true,"href":"https:\/\/euapp01.newsmemory.com\/lamarseillaise\/news\/wp-json\/wp\/v2\/media\/37885"}],"wp:attachment":[{"href":"https:\/\/euapp01.newsmemory.com\/lamarseillaise\/news\/wp-json\/wp\/v2\/media?parent=37884"}],"wp:term":[{"taxonomy":"category","embeddable":true,"href":"https:\/\/euapp01.newsmemory.com\/lamarseillaise\/news\/wp-json\/wp\/v2\/categories?post=37884"},{"taxonomy":"post_tag","embeddable":true,"href":"https:\/\/euapp01.newsmemory.com\/lamarseillaise\/news\/wp-json\/wp\/v2\/tags?post=37884"},{"taxonomy":"news-destination","embeddable":true,"href":"https:\/\/euapp01.newsmemory.com\/lamarseillaise\/news\/wp-json\/wp\/v2\/news-destination?post=37884"},{"taxonomy":"news-source","embeddable":true,"href":"https:\/\/euapp01.newsmemory.com\/lamarseillaise\/news\/wp-json\/wp\/v2\/news-source?post=37884"},{"taxonomy":"is_homepage","embeddable":true,"href":"https:\/\/euapp01.newsmemory.com\/lamarseillaise\/news\/wp-json\/wp\/v2\/is_homepage?post=37884"},{"taxonomy":"ta_other","embeddable":true,"href":"https:\/\/euapp01.newsmemory.com\/lamarseillaise\/news\/wp-json\/wp\/v2\/ta_other?post=37884"}],"curies":[{"name":"wp","href":"https:\/\/api.w.org\/{rel}","templated":true}]}}